{"id":64041,"date":"2024-08-19T11:43:52","date_gmt":"2024-08-19T13:43:52","guid":{"rendered":"https:\/\/www2.comunitaria.com.br\/?p=64041"},"modified":"2024-08-19T11:43:52","modified_gmt":"2024-08-19T13:43:52","slug":"reta-final-ultimos-finalistas-do-municipal-de-futsal-serao-conhecidos-nesta-segunda-feira","status":"publish","type":"post","link":"https:\/\/www2.comunitaria.com.br\/en\/reta-final-ultimos-finalistas-do-municipal-de-futsal-serao-conhecidos-nesta-segunda-feira\/","title":{"rendered":"Reta final: \u00faltimos finalistas do Municipal de Futsal ser\u00e3o conhecidos nesta segunda-feira"},"content":{"rendered":"<p style=\"text-align: justify;\">Passados dois meses desde o come\u00e7o das disputas, o Campeonato Municipal Copa Marathon de Futsal, promovido pela Secretaria de Esportes, Juventude e Lazer de Frederico Westphalen, chega na reta final das disputas. Nesta segunda-feira (19), no gin\u00e1sio do Itapag\u00e9, acontecem os \u00faltimos jogos da fase semifinal, que definir\u00e3o as equipes finalistas na categoria Livre. Nas demais categorias, os finalistas j\u00e1 s\u00e3o conhecidos.<\/p>\n<p style=\"text-align: justify;\">Os \u00faltimos duelos das semifinais ser\u00e3o disputados a partir das 19h15min. Itapag\u00e9 e S\u00e3o Crist\u00f3v\u00e3o\/Noblei T\u00eaxtil iniciam as disputas da noite, enquanto Fandangos AABB\/Inter Pedras Brancas\/S\u00e9rgio Lanches e Castelinho\/Lavagem Miller fazem o confronto de encerramento. Os vencedores de cada confronto decidir\u00e3o o t\u00edtulo no pr\u00f3ximo domingo (25), a partir das 18 horas.<\/p>\n<p style=\"text-align: justify;\">Finalistas das demais categorias j\u00e1 est\u00e3o definidos<br \/>\nTamb\u00e9m no domingo (25) ser\u00e3o conhecidos os campe\u00f5es das categorias Master, Sub-17 e Feminino, cujos finalistas j\u00e1 s\u00e3o conhecidos. No Feminino, Despachante Mezzalira e Oliveira F.C. fizeram melhor campanha na primeira fase e asseguraram vaga na decis\u00e3o com anteced\u00eancia.<\/p>\n<p style=\"text-align: justify;\">No Master, o \u00faltimo finalista foi conhecido no domingo (18), em disputa emocionante. Ap\u00f3s empate em 2 a 2 no tempo normal, a equipe do Miller Lavagem venceu o Maragatos FC por 3 a 2 nas penalidades e assegurou vaga na decis\u00e3o, que ser\u00e1 disputada contra o N\u00e1utico FC.<\/p>\n<p style=\"text-align: justify;\">Os finalistas do Sub-17 tamb\u00e9m foram definidos no domingo (18). Em duelo equilibrado, Ponte Preta e Pacheco Bombas Injetoras\/Vapo FC empataram em 3 a 3. Nas penalidades, a Ponte Preta venceu por 5 a 4 e confirmou classifica\u00e7\u00e3o na final. A decis\u00e3o ser\u00e1 disputada contra o Deportivo Columbia, que superou o Bancos Futsal ap\u00f3s vit\u00f3ria por 4 a 3.<\/p>\n<p style=\"text-align: justify;\">Confira os pr\u00f3ximos jogos do Municipal de Futsal<br \/>\nSemifinais &#8211; Livre: segunda-feira, 19, a partir das 19h15min.<br \/>\n1\u00ba jogo: Itapag\u00e9 x S\u00e3o Crist\u00f3v\u00e3o\/Noblei T\u00eaxtil<br \/>\n2\u00ba jogo: Fandangos AABB\/Inter Pedras Brancas\/S\u00e9rgio Lanches x Castelinho\/Lavagem Miller<\/p>\n<p style=\"text-align: justify;\">Finais &#8211; todas as categorias: domingo, 25, a partir das 18 horas.<br \/>\nFeminino: Despachante Mezzalira x Oliveira F.C.<br \/>\nSub-17: Ponte Preta x Deportivo Columbia<br \/>\nMaster: Miller Lavagem x N\u00e1utico FC<br \/>\nLivre: Itapag\u00e9 ou S\u00e3o Crist\u00f3v\u00e3o\/Noblei T\u00eaxtil x Fandangos AABB\/Inter Pedras Brancas\/S\u00e9rgio Lanches ou Castelinho\/Lavagem&nbsp;Miller.<\/p>\n<p style=\"text-align: justify;\"><em>Fonte: Jo\u00e3o Victor Cassol\/Ascom<\/em><\/p>\n<p style=\"text-align: justify;\"><em>Foto: Mariana Della M\u00e9a&nbsp;Correa<a href=\"https:\/\/www2.comunitaria.com.br\/en\/reta-final-ultimos-finalistas-do-municipal-de-futsal-serao-conhecidos-nesta-segunda-feira\/imagem-do-whatsapp-de-2024-08-19-as-10-29-24_d3c5862a\/\" rel=\"attachment wp-att-64042\"><img loading=\"lazy\" decoding=\"async\" class=\"aligncenter size-large wp-image-64042\" src=\"http:\/\/www2.comunitaria.com.br\/wp-content\/uploads\/2024\/08\/Imagem-do-WhatsApp-de-2024-08-19-as-10.29.24_d3c5862a-1024x682.jpg\" alt=\"\" width=\"1024\" height=\"682\" srcset=\"https:\/\/www2.comunitaria.com.br\/wp-content\/uploads\/2024\/08\/Imagem-do-WhatsApp-de-2024-08-19-as-10.29.24_d3c5862a-1024x682.jpg 1024w, https:\/\/www2.comunitaria.com.br\/wp-content\/uploads\/2024\/08\/Imagem-do-WhatsApp-de-2024-08-19-as-10.29.24_d3c5862a-300x200.jpg 300w, https:\/\/www2.comunitaria.com.br\/wp-content\/uploads\/2024\/08\/Imagem-do-WhatsApp-de-2024-08-19-as-10.29.24_d3c5862a-768x512.jpg 768w, https:\/\/www2.comunitaria.com.br\/wp-content\/uploads\/2024\/08\/Imagem-do-WhatsApp-de-2024-08-19-as-10.29.24_d3c5862a-1536x1023.jpg 1536w, https:\/\/www2.comunitaria.com.br\/wp-content\/uploads\/2024\/08\/Imagem-do-WhatsApp-de-2024-08-19-as-10.29.24_d3c5862a-1200x800.jpg 1200w, https:\/\/www2.comunitaria.com.br\/wp-content\/uploads\/2024\/08\/Imagem-do-WhatsApp-de-2024-08-19-as-10.29.24_d3c5862a.jpg 1600w\" sizes=\"auto, (max-width: 1024px) 100vw, 1024px\" \/><\/a><\/em><\/p>","protected":false},"excerpt":{"rendered":"<p>Passados dois meses desde o come\u00e7o das disputas, o Campeonato Municipal Copa Marathon de Futsal, promovido pela Secretaria de Esportes, Juventude e Lazer de Frederico Westphalen, chega na reta final&#8230;<\/p>","protected":false},"author":2,"featured_media":64043,"comment_status":"closed","ping_status":"closed","sticky":false,"template":"","format":"standard","meta":{"ngg_post_thumbnail":0,"footnotes":""},"categories":[42,33],"tags":[6557,82],"class_list":["post-64041","post","type-post","status-publish","format-standard","has-post-thumbnail","hentry","category-fred-west","category-noticias","tag-campeonato-municipal-copa-marathon-de-futsal","tag-frederico-westphalen"],"amp_enabled":true,"_links":{"self":[{"href":"https:\/\/www2.comunitaria.com.br\/en\/wp-json\/wp\/v2\/posts\/64041","targetHints":{"allow":["GET"]}}],"collection":[{"href":"https:\/\/www2.comunitaria.com.br\/en\/wp-json\/wp\/v2\/posts"}],"about":[{"href":"https:\/\/www2.comunitaria.com.br\/en\/wp-json\/wp\/v2\/types\/post"}],"author":[{"embeddable":true,"href":"https:\/\/www2.comunitaria.com.br\/en\/wp-json\/wp\/v2\/users\/2"}],"replies":[{"embeddable":true,"href":"https:\/\/www2.comunitaria.com.br\/en\/wp-json\/wp\/v2\/comments?post=64041"}],"version-history":[{"count":0,"href":"https:\/\/www2.comunitaria.com.br\/en\/wp-json\/wp\/v2\/posts\/64041\/revisions"}],"wp:featuredmedia":[{"embeddable":true,"href":"https:\/\/www2.comunitaria.com.br\/en\/wp-json\/wp\/v2\/media\/64043"}],"wp:attachment":[{"href":"https:\/\/www2.comunitaria.com.br\/en\/wp-json\/wp\/v2\/media?parent=64041"}],"wp:term":[{"taxonomy":"category","embeddable":true,"href":"https:\/\/www2.comunitaria.com.br\/en\/wp-json\/wp\/v2\/categories?post=64041"},{"taxonomy":"post_tag","embeddable":true,"href":"https:\/\/www2.comunitaria.com.br\/en\/wp-json\/wp\/v2\/tags?post=64041"}],"curies":[{"name":"wp","href":"https:\/\/api.w.org\/{rel}","templated":true}]}}