{"id":63999,"date":"2024-08-17T11:36:56","date_gmt":"2024-08-17T13:36:56","guid":{"rendered":"https:\/\/www2.comunitaria.com.br\/?p=63999"},"modified":"2024-08-17T11:36:57","modified_gmt":"2024-08-17T13:36:57","slug":"fim-de-semana-sera-de-calor-e-instabilidade-no-estado","status":"publish","type":"post","link":"https:\/\/www2.comunitaria.com.br\/en\/fim-de-semana-sera-de-calor-e-instabilidade-no-estado\/","title":{"rendered":"Fim de semana ser\u00e1 de calor e instabilidade no Estado"},"content":{"rendered":"<p style=\"text-align: justify;\">O fim de semana ser\u00e1 de virada no tempo em parte do Rio Grande do Sul, quando, ap\u00f3s dias de tempo seco, a instabilidade atinge algumas regi\u00f5es.&nbsp;<strong>No s\u00e1bado (17), h\u00e1<\/strong>&nbsp;<strong>previs\u00e3o de chuva&nbsp;<\/strong>na Campanha, no Litoral e Regi\u00e3o Metropolitana. A temperatura se eleva de forma mais significativa em \u00e1reas localizadas no Norte e nas Miss\u00f5es. No&nbsp;<strong>domingo (18),&nbsp;<\/strong>Sul e o Leste tem possibilidade de&nbsp;<strong>chuva recorrente ao longo do dia.<\/strong><\/p>\n<p style=\"text-align: justify;\">Segundo a Climatempo, no s\u00e1bado, munic\u00edpios como<strong>&nbsp;S\u00e3o Luiz Gonzaga,&nbsp;<\/strong>nas Miss\u00f5es,<strong>&nbsp;Passo Fundo<\/strong>, no Norte,<strong>&nbsp;<\/strong>e<strong>&nbsp;Santa Rosa<\/strong>, no Noroeste, ter\u00e3o eleva\u00e7\u00e3o significativa na temperatura.&nbsp;<strong>Vicente Dutra&nbsp;<\/strong>e<strong>&nbsp;Novo Tiradentes<\/strong>, no Norte, registra a m\u00e1xima:<strong>&nbsp;34\u00b0C<\/strong>. A m\u00ednima \u00e9 registrada em&nbsp;<strong>Pedras Altas<\/strong>, no Sul, com&nbsp;<strong>6\u00b0C.<\/strong>&nbsp;Em&nbsp;<strong>Porto Alegre<\/strong>, os term\u00f4metros variam de&nbsp;<strong>14\u00b0C&nbsp;<\/strong>a<strong>&nbsp;21\u00b0C.<\/strong><\/p>\n<p style=\"text-align: justify;\">No Sul e no Leste a<strong>&nbsp;circula\u00e7\u00e3o de umidade deve estimular a forma\u00e7\u00e3o de nuvens carregadas<\/strong>&nbsp;em \u00e1reas que percorrem a Campanha, o Sul, o Litoral Sul e a Regi\u00e3o Metropolitana. Nestas localidades, h\u00e1&nbsp;<strong>risco de epis\u00f3dios recorrentes de chuva ao longo das horas.&nbsp;<\/strong>N\u00e3o h\u00e1 expectativa de volumes expressivos. No&nbsp;<strong>Litoral Norte<\/strong>&nbsp;o dia deve amanhecer com predom\u00ednio de tempo firme, mas entre a tarde e noite, haver\u00e1&nbsp;<strong>condi\u00e7\u00f5es para chuva leve<\/strong>. Nas demais regi\u00f5es, o tempo est\u00e1vel se mant\u00e9m.&nbsp;<\/p>\n<div class=\"article-paragraph\" style=\"text-align: justify;\">\n<p><strong>No domingo<\/strong>, a&nbsp;<strong>instabilidade persiste&nbsp;<\/strong>sobre as regi\u00f5es Sul e Leste. Haver\u00e1&nbsp;<strong>condi\u00e7\u00f5es para chuva recorrente<\/strong>&nbsp;ao longo do dia em \u00e1reas da<strong>&nbsp;Campanha, no Sul, Litoral e Regi\u00e3o Metropolitana.<\/strong>&nbsp;Destaque para&nbsp;<strong>chuva se intensificando<\/strong>&nbsp;na Campanha e no litoral do Estado.&nbsp;<\/p>\n<\/div>\n<div class=\"article-paragraph\">\n<p style=\"text-align: justify;\">A m\u00e1xima \u00e9 registrada novamente em&nbsp;<strong>Vicente Dutra<\/strong>, no Norte, com&nbsp;<strong>35\u00b0C<\/strong>. O munic\u00edpio de&nbsp;<strong>Pedras Altas<\/strong>, no Sul, registra a m\u00ednima: 8\u00b0C. Na&nbsp;<strong>Capital<\/strong>, a temperatura varia de&nbsp;<strong>15\u00b0C&nbsp;<\/strong>a<strong>&nbsp;24\u00b0C.<\/strong><\/p>\n<div class=\"article-paragraph\" style=\"text-align: justify;\">\n<p>Os&nbsp;<strong>maiores acumulados<\/strong>&nbsp;s\u00e3o apontados para&nbsp;<strong>S\u00e3o Francisco de Assis,<\/strong>&nbsp;na Fronteira Oeste, com&nbsp;<strong>16 mil\u00edmetros<\/strong>. Isto equivale a&nbsp;<strong>10% da m\u00e9dia hist\u00f3rica<\/strong>&nbsp;esperada para o m\u00eas. Em&nbsp;<strong>Porto Alegre<\/strong>, s\u00e3o esperados<strong>&nbsp;4mm,&nbsp;<\/strong>que representa<strong>&nbsp;3% da m\u00e9dia esperada.<\/strong><\/p>\n<\/div>\n<div class=\"article-paragraph\" style=\"text-align: justify;\">\n<h4><strong>Veja a previs\u00e3o do tempo para a sua regi\u00e3o neste final de semana:<\/strong><\/h4>\n<\/div>\n<div class=\"article-paragraph\">\n<ul>\n<li class=\"unordered-list-item\" style=\"text-align: justify;\"><strong>Regi\u00e3o Metropolitana:&nbsp;<\/strong>o fim de semana ter\u00e1 tempo fechado, com sol entre nuvens no s\u00e1bado e chuva no domingo.&nbsp;Em&nbsp;<strong>Viam\u00e3o<\/strong>, os term\u00f4metros variam de 11\u00b0C a 21\u00b0C no s\u00e1bado e de 14\u00b0C a 24\u00b0C no domingo.<\/li>\n<li class=\"unordered-list-item\" style=\"text-align: justify;\"><strong>Campanha:&nbsp;<\/strong>o fim de semana ter\u00e1 tempo inst\u00e1vel, com sol entre nuvens e chuva. Em&nbsp;<strong>Bag\u00e9<\/strong>, os term\u00f4metros variam de 11\u00b0C a 17\u00b0C no s\u00e1bado e de 13\u00b0C a 20\u00b0C no domingo.<\/li>\n<li class=\"unordered-list-item\" style=\"text-align: justify;\"><strong>Fronteira Oeste:<\/strong>&nbsp;o fim de semana ter\u00e1 tempo firme, com sol entre nuvens no s\u00e1bado e dia de sol, com n\u00e9voa ao amanhecer, no domingo. Em&nbsp;<strong>Uruguaiana<\/strong>, os term\u00f4metros variam de 15\u00b0C a 23\u00b0C no s\u00e1bado e de 14\u00b0C a 24\u00b0C no domingo.<\/li>\n<li class=\"unordered-list-item\" style=\"text-align: justify;\"><strong>Litoral Norte:<\/strong>&nbsp;o fim de semana ter\u00e1 tempo fechado, com per\u00edodos de sol entre nuvens.&nbsp;Em&nbsp;<strong>Torres<\/strong>, os term\u00f4metros variam de 13\u00b0C a 21\u00b0C no s\u00e1bado e de 15\u00b0C a 24\u00b0C no domingo.<\/li>\n<li class=\"unordered-list-item\" style=\"text-align: justify;\"><strong>Litoral Sul:<\/strong>&nbsp;o fim de semana ter\u00e1 tempo fechado, com per\u00edodos de sol entre nuvens e chuva. Em&nbsp;<strong>Rio Grande<\/strong>, os term\u00f4metros variam de 12\u00b0C a 16\u00b0C no s\u00e1bado e de 13\u00b0C a 19\u00b0C no domingo.<\/li>\n<li class=\"unordered-list-item\" style=\"text-align: justify;\"><strong>Regi\u00e3o Central:<\/strong>&nbsp;o fim de semana ter\u00e1 sol entre nuvens com chuva a qualquer hora. Em&nbsp;<strong>Santa Maria<\/strong>, os term\u00f4metros variam de 14\u00b0C a 21\u00b0C no s\u00e1bado e de 15\u00b0C a 27\u00b0C no domingo.<\/li>\n<li class=\"unordered-list-item\" style=\"text-align: justify;\"><strong>Regi\u00e3o Noroeste:<\/strong>&nbsp;o fim de semana ter\u00e1 tempo ensolarado.&nbsp;Em&nbsp;<strong>Iju\u00ed<\/strong>, os term\u00f4metros variam de 17\u00b0C a 28\u00b0C no s\u00e1bado e 18\u00b0C a 29\u00b0C no domingo.<\/li>\n<li class=\"unordered-list-item\" style=\"text-align: justify;\"><strong>Regi\u00e3o Norte:<\/strong>&nbsp;o fim de semana ter\u00e1 tempo ensolarado. Em&nbsp;<strong>Erechim<\/strong>, os term\u00f4metros variam de 15\u00b0C a 27\u00b0C no s\u00e1bado e 15\u00b0C a 28\u00b0C no domingo.<\/li>\n<li>\n<div class=\"article-paragraph\" style=\"text-align: justify;\">\n<ul>\n<li class=\"unordered-list-item\"><strong>Regi\u00e3o Sul:<\/strong>&nbsp;o fim de semana ter\u00e1 tempo inst\u00e1vel, com sol entre nuvens e chuva a qualquer hora. Em&nbsp;<strong>Cangu\u00e7u<\/strong>, os term\u00f4metros variam de 8\u00b0C a 13\u00b0C no s\u00e1bado e de 10\u00b0C a 16\u00b0C no domingo.<\/li>\n<li class=\"unordered-list-item\"><strong>Serra:<\/strong>&nbsp;o fim de semana ser\u00e1 de tempo ensolarado. Em&nbsp;<strong>Bento Gon\u00e7alves<\/strong>, os term\u00f4metros variam de 14\u00b0C a 29\u00b0C no s\u00e1bado e de 15\u00b0C a 30\u00b0C no domingo.<\/li>\n<\/ul>\n<\/div>\n<div class=\"article-paragraph\">\n<h4 style=\"text-align: justify;\"><strong>Veja como deve ficar o tempo em algumas cidades neste s\u00e1bado (17):<\/strong><\/h4>\n<ul>\n<li class=\"unordered-list-item\" style=\"text-align: justify;\"><strong>Porto Alegre:&nbsp;<\/strong>sol entre nuvens.<strong>&nbsp;<\/strong>M\u00ednima de 14\u00b0C e m\u00e1xima de 21\u00b0C.<\/li>\n<li class=\"unordered-list-item\" style=\"text-align: justify;\"><strong>Bag\u00e9:&nbsp;<\/strong>sol entre nuvens, chuva a qualquer hora.&nbsp;M\u00ednima de 11\u00b0C e m\u00e1xima de 17\u00b0C.<\/li>\n<li class=\"unordered-list-item\" style=\"text-align: justify;\"><strong>Cap\u00e3o da Canoa:<\/strong>&nbsp;sol entre nuvens. M\u00ednima de 15\u00b0C e m\u00e1xima de 20\u00b0C.<\/li>\n<li class=\"unordered-list-item\" style=\"text-align: justify;\"><strong>Caxias do Sul:&nbsp;<\/strong>sol entre nuvens. M\u00ednima de 17\u00b0C e m\u00e1xima de 28\u00b0C.<\/li>\n<li class=\"unordered-list-item\" style=\"text-align: justify;\"><strong>Erechim:&nbsp;<\/strong>sol entre nuvens. M\u00ednima de 15\u00b0C e m\u00e1xima de 27\u00b0C.<\/li>\n<li class=\"unordered-list-item\" style=\"text-align: justify;\"><strong>Lajeado:<\/strong>&nbsp;sol entre nuvens. M\u00ednima de 15\u00b0C e m\u00e1xima de 22\u00b0C.<\/li>\n<li class=\"unordered-list-item\" style=\"text-align: justify;\"><strong>Mostardas:&nbsp;<\/strong>sol entre nuvens, chuva a qualquer hora.&nbsp;M\u00ednima de 14\u00b0C e m\u00e1xima de 18\u00b0C.<\/li>\n<li class=\"unordered-list-item\" style=\"text-align: justify;\"><strong>Passo Fundo:&nbsp;<\/strong>sol entre nuvens. M\u00ednima de 15\u00b0C e m\u00e1xima de 28\u00b0C.<\/li>\n<li class=\"unordered-list-item\" style=\"text-align: justify;\"><strong>Pelotas:<\/strong>&nbsp;sol entre nuvens, chuva a qualquer hora. M\u00ednima de 9\u00b0C e m\u00e1xima de 17\u00b0C.<\/li>\n<li class=\"unordered-list-item\" style=\"text-align: justify;\"><strong>Rio Grande:<\/strong>&nbsp;sol entre nuvens, chuva a qualquer hora. M\u00ednima de 12\u00b0C e m\u00e1xima de 16\u00b0C.<\/li>\n<li class=\"unordered-list-item\" style=\"text-align: justify;\"><strong>S\u00e3o Borja:<\/strong>&nbsp;tempo ensolarado. M\u00ednima de 18\u00b0C e m\u00e1xima de 30\u00b0C.<\/li>\n<li class=\"unordered-list-item\" style=\"text-align: justify;\"><strong>Santa Cruz do Sul:<\/strong>&nbsp;sol entre nuvens, chuva a qualquer hora.&nbsp;M\u00ednima de 15\u00b0C e m\u00e1xima de 23\u00b0C.<\/li>\n<li class=\"unordered-list-item\" style=\"text-align: justify;\"><strong>Santa Maria:&nbsp;<\/strong>sol entre nuvens, chuva a qualquer hora.&nbsp;M\u00ednima de 14\u00b0C e m\u00e1xima de 21\u00b0C.<\/li>\n<li class=\"unordered-list-item\" style=\"text-align: justify;\"><strong>Santa Rosa:&nbsp;<\/strong>tempo ensolarado. M\u00ednima de 19\u00b0C e m\u00e1xima de 30\u00b0C.<\/li>\n<li class=\"unordered-list-item\" style=\"text-align: justify;\"><strong>Torres:<\/strong>&nbsp;sol entre nuvens. M\u00ednima de 13\u00b0C e m\u00e1xima de 21\u00b0C.<\/li>\n<li class=\"unordered-list-item\" style=\"text-align: justify;\"><strong>Tramanda\u00ed:&nbsp;<\/strong>sol entre nuvens, chuva ao longo do dia. M\u00ednima de 15\u00b0C e m\u00e1xima de 19\u00b0C.<\/li>\n<li>\n<div class=\"article-paragraph\" style=\"text-align: justify;\">\n<ul>\n<li class=\"unordered-list-item\"><strong>Uruguaiana:&nbsp;<\/strong>sol entre nuvens. M\u00ednima de 15\u00b0C e m\u00e1xima de 23\u00b0C.<\/li>\n<li class=\"unordered-list-item\"><strong>Xangri-l\u00e1:<\/strong>&nbsp;sol entre nuvens, chuva a qualquer hora. M\u00ednima de 15\u00b0C e m\u00e1xima de 18\u00b0C.<\/li>\n<\/ul>\n<\/div>\n<div class=\"article-paragraph\" style=\"text-align: justify;\">\n<h4><strong>Veja como deve ficar o tempo em algumas cidades neste domingo (18):<\/strong><\/h4>\n<\/div>\n<div class=\"article-paragraph\">\n<ul style=\"text-align: justify;\">\n<li class=\"unordered-list-item\"><strong>Porto Alegre:&nbsp;<\/strong>sol entre nuvens, chuva a qualquer hora.<strong>&nbsp;<\/strong>M\u00ednima de 15\u00b0C e m\u00e1xima de 24\u00b0C.<\/li>\n<li class=\"unordered-list-item\"><strong>Bag\u00e9:&nbsp;<\/strong>sol entre nuvens, chuva a qualquer hora.&nbsp;M\u00ednima de 13\u00b0C e m\u00e1xima de 20\u00b0C.<\/li>\n<li class=\"unordered-list-item\"><strong>Cap\u00e3o da Canoa:<\/strong>&nbsp;sol entre nuvens, chuva ao longo do dia. M\u00ednima de 17\u00b0C e m\u00e1xima de 24\u00b0C.<\/li>\n<li class=\"unordered-list-item\"><strong>Caxias do Sul:&nbsp;<\/strong>sol entre nuvens. M\u00ednima de 18\u00b0C e m\u00e1xima de 29\u00b0C.<\/li>\n<li class=\"unordered-list-item\"><strong>Erechim:&nbsp;<\/strong>sol entre nuvens. M\u00ednima de 15\u00b0C e m\u00e1xima de 28\u00b0C.<\/li>\n<li class=\"unordered-list-item\"><strong>Lajeado:<\/strong>&nbsp;sol entre nuvens, chuva a qualquer hora. M\u00ednima de 17\u00b0C e m\u00e1xima de 25\u00b0C.<\/li>\n<li class=\"unordered-list-item\"><strong>Mostardas:&nbsp;<\/strong>sol entre nuvens, chuva a qualquer hora.&nbsp;M\u00ednima de 16\u00b0C e m\u00e1xima de 21\u00b0C.<\/li>\n<li class=\"unordered-list-item\"><strong>Passo Fundo:&nbsp;<\/strong>sol entre nuvens. M\u00ednima de 16\u00b0C e m\u00e1xima de 28\u00b0C.<\/li>\n<li class=\"unordered-list-item\"><strong>Pelotas:<\/strong>&nbsp;sol entre nuvens, chuva a qualquer hora. M\u00ednima de 11\u00b0C e m\u00e1xima de 20\u00b0C.<\/li>\n<li class=\"unordered-list-item\"><strong>Rio Grande:<\/strong> sol entre nuvens, chuva a qualquer hora. M\u00ednima de 13\u00b0C e m\u00e1xima de 19\u00b0C.<\/li>\n<li class=\"unordered-list-item\"><strong>S\u00e3o Borja:<\/strong>&nbsp;tempo ensolarado. M\u00ednima de 19\u00b0C e m\u00e1xima de 31\u00b0C.<\/li>\n<li class=\"unordered-list-item\"><strong>Santa Cruz do Sul:<\/strong>&nbsp;sol entre nuvens, chuva a qualquer hora. M\u00ednima de 17\u00b0C e m\u00e1xima de 25\u00b0C.<\/li>\n<li class=\"unordered-list-item\"><strong>Santa Maria:&nbsp;<\/strong>sol entre nuvens, chuva pela manh\u00e3. M\u00ednima de 15\u00b0C e m\u00e1xima de 27\u00b0C.<\/li>\n<li class=\"unordered-list-item\"><strong>Santa Rosa:<\/strong>&nbsp;tempo ensolarado. M\u00ednima de 20\u00b0C e m\u00e1xima de 31\u00b0C.<\/li>\n<li class=\"unordered-list-item\"><strong>Torres:<\/strong>&nbsp;sol entre nuvens, chuva ao longo do dia. M\u00ednima de 15\u00b0C e m\u00e1xima de 24\u00b0C.<\/li>\n<li class=\"unordered-list-item\"><strong>Tramanda\u00ed:&nbsp;<\/strong>sol entre nuvens. M\u00ednima de 17\u00b0C e m\u00e1xima de 20\u00b0C.<\/li>\n<li class=\"unordered-list-item\"><strong>Uruguaiana:&nbsp;<\/strong>sol entre nuvens. M\u00ednima de 14\u00b0C e m\u00e1xima de 24\u00b0C.<\/li>\n<li class=\"unordered-list-item\"><strong>Xangri-l\u00e1:<\/strong> sol entre nuvens, chuva ao longo do dia. M\u00ednima de 17\u00b0C e m\u00e1xima de 22\u00b0C.&nbsp;<\/li>\n<\/ul>\n<p style=\"text-align: justify;\"><em>Fonte: GZH<\/em><\/p>\n<p style=\"text-align: justify;\"><em>Foto: Duda Fortes<a href=\"https:\/\/www2.comunitaria.com.br\/en\/fim-de-semana-sera-de-calor-e-instabilidade-no-estado\/5018655_a6a4feab36c27b8\/\" rel=\"attachment wp-att-64000\"><img loading=\"lazy\" decoding=\"async\" class=\"aligncenter size-full wp-image-64000\" src=\"http:\/\/www2.comunitaria.com.br\/wp-content\/uploads\/2024\/08\/5018655_a6a4feab36c27b8.jpg\" alt=\"\" width=\"600\" height=\"400\" srcset=\"https:\/\/www2.comunitaria.com.br\/wp-content\/uploads\/2024\/08\/5018655_a6a4feab36c27b8.jpg 600w, https:\/\/www2.comunitaria.com.br\/wp-content\/uploads\/2024\/08\/5018655_a6a4feab36c27b8-300x200.jpg 300w\" sizes=\"auto, (max-width: 600px) 100vw, 600px\" \/><\/a><\/em><\/p>\n<\/div>\n<\/li>\n<\/ul>\n<\/div>\n<\/li>\n<\/ul>\n<\/div>\n<\/div>","protected":false},"excerpt":{"rendered":"<p>O fim de semana ser\u00e1 de virada no tempo em parte do Rio Grande do Sul, quando, ap\u00f3s dias de tempo seco, a instabilidade atinge algumas regi\u00f5es.&nbsp;No s\u00e1bado (17), h\u00e1&nbsp;previs\u00e3o de chuva&nbsp;na Campanha, no Litoral e Regi\u00e3o Metropolitana. A temperatura se eleva de forma mais significativa em \u00e1reas localizadas no Norte e nas Miss\u00f5es. No&nbsp;domingo<\/p>\n<div class=\"read-more-wrapper\"><a class=\"read-more\" href=\"https:\/\/www2.comunitaria.com.br\/en\/fim-de-semana-sera-de-calor-e-instabilidade-no-estado\/\" title=\"Read More\"> <span class=\"button\">Read More<\/span><\/a><\/div>","protected":false},"author":2,"featured_media":64000,"comment_status":"closed","ping_status":"closed","sticky":false,"template":"","format":"standard","meta":{"ngg_post_thumbnail":0,"footnotes":""},"categories":[46,42,33,43],"tags":[179],"class_list":["post-63999","post","type-post","status-publish","format-standard","has-post-thumbnail","hentry","category-estado","category-fred-west","category-noticias","category-regiao","tag-previsao-do-tempo-2"],"amp_enabled":true,"_links":{"self":[{"href":"https:\/\/www2.comunitaria.com.br\/en\/wp-json\/wp\/v2\/posts\/63999","targetHints":{"allow":["GET"]}}],"collection":[{"href":"https:\/\/www2.comunitaria.com.br\/en\/wp-json\/wp\/v2\/posts"}],"about":[{"href":"https:\/\/www2.comunitaria.com.br\/en\/wp-json\/wp\/v2\/types\/post"}],"author":[{"embeddable":true,"href":"https:\/\/www2.comunitaria.com.br\/en\/wp-json\/wp\/v2\/users\/2"}],"replies":[{"embeddable":true,"href":"https:\/\/www2.comunitaria.com.br\/en\/wp-json\/wp\/v2\/comments?post=63999"}],"version-history":[{"count":0,"href":"https:\/\/www2.comunitaria.com.br\/en\/wp-json\/wp\/v2\/posts\/63999\/revisions"}],"wp:featuredmedia":[{"embeddable":true,"href":"https:\/\/www2.comunitaria.com.br\/en\/wp-json\/wp\/v2\/media\/64000"}],"wp:attachment":[{"href":"https:\/\/www2.comunitaria.com.br\/en\/wp-json\/wp\/v2\/media?parent=63999"}],"wp:term":[{"taxonomy":"category","embeddable":true,"href":"https:\/\/www2.comunitaria.com.br\/en\/wp-json\/wp\/v2\/categories?post=63999"},{"taxonomy":"post_tag","embeddable":true,"href":"https:\/\/www2.comunitaria.com.br\/en\/wp-json\/wp\/v2\/tags?post=63999"}],"curies":[{"name":"wp","href":"https:\/\/api.w.org\/{rel}","templated":true}]}}