{"id":63950,"date":"2024-08-16T17:21:28","date_gmt":"2024-08-16T19:21:28","guid":{"rendered":"https:\/\/www2.comunitaria.com.br\/?p=63950"},"modified":"2024-08-16T17:21:28","modified_gmt":"2024-08-16T19:21:28","slug":"gremio-iguala-maior-sequencia-invicta-do-ano-e-tenta-manter-embalo-com-reservas","status":"publish","type":"post","link":"https:\/\/www2.comunitaria.com.br\/en\/gremio-iguala-maior-sequencia-invicta-do-ano-e-tenta-manter-embalo-com-reservas\/","title":{"rendered":"Gr\u00eamio iguala maior sequ\u00eancia invicta do ano e tenta manter embalo com reservas"},"content":{"rendered":"<p style=\"text-align: justify;\">O&nbsp;Gr\u00eamio&nbsp;largou na frente na disputa de oitavas de final da Libertadores, contra o Fluminense, e confirmou o momento de retomada na temporada. S\u00e3o oito jogos em sequ\u00eancia sem derrota, apesar da elimina\u00e7\u00e3o na Copa do Brasil, sofrida ap\u00f3s dois empates no tempo normal. A s\u00e9rie iguala o maior per\u00edodo invicto do ano, ainda durante o Gauch\u00e3o.<\/p>\n<p style=\"text-align: justify;\">Na ocasi\u00e3o, o Gr\u00eamio acumulou seis vit\u00f3rias e dois empates em oito partidas. Atualmente, s\u00e3o cinco triunfos e tr\u00eas empates, todos com o Corinthians, incluindo a queda nos p\u00eanaltis no torneio nacional.<\/p>\n<div id=\"chunk-6v604\" style=\"text-align: justify;\">\n<div class=\"mc-column content-text active-extra-styles\" data-block-type=\"unstyled\" data-block-weight=\"54\" data-block-id=\"7\">\n<p class=\"content-text__container\" data-track-category=\"Link no Texto\" data-track-links=\"\">Para seguir no embalo, o time ter\u00e1 novo desafio com reservas. No s\u00e1bado, o Gr\u00eamio recebe o Bahia em Caxias do Sul, a tr\u00eas dias do jogo de volta da Conmebol Libertadores com o Fluminense, no Maracan\u00e3. Por isso, o t\u00e9cnico Renato Portaluppi ir\u00e1 poupar titulares de novo, mas tem tido resultado no Brasileiro.<\/p>\n<\/div>\n<\/div>\n<div id=\"chunk-o6l3\">\n<div class=\"block-podcast\" style=\"text-align: justify;\">A dura sequ\u00eancia de jogos, a cada tr\u00eas ou quatro dias, somada \u00e0s decis\u00f5es nas copas, fez o Gr\u00eamio modificar a equipe nos \u00faltimos dois compromissos no certame nacional, ambos fora de casa. Mesmo assim, o time conquistou duas vit\u00f3rias, contra Athletico e Cuiab\u00e1.<\/div>\n<div>\n<div id=\"chunk-f3pe3\" style=\"text-align: justify;\">\n<div class=\"mc-column content-text active-extra-styles\" data-block-type=\"unstyled\" data-block-weight=\"53\" data-block-id=\"13\">\n<p class=\"content-text__container\" data-track-category=\"Link no Texto\" data-track-links=\"\">Os resultados serviram n\u00e3o apenas para tirar o time do Z-4, mas tamb\u00e9m tirar dist\u00e2ncia dos quatro \u00faltimos. Neste momento, os ga\u00fachos t\u00eam quatro pontos \u00e0 frente do 17\u00ba colocado e pelo menos duas vit\u00f3rias a mais do que todos dentro da zona de rebaixamento, e com um ou dois jogos a menos.<\/p>\n<\/div>\n<\/div>\n<div id=\"chunk-dmngq\">\n<div class=\"mc-column content-text active-extra-styles\" data-block-type=\"unstyled\" data-block-weight=\"43\" data-block-id=\"14\">\n<p class=\"content-text__container\" style=\"text-align: justify;\" data-track-category=\"Link no Texto\" data-track-links=\"\">O duelo servir\u00e1 para dar nova chance a suplentes. Casos, por exemplo, dos atacantes Arezo e Aravena, rec\u00e9m-chegados que somam poucos minutos e ainda n\u00e3o foram titulares com Renato. Monsalve deve voltar a come\u00e7ar uma partida, como aconteceu nas duas \u00faltimas no Brasileiro.<\/p>\n<div id=\"chunk-727q7\" style=\"text-align: justify;\">\n<div class=\"mc-column content-text active-extra-styles\" data-block-type=\"unstyled\" data-block-weight=\"49\" data-block-id=\"17\">\n<p class=\"content-text__container\" data-track-category=\"Link no Texto\" data-track-links=\"\">Al\u00e9m do mais, o encontro com o Bahia ser\u00e1 o \u00faltimo do Gr\u00eamio longe da Arena. O jogo chegou a ser cogitado para ocorrer em Porto Alegre, mas a previs\u00e3o inicial de reabertura do est\u00e1dio se manteve para o dia 1\u00ba de setembro, quando o Tricolor recebe o Atl\u00e9tico-MG.<\/p>\n<\/div>\n<\/div>\n<div id=\"chunk-7oo6r\" style=\"text-align: justify;\">\n<div class=\"mc-column content-text active-extra-styles\" data-block-type=\"unstyled\" data-block-weight=\"8\" data-block-id=\"18\">\n<p class=\"content-text__container\" data-track-category=\"Link no Texto\" data-track-links=\"\"><strong>Sequ\u00eancia invicta do Gr\u00eamio no in\u00edcio do ano:<\/strong><\/p>\n<\/div>\n<\/div>\n<div id=\"chunk-3uvj9\" style=\"text-align: justify;\">\n<div class=\"mc-column content-text active-extra-styles\" data-block-type=\"raw\" data-block-weight=\"52\" data-block-id=\"19\">\n<ul class=\"content-unordered-list\">\n<li><strong>Gr\u00eamio 4&#215;1 S\u00e3o Jos\u00e9<\/strong>&nbsp;(2\u00aa rodada Gauch\u00e3o)<\/li>\n<li><strong>Brasil-Pel 0x1 Gr\u00eamio<\/strong>&nbsp;(3\u00aa rodada Gauch\u00e3o)<\/li>\n<li><strong>Gr\u00eamio 1&#215;0 Juventude<\/strong>&nbsp;(4\u00aa rodada Gauch\u00e3o)<\/li>\n<li><strong>Avenida 0x1 Gr\u00eamio<\/strong>&nbsp;(5\u00aa rodada Gauch\u00e3o)<\/li>\n<li><strong>Gr\u00eamio 2&#215;0 Novo Hamburgo<\/strong>&nbsp;(6\u00aa rodada Gauch\u00e3o)<\/li>\n<li><strong>Gr\u00eamio 1&#215;1 S\u00e3o Luiz<\/strong>&nbsp;(7\u00aa rodada Gauch\u00e3o)<\/li>\n<li><strong>Ypiranga 0x0 Gr\u00eamio<\/strong>&nbsp;(8\u00aa rodada Gauch\u00e3o)<\/li>\n<li><strong>Gr\u00eamio 6&#215;2 Santa Cruz<\/strong>&nbsp;(9\u00aa rodada Gauch\u00e3o)<\/li>\n<\/ul>\n<\/div>\n<\/div>\n<div id=\"chunk-8vom0\" style=\"text-align: justify;\">\n<div class=\"mc-column content-text active-extra-styles\" data-block-type=\"unstyled\" data-block-weight=\"5\" data-block-id=\"20\">\n<p class=\"content-text__container\" data-track-category=\"Link no Texto\" data-track-links=\"\"><strong>Atual sequ\u00eancia invicta do Gr\u00eamio:<\/strong><\/p>\n<\/div>\n<\/div>\n<div id=\"chunk-amcch\" style=\"text-align: justify;\">\n<div class=\"mc-column content-text active-extra-styles\" data-block-type=\"raw\" data-block-weight=\"55\" data-block-id=\"21\">\n<ul class=\"content-unordered-list\">\n<li><strong>Gr\u00eamio 2&#215;0 Vit\u00f3ria<\/strong>&nbsp;(18\u00aa rodada Brasileir\u00e3o)<\/li>\n<li><strong>Corinthians 2&#215;2 Gr\u00eamio<\/strong>&nbsp;(19\u00aa rodada Brasileir\u00e3o)<\/li>\n<li><strong>Gr\u00eamio 1&#215;0 Vasco<\/strong>&nbsp;(20\u00aa rodada Brasileir\u00e3o)<\/li>\n<li><strong>Corinthians 0x0 Gr\u00eamio<\/strong>&nbsp;(ida das oitavas Copa do Brasil)<\/li>\n<li><strong>Athletico-PR 0x2 Gr\u00eamio<\/strong>&nbsp;(21\u00aa rodada Brasileir\u00e3o)<\/li>\n<li><strong>Gr\u00eamio 0x0 Corinthians<\/strong>&nbsp;(volta das oitavas Copa do Brasil)<\/li>\n<li><strong>Cuiab\u00e1 1&#215;3 Gr\u00eamio<\/strong>&nbsp;(22\u00aa rodada Brasileir\u00e3o)<\/li>\n<li><strong>Gr\u00eamio 2&#215;1 Fluminense<\/strong>&nbsp;(ida das oitavas Libertadores)<\/li>\n<\/ul>\n<\/div>\n<\/div>\n<div id=\"chunk-2mbna\">\n<div class=\"mc-column content-text active-extra-styles\" data-block-type=\"unstyled\" data-block-weight=\"46\" data-block-id=\"22\">\n<p class=\"content-text__container\" style=\"text-align: justify;\" data-track-category=\"Link no Texto\" data-track-links=\"\">O Alfredo Jaconi ser\u00e1 o local de mando provis\u00f3rio do Gr\u00eamio. A quinta &#8220;casa&#8221; diferente do clube em quase tr\u00eas meses itinerante desde a impossibilidade de utilizar a Arena pelo impacto das enchentes no RS. Couto Pereira, Kleber Andrade, Centen\u00e1rio e Arena Cond\u00e1 foram os demais.<\/p>\n<p style=\"text-align: justify;\" data-track-category=\"Link no Texto\" data-track-links=\"\">O elenco gremista realiza o \u00faltimo treinamento na manh\u00e3 desta sexta-feira, no CT Luiz Carvalho. No come\u00e7o da tarde, viaja para Caxias do Sul, onde recebe o Bahia \u00e0s 16h de s\u00e1bado, na abertura da 23\u00aa rodada.<\/p>\n<p data-track-category=\"Link no Texto\" data-track-links=\"\"><em>Fonte: ge RS<\/em><\/p>\n<p data-track-category=\"Link no Texto\" data-track-links=\"\"><em>Foto: Lucas Uebel\/Gr\u00eamio<a href=\"https:\/\/www2.comunitaria.com.br\/en\/gremio-iguala-maior-sequencia-invicta-do-ano-e-tenta-manter-embalo-com-reservas\/arezo-monsalve-treino-gremio\/\" rel=\"attachment wp-att-63951\"><img loading=\"lazy\" decoding=\"async\" class=\"aligncenter size-full wp-image-63951\" src=\"http:\/\/www2.comunitaria.com.br\/wp-content\/uploads\/2024\/08\/arezo-monsalve-treino-gremio.avif\" alt=\"\" width=\"640\" height=\"427\"><\/a><\/em><\/p>\n<\/div>\n<\/div>\n<\/div>\n<\/div>\n<\/div>\n<\/div>","protected":false},"excerpt":{"rendered":"<p>O&nbsp;Gr\u00eamio&nbsp;largou na frente na disputa de oitavas de final da Libertadores, contra o Fluminense, e confirmou o momento de retomada na temporada. S\u00e3o oito jogos em sequ\u00eancia sem derrota, apesar da elimina\u00e7\u00e3o na Copa do Brasil, sofrida ap\u00f3s dois empates no tempo normal. A s\u00e9rie iguala o maior per\u00edodo invicto do ano, ainda durante o<\/p>\n<div class=\"read-more-wrapper\"><a class=\"read-more\" href=\"https:\/\/www2.comunitaria.com.br\/en\/gremio-iguala-maior-sequencia-invicta-do-ano-e-tenta-manter-embalo-com-reservas\/\" title=\"Read More\"> <span class=\"button\">Read More<\/span><\/a><\/div>","protected":false},"author":2,"featured_media":63951,"comment_status":"closed","ping_status":"closed","sticky":false,"template":"","format":"standard","meta":{"ngg_post_thumbnail":0,"footnotes":""},"categories":[46,33],"tags":[294,6528],"class_list":["post-63950","post","type-post","status-publish","format-standard","has-post-thumbnail","hentry","category-estado","category-noticias","tag-gremio","tag-libertadores"],"amp_enabled":true,"_links":{"self":[{"href":"https:\/\/www2.comunitaria.com.br\/en\/wp-json\/wp\/v2\/posts\/63950","targetHints":{"allow":["GET"]}}],"collection":[{"href":"https:\/\/www2.comunitaria.com.br\/en\/wp-json\/wp\/v2\/posts"}],"about":[{"href":"https:\/\/www2.comunitaria.com.br\/en\/wp-json\/wp\/v2\/types\/post"}],"author":[{"embeddable":true,"href":"https:\/\/www2.comunitaria.com.br\/en\/wp-json\/wp\/v2\/users\/2"}],"replies":[{"embeddable":true,"href":"https:\/\/www2.comunitaria.com.br\/en\/wp-json\/wp\/v2\/comments?post=63950"}],"version-history":[{"count":0,"href":"https:\/\/www2.comunitaria.com.br\/en\/wp-json\/wp\/v2\/posts\/63950\/revisions"}],"wp:featuredmedia":[{"embeddable":true,"href":"https:\/\/www2.comunitaria.com.br\/en\/wp-json\/wp\/v2\/media\/63951"}],"wp:attachment":[{"href":"https:\/\/www2.comunitaria.com.br\/en\/wp-json\/wp\/v2\/media?parent=63950"}],"wp:term":[{"taxonomy":"category","embeddable":true,"href":"https:\/\/www2.comunitaria.com.br\/en\/wp-json\/wp\/v2\/categories?post=63950"},{"taxonomy":"post_tag","embeddable":true,"href":"https:\/\/www2.comunitaria.com.br\/en\/wp-json\/wp\/v2\/tags?post=63950"}],"curies":[{"name":"wp","href":"https:\/\/api.w.org\/{rel}","templated":true}]}}