{"id":63932,"date":"2024-08-16T16:29:23","date_gmt":"2024-08-16T18:29:23","guid":{"rendered":"https:\/\/www2.comunitaria.com.br\/?p=63932"},"modified":"2024-08-16T16:29:24","modified_gmt":"2024-08-16T18:29:24","slug":"inscricao-para-exame-de-proficiencia-em-lingua-portuguesa-termina-hoje","status":"publish","type":"post","link":"https:\/\/www2.comunitaria.com.br\/en\/inscricao-para-exame-de-proficiencia-em-lingua-portuguesa-termina-hoje\/","title":{"rendered":"Inscri\u00e7\u00e3o para exame de profici\u00eancia em l\u00edngua portuguesa termina hoje"},"content":{"rendered":"<p style=\"text-align: justify;\">As inscri\u00e7\u00f5es do exame para obter o Certificado de Profici\u00eancia em L\u00edngua Portuguesa para Estrangeiros (Celpe-Bras) 2024\/2 terminam nesta sexta-feira (16). Interessados devem acessar o&nbsp;<a href=\"http:\/\/http\/\/celpebras.inep.gov.br\/celpebras\/\" target=\"_blank\" rel=\"noopener\">Sistema Celpe-Bras<\/a>. As provas, aplicadas pelo Instituto Nacional de Estudos e Pesquisas Educacionais An\u00edsio Teixeira (Inep), ser\u00e3o realizadas entre os dias 22 e 25 de outubro.<img decoding=\"async\" src=\"https:\/\/agenciabrasil.ebc.com.br\/ebc.png?id=1608198&amp;o=node\"><img decoding=\"async\" src=\"https:\/\/agenciabrasil.ebc.com.br\/ebc.gif?id=1608198&amp;o=node\"><\/p>\n<p style=\"text-align: justify;\">No momento da inscri\u00e7\u00e3o, o participante deve indicar o pa\u00eds e o posto em que pretende realizar as provas, al\u00e9m de informar n\u00famero do passaporte ou documento de identifica\u00e7\u00e3o v\u00e1lido no pa\u00eds de inscri\u00e7\u00e3o e data de nascimento. Tamb\u00e9m \u00e9 preciso fornecer endere\u00e7o de e-mail e n\u00famero de telefone v\u00e1lidos.<\/p>\n<p style=\"text-align: justify;\">\u201cO Celpe-Bras \u00e9 reconhecido como o \u00fanico certificado de profici\u00eancia em l\u00edngua portuguesa para estrangeiros oficializado pelo governo brasileiro\u201d, lembra o Inep.&nbsp;<\/p>\n<p style=\"text-align: justify;\">O certificado \u00e9 aceito por institui\u00e7\u00f5es de educa\u00e7\u00e3o superior para ingresso em cursos de gradua\u00e7\u00e3o e em programas de p\u00f3s-gradua\u00e7\u00e3o, bem como para valida\u00e7\u00e3o de diplomas de profissionais estrangeiros que pretendem trabalhar no pa\u00eds.<\/p>\n<p style=\"text-align: justify;\">O exame \u00e9 dividido em duas etapas: uma prova escrita, que dura at\u00e9 3 horas e abrange quatro tarefas de produ\u00e7\u00e3o textual, elaborada para avaliar a compet\u00eancia lingu\u00edstica do candidato em diversos aspectos do portugu\u00eas; e uma prova oral, que consiste em uma intera\u00e7\u00e3o presencial, de aproximadamente 20 minutos, entre o participante, um avaliador-interlocutor e um avaliador-observador.<\/p>\n<h4 style=\"text-align: justify;\">Acessibilidade<\/h4>\n<p style=\"text-align: justify;\">O Inep assegura atendimento especializado para participantes com baixa vis\u00e3o, cegueira, vis\u00e3o monocular, defici\u00eancia f\u00edsica, defici\u00eancia auditiva, surdez, defici\u00eancia intelectual, surdocegueira, dislexia, d\u00e9ficit de aten\u00e7\u00e3o e transtorno do espectro autista. Tamb\u00e9m podem ser contemplados idosos, gestantes, lactantes e pessoas com outras condi\u00e7\u00f5es espec\u00edficas.<\/p>\n<p style=\"text-align: justify;\">Solicita\u00e7\u00f5es para atendimento especializado ou tratamento pelo nome social devem ser feitas no ato da inscri\u00e7\u00e3o, com o envio de documenta\u00e7\u00e3o para comprova\u00e7\u00e3o. Os resultados dos pedidos ser\u00e3o divulgados no dia 22.<\/p>\n<h4 style=\"text-align: justify;\">Cronograma<\/h4>\n<p style=\"text-align: justify;\">Inscri\u00e7\u00e3o: 5 a 16 de agosto<\/p>\n<p style=\"text-align: justify;\">Pagamento da taxa: 5 a 21 de agosto<\/p>\n<p style=\"text-align: justify;\">Homologa\u00e7\u00e3o do posto aplicador: 5 a 26 de agosto<\/p>\n<p style=\"text-align: justify;\">Atendimento especializado e tratamento pelo nome social: 5 a 16 de agosto<\/p>\n<p style=\"text-align: justify;\">Resultados dos pedidos de atendimento: 22 de agosto<\/p>\n<p style=\"text-align: justify;\">Per\u00edodo de recurso: 23 a 29 de agosto<\/p>\n<p style=\"text-align: justify;\">Resultado dos recursos: 30 de agosto<\/p>\n<p style=\"text-align: justify;\">Aplica\u00e7\u00e3o das provas: 22 a 25 de outubro<\/p>\n<p style=\"text-align: justify;\">Resultados: 16 de dezembro&nbsp;<\/p>\n<p><em>Fonte: Ag\u00eancia Brasil<\/em><a href=\"https:\/\/www2.comunitaria.com.br\/en\/inscricao-para-exame-de-proficiencia-em-lingua-portuguesa-termina-hoje\/o-que-prova-uma-prova-1-768x482\/\" rel=\"attachment wp-att-63933\"><img loading=\"lazy\" decoding=\"async\" class=\"aligncenter size-full wp-image-63933\" src=\"http:\/\/www2.comunitaria.com.br\/wp-content\/uploads\/2024\/08\/o-que-prova-uma-prova-1-768x482-1.jpg\" alt=\"\" width=\"768\" height=\"482\" srcset=\"https:\/\/www2.comunitaria.com.br\/wp-content\/uploads\/2024\/08\/o-que-prova-uma-prova-1-768x482-1.jpg 768w, https:\/\/www2.comunitaria.com.br\/wp-content\/uploads\/2024\/08\/o-que-prova-uma-prova-1-768x482-1-300x188.jpg 300w\" sizes=\"auto, (max-width: 768px) 100vw, 768px\" \/><\/a><\/p>","protected":false},"excerpt":{"rendered":"<p>As inscri\u00e7\u00f5es do exame para obter o Certificado de Profici\u00eancia em L\u00edngua Portuguesa para Estrangeiros (Celpe-Bras) 2024\/2 terminam nesta sexta-feira (16). Interessados devem acessar o&nbsp;Sistema Celpe-Bras. As provas, aplicadas pelo&#8230;<\/p>","protected":false},"author":2,"featured_media":63933,"comment_status":"closed","ping_status":"closed","sticky":false,"template":"","format":"standard","meta":{"ngg_post_thumbnail":0,"footnotes":""},"categories":[47,44,46,33],"tags":[6522,612,6523,1043,6524],"class_list":["post-63932","post","type-post","status-publish","format-standard","has-post-thumbnail","hentry","category-brasil","category-educacao","category-estado","category-noticias","tag-celpe-bras","tag-certificado","tag-diploma","tag-inep","tag-lingua-portuguesa"],"amp_enabled":true,"_links":{"self":[{"href":"https:\/\/www2.comunitaria.com.br\/en\/wp-json\/wp\/v2\/posts\/63932","targetHints":{"allow":["GET"]}}],"collection":[{"href":"https:\/\/www2.comunitaria.com.br\/en\/wp-json\/wp\/v2\/posts"}],"about":[{"href":"https:\/\/www2.comunitaria.com.br\/en\/wp-json\/wp\/v2\/types\/post"}],"author":[{"embeddable":true,"href":"https:\/\/www2.comunitaria.com.br\/en\/wp-json\/wp\/v2\/users\/2"}],"replies":[{"embeddable":true,"href":"https:\/\/www2.comunitaria.com.br\/en\/wp-json\/wp\/v2\/comments?post=63932"}],"version-history":[{"count":0,"href":"https:\/\/www2.comunitaria.com.br\/en\/wp-json\/wp\/v2\/posts\/63932\/revisions"}],"wp:featuredmedia":[{"embeddable":true,"href":"https:\/\/www2.comunitaria.com.br\/en\/wp-json\/wp\/v2\/media\/63933"}],"wp:attachment":[{"href":"https:\/\/www2.comunitaria.com.br\/en\/wp-json\/wp\/v2\/media?parent=63932"}],"wp:term":[{"taxonomy":"category","embeddable":true,"href":"https:\/\/www2.comunitaria.com.br\/en\/wp-json\/wp\/v2\/categories?post=63932"},{"taxonomy":"post_tag","embeddable":true,"href":"https:\/\/www2.comunitaria.com.br\/en\/wp-json\/wp\/v2\/tags?post=63932"}],"curies":[{"name":"wp","href":"https:\/\/api.w.org\/{rel}","templated":true}]}}