{"id":63914,"date":"2024-08-16T15:45:16","date_gmt":"2024-08-16T17:45:16","guid":{"rendered":"https:\/\/www2.comunitaria.com.br\/?p=63914"},"modified":"2024-08-16T15:45:16","modified_gmt":"2024-08-16T17:45:16","slug":"homem-e-condenado-a-13-anos-e-meio-de-prisao-por-tentar-matar-ex-namorada-em-porto-alegre","status":"publish","type":"post","link":"https:\/\/www2.comunitaria.com.br\/en\/homem-e-condenado-a-13-anos-e-meio-de-prisao-por-tentar-matar-ex-namorada-em-porto-alegre\/","title":{"rendered":"Homem \u00e9 condenado a 13 anos e meio de pris\u00e3o por tentar matar ex-namorada em Porto Alegre"},"content":{"rendered":"<div id=\"chunk-7k8pc\">\n<div class=\"mc-column content-text active-extra-styles \" data-block-type=\"unstyled\" data-block-weight=\"45\" data-block-id=\"3\">\n<p class=\" content-text__container \" style=\"text-align: justify;\" data-track-category=\"Link no Texto\" data-track-links=\"\" data-mrf-recirculation=\"Article links\">Um homem foi condenado, em julgamento encerrado na madrugada desta sexta-feira (16), a&nbsp;<strong>13 anos e seis meses de pris\u00e3o<\/strong>&nbsp;pela tentativa de feminic\u00eddio da ex-namorada em&nbsp;Porto Alegre. O r\u00e9u \u00e9&nbsp;<strong>Thiago Guedes Pacheco<\/strong>, de 43 anos,&nbsp;investigado por agredir ao menos 10 ex-namoradas.<\/p>\n<\/div>\n<\/div>\n<div class=\"wall protected-content\">\n<div id=\"chunk-dlqu1\" style=\"text-align: justify;\">\n<div class=\"mc-column content-text active-extra-styles \" data-block-type=\"unstyled\" data-block-weight=\"37\" data-block-id=\"5\">\n<p class=\" content-text__container \" data-track-category=\"Link no Texto\" data-track-links=\"\" data-mrf-recirculation=\"Article links\">O caso julgado pela Justi\u00e7a tratou das&nbsp;<span class=\"highlight highlighted\">agress\u00f5es contra a psic\u00f3loga N\u00e1dia Krubskaya Bisch, ex-namorada do r\u00e9u, em 2019<\/span>&nbsp;(<strong><em>relembre o caso abaixo<\/em><\/strong>). Thiago est\u00e1&nbsp;preso h\u00e1 quase cinco anos na penitenci\u00e1ria&nbsp;de&nbsp;Canoas, na Regi\u00e3o Metropolitana.<\/p>\n<\/div>\n<\/div>\n<div id=\"chunk-38edj\">\n<div class=\"mc-column content-text active-extra-styles \" data-block-type=\"unstyled\" data-block-weight=\"21\" data-block-id=\"6\">\n<p class=\" content-text__container \" style=\"text-align: justify;\" data-track-category=\"Link no Texto\" data-track-links=\"\" data-mrf-recirculation=\"Article links\">O&nbsp;g1&nbsp;entrou em contato com a defesa de Thiago, mas n\u00e3o obteve retorno at\u00e9 a atualiza\u00e7\u00e3o mais recente desta reportagem.<\/p>\n<div id=\"chunk-bguq2\" style=\"text-align: justify;\">\n<div class=\"mc-column content-text active-extra-styles \" data-block-type=\"unstyled\" data-block-weight=\"30\" data-block-id=\"8\">\n<p class=\" content-text__container \" data-track-category=\"Link no Texto\" data-track-links=\"\" data-mrf-recirculation=\"Article links\">O julgamento come\u00e7ou na quinta-feira (15). Testemunhas de acusa\u00e7\u00e3o e defesa foram ouvidas, assim como o r\u00e9u e a v\u00edtima. O j\u00fari foi formado por seis mulheres e um homem.<\/p>\n<\/div>\n<\/div>\n<div id=\"chunk-78u42\" style=\"text-align: justify;\">\n<div class=\"mc-column content-text active-extra-styles \" data-block-type=\"unstyled\" data-block-weight=\"26\" data-block-id=\"9\">\n<p class=\" content-text__container \" data-track-category=\"Link no Texto\" data-track-links=\"\" data-mrf-recirculation=\"Article links\">O acusado respondia por&nbsp;<strong>tentativa de feminic\u00eddio<\/strong>&nbsp;com&nbsp;<strong>quatro qualificadoras<\/strong>:&nbsp;<span class=\"highlight highlighted\">motivo torpe, dissimula\u00e7\u00e3o, meio cruel em raz\u00e3o de asfixia e a quest\u00e3o de g\u00eanero em si<\/span>.<\/p>\n<\/div>\n<\/div>\n<div id=\"chunk-a3na5\" style=\"text-align: justify;\">\n<div class=\"mc-column content-text active-extra-styles \" data-block-type=\"unstyled\" data-block-weight=\"31\" data-block-id=\"10\">\n<p class=\" content-text__container \" data-track-category=\"Link no Texto\" data-track-links=\"\" data-mrf-recirculation=\"Article links\">O primeiro julgamento aconteceu no dia 3 de julho, mas terminou sem conclus\u00e3o depois de um desentendimento entre o Minist\u00e9rio P\u00fablico e a defesa, que levou a ju\u00edza encerrar a sess\u00e3o.<\/p>\n<\/div>\n<\/div>\n<div id=\"chunk-2q3pa\">\n<div class=\"mc-column content-text active-extra-styles \" data-block-type=\"unstyled\" data-block-weight=\"55\" data-block-id=\"11\">\n<p class=\" content-text__container \" style=\"text-align: justify;\" data-track-category=\"Link no Texto\" data-track-links=\"\" data-mrf-recirculation=\"Article links\">De acordo com a Pol\u00edcia Civil,&nbsp;dez mulheres j\u00e1 foram identificadas, e registraram diversas ocorr\u00eancias contra Thiago por agress\u00e3o, amea\u00e7a e repetidos descumprimentos de medidas protetivas. Sete das ocorr\u00eancias foram feitas em Porto Alegre, e uma em&nbsp;Gravata\u00ed, na Regi\u00e3o Metropolitana da Capital. Outras duas v\u00edtimas foram identificadas em Bras\u00edlia e em Barcelona, na Espanha.<\/p>\n<div id=\"chunk-1md8r\" style=\"text-align: justify;\">\n<div class=\"mc-column content-text active-extra-styles\" data-block-type=\"raw\" data-block-weight=\"2\" data-block-id=\"14\">\n<div class=\"content-intertitle\">\n<h4>O caso<\/h4>\n<\/div>\n<\/div>\n<\/div>\n<div id=\"chunk-b681i\" style=\"text-align: justify;\">\n<div class=\"mc-column content-text active-extra-styles \" data-block-type=\"unstyled\" data-block-weight=\"41\" data-block-id=\"15\">\n<p class=\" content-text__container \" data-track-category=\"Link no Texto\" data-track-links=\"\" data-mrf-recirculation=\"Article links\">Thiago e N\u00e1dia tiveram um relacionamento e terminaram em mar\u00e7o de 2019. Na \u00e9poca, a psic\u00f3loga contou que foi constantemente&nbsp;<strong>perseguida&nbsp;<\/strong>e&nbsp;<strong>amea\u00e7ada<\/strong>&nbsp;<strong>de morte<\/strong>&nbsp;pelo homem. Em novembro de 2019, N\u00e1dia teria sido perseguida pelo ex no estacionamento do trabalho.<\/p>\n<\/div>\n<\/div>\n<div id=\"chunk-djinu\" style=\"text-align: justify;\">\n<div class=\"mc-column content-text active-extra-styles \" data-block-type=\"unstyled\" data-block-weight=\"35\" data-block-id=\"16\">\n<p class=\" content-text__container \" data-track-category=\"Link no Texto\" data-track-links=\"\" data-mrf-recirculation=\"Article links\">A pol\u00edcia pediu a pris\u00e3o preventiva do homem e, no mesmo m\u00eas, ele foi detido em uma opera\u00e7\u00e3o de combate ao feminic\u00eddio realizada em todo o pa\u00eds. No entanto,&nbsp;<span class=\"highlight highlighted\">ficou apenas um dia na cadeia<\/span>.<\/p>\n<\/div>\n<\/div>\n<div id=\"chunk-367sa\" style=\"text-align: justify;\">\n<div class=\"mc-column content-text active-extra-styles \" data-block-type=\"unstyled\" data-block-weight=\"59\" data-block-id=\"17\">\n<p class=\" content-text__container \" data-track-category=\"Link no Texto\" data-track-links=\"\" data-mrf-recirculation=\"Article links\">Uma semana depois de ser solto, no in\u00edcio de dezembro, Thiago voltou a procurar N\u00e1dia. O acusado teria at\u00e9 o condom\u00ednio onde ela mora, na capital, e solicitado que ela fosse com ele at\u00e9 o carro, estacionado algumas quadras adiante. Segundo a den\u00fancia, o homem a obrigou-a a entrar no ve\u00edculo e, de acordo com a psic\u00f3loga,&nbsp;<strong>tentou mat\u00e1-la<\/strong>.<\/p>\n<\/div>\n<\/div>\n<div id=\"chunk-ci0uk\" style=\"text-align: justify;\">\n<div class=\"mc-column content-text active-extra-styles \" data-block-type=\"unstyled\" data-block-weight=\"44\" data-block-id=\"18\">\n<p class=\" content-text__container \" data-track-category=\"Link no Texto\" data-track-links=\"\" data-mrf-recirculation=\"Article links\">&#8220;Ele me esperou na frente da minha casa, chorando, dizendo que estava muito dif\u00edcil ficar longe, que estava sofrendo. Eu baixei a guarda. Ele me agarrou, come\u00e7ou com um inqu\u00e9rito sobre com quem eu estava, e come\u00e7ou a me agredir&#8221;, disse N\u00e1dia na \u00e9poca.<\/p>\n<\/div>\n<\/div>\n<div id=\"chunk-ed54v\" style=\"text-align: justify;\">\n<div class=\"mc-column content-text active-extra-styles \" data-block-type=\"unstyled\" data-block-weight=\"31\" data-block-id=\"19\">\n<p class=\" content-text__container \" data-track-category=\"Link no Texto\" data-track-links=\"\" data-mrf-recirculation=\"Article links\">N\u00e1dia foi salva por um motorista que passou pela rua e percebeu as agress\u00f5es. A pedido da pol\u00edcia, a Justi\u00e7a decretou novamente a pris\u00e3o preventiva de Thiago por tentativa de feminic\u00eddio.<\/p>\n<\/div>\n<\/div>\n<div id=\"chunk-b8of8\" style=\"text-align: justify;\">\n<div class=\"mc-column content-text active-extra-styles\" data-block-type=\"raw\" data-block-weight=\"70\" data-block-id=\"21\">\n<blockquote class=\"content-blockquote theme-border-color-primary-before\"><p>&#8220;Ele me deu um mata-le\u00e3o, botou a m\u00e3o na minha boca e dizia com os dentes cerrados que iria me apagar, me matar, desovar meu corpo. Me dava tapas, pux\u00e3o de cabelo, que eu era isso e aquilo. Na terceira vez [que a agarrou], lembro de ficar tudo preto e de meu corpo amolecer, da sensa\u00e7\u00e3o de desmaio. Fingi que tinha desmaiado. N\u00e3o sei quanto tempo fiquei sem respirar&#8221;, recorda.<\/p><\/blockquote>\n<p>&nbsp;<\/p>\n<\/div>\n<\/div>\n<div id=\"chunk-e7h68\">\n<div class=\"mc-column content-text active-extra-styles \" data-block-type=\"unstyled\" data-block-weight=\"18\" data-block-id=\"22\">\n<p class=\" content-text__container \" style=\"text-align: justify;\" data-track-category=\"Link no Texto\" data-track-links=\"\" data-mrf-recirculation=\"Article links\">Thiago foi preso em fevereiro de 2020. Ele estaria escondido em um apartamento no Centro Hist\u00f3rico da capital.<\/p>\n<p style=\"text-align: justify;\" data-track-category=\"Link no Texto\" data-track-links=\"\" data-mrf-recirculation=\"Article links\"><em>Fonte: g1 RS<\/em><\/p>\n<p style=\"text-align: justify;\" data-track-category=\"Link no Texto\" data-track-links=\"\" data-mrf-recirculation=\"Article links\"><em>Foto: Reprodu\u00e7\u00e3o<a href=\"https:\/\/www2.comunitaria.com.br\/homem-e-condenado-a-13-anos-e-meio-de-prisao-por-tentar-matar-ex-namorada-em-porto-alegre\/thiagoguedes\/\" rel=\"attachment wp-att-63915\"><img loading=\"lazy\" decoding=\"async\" class=\"aligncenter size-full wp-image-63915\" src=\"http:\/\/www2.comunitaria.com.br\/wp-content\/uploads\/2024\/08\/thiagoguedes.avif\" alt=\"\" width=\"640\" height=\"360\"><\/a><\/em><\/p>\n<\/div>\n<\/div>\n<\/div>\n<\/div>\n<\/div>\n<\/div>\n<\/div>\n","protected":false},"excerpt":{"rendered":"<p>Um homem foi condenado, em julgamento encerrado na madrugada desta sexta-feira (16), a&nbsp;13 anos e seis meses de pris\u00e3o&nbsp;pela tentativa de feminic\u00eddio da ex-namorada em&nbsp;Porto Alegre. O r\u00e9u \u00e9&nbsp;Thiago Guedes&#8230;<\/p>","protected":false},"author":2,"featured_media":63915,"comment_status":"closed","ping_status":"closed","sticky":false,"template":"","format":"standard","meta":{"ngg_post_thumbnail":0,"footnotes":""},"categories":[46,33,36],"tags":[3068],"class_list":["post-63914","post","type-post","status-publish","format-standard","has-post-thumbnail","hentry","category-estado","category-noticias","category-policia","tag-feminicidio"],"amp_enabled":true,"_links":{"self":[{"href":"https:\/\/www2.comunitaria.com.br\/en\/wp-json\/wp\/v2\/posts\/63914","targetHints":{"allow":["GET"]}}],"collection":[{"href":"https:\/\/www2.comunitaria.com.br\/en\/wp-json\/wp\/v2\/posts"}],"about":[{"href":"https:\/\/www2.comunitaria.com.br\/en\/wp-json\/wp\/v2\/types\/post"}],"author":[{"embeddable":true,"href":"https:\/\/www2.comunitaria.com.br\/en\/wp-json\/wp\/v2\/users\/2"}],"replies":[{"embeddable":true,"href":"https:\/\/www2.comunitaria.com.br\/en\/wp-json\/wp\/v2\/comments?post=63914"}],"version-history":[{"count":0,"href":"https:\/\/www2.comunitaria.com.br\/en\/wp-json\/wp\/v2\/posts\/63914\/revisions"}],"wp:featuredmedia":[{"embeddable":true,"href":"https:\/\/www2.comunitaria.com.br\/en\/wp-json\/wp\/v2\/media\/63915"}],"wp:attachment":[{"href":"https:\/\/www2.comunitaria.com.br\/en\/wp-json\/wp\/v2\/media?parent=63914"}],"wp:term":[{"taxonomy":"category","embeddable":true,"href":"https:\/\/www2.comunitaria.com.br\/en\/wp-json\/wp\/v2\/categories?post=63914"},{"taxonomy":"post_tag","embeddable":true,"href":"https:\/\/www2.comunitaria.com.br\/en\/wp-json\/wp\/v2\/tags?post=63914"}],"curies":[{"name":"wp","href":"https:\/\/api.w.org\/{rel}","templated":true}]}}