{"id":63835,"date":"2024-08-15T16:59:52","date_gmt":"2024-08-15T18:59:52","guid":{"rendered":"https:\/\/www2.comunitaria.com.br\/?p=63835"},"modified":"2024-08-15T16:59:52","modified_gmt":"2024-08-15T18:59:52","slug":"produtos-da-cesta-basica-apresentam-reducao-de-612","status":"publish","type":"post","link":"https:\/\/www2.comunitaria.com.br\/en\/produtos-da-cesta-basica-apresentam-reducao-de-612\/","title":{"rendered":"Produtos da cesta b\u00e1sica apresentam redu\u00e7\u00e3o de 6,12%"},"content":{"rendered":"<p>A Cesta B\u00e1sica Alimentar em Frederico Westphalen teve redu\u00e7\u00e3o de 6,12% no m\u00eas de julho comparado com junho deste ano, diminuindo R$ 43,65 \u2013 passando de R$ 712,64 para R$ 668,99. Mesmo assim, se avaliados os primeiros sete meses de 2024, a cesta b\u00e1sica alimentar no munic\u00edpio apresenta uma eleva\u00e7\u00e3o acumulada de 3,3%. A pesquisa \u00e9 feita por meio do curso de Ci\u00eancias Cont\u00e1beis da URI\/FW, atrav\u00e9s da coordenadora do projeto, professora Diana de Souza, e dos bolsistas volunt\u00e1rios, Ari\u00e1dyne de Azevedo, Giovana Denti, Kauan Gustavo Muller Michelon.<\/p>\n<p>A tamb\u00e9m chamada Ra\u00e7\u00e3o Essencial M\u00ednima \u00e9 composta por 13 itens de g\u00eaneros aliment\u00edcios b\u00e1sicos necess\u00e1rios \u00e0 alimenta\u00e7\u00e3o di\u00e1ria do trabalhador adulto, sendo feij\u00e3o, arroz, farinha, p\u00e3o, carne, leite, a\u00e7\u00facar, banana, \u00f3leo, margarina, tomate, caf\u00e9 e batata. Dos produtos, o tomate longa vida foi o que apresentou maior redu\u00e7\u00e3o (35,9%), cujo pre\u00e7o m\u00e9dio passou de R$ 8,95\/kg em junho\/2024 para R$ 5,74\/kg em julho. Por outro lado, o maior aumento de pre\u00e7os ficou por conta do caf\u00e9 mo\u00eddo, que aumentou 2,72% em rela\u00e7\u00e3o com junho.<\/p>\n<p>A redu\u00e7\u00e3o do custo da Cesta B\u00e1sica em Frederico Westphalen em julho acarretou em aumento no poder de compra do trabalhador. \u201cEssa diminui\u00e7\u00e3o gerou menor comprometimento do sal\u00e1rio m\u00ednimo em 2024. Assim, tendo como refer\u00eancia o sal\u00e1rio m\u00ednimo l\u00edquido de R$ 1.299,04 (ap\u00f3s descontar 8% de contribui\u00e7\u00e3o previdenci\u00e1ria do sal\u00e1rio bruto de R$ 1.412,00) em julho, constata-se que 51,5% do valor est\u00e1 comprometido com estes alimentos, correspondente a R$ 668,99, restando R$ 630,05 para atender as demais necessidades b\u00e1sicas como: \u00e1gua, energia, sa\u00fade, servi\u00e7os pessoais, vestu\u00e1rios, lazer, entre outros\u201d, explica Diana.<\/p>\n<p>Al\u00e9m disso, foi constado pela equipe da pesquisa que o tempo m\u00e9dio necess\u00e1rio de trabalho para adquirir os itens da Ra\u00e7\u00e3o Essencial B\u00e1sica de 13 produtos por um trabalhador remunerado com um sal\u00e1rio m\u00ednimo \u00e9 de 113,3 horas em julho\/2024, representando 51,5% do tempo total de sua jornada de trabalho.<\/p>","protected":false},"excerpt":{"rendered":"<p>A Cesta B\u00e1sica Alimentar em Frederico Westphalen teve redu\u00e7\u00e3o de 6,12% no m\u00eas de julho comparado com junho deste ano, diminuindo R$ 43,65 \u2013 passando de R$ 712,64 para R$ 668,99. Mesmo assim, se avaliados os primeiros sete meses de 2024, a cesta b\u00e1sica alimentar no munic\u00edpio apresenta uma eleva\u00e7\u00e3o acumulada de 3,3%. A pesquisa<\/p>\n<div class=\"read-more-wrapper\"><a class=\"read-more\" href=\"https:\/\/www2.comunitaria.com.br\/en\/produtos-da-cesta-basica-apresentam-reducao-de-612\/\" title=\"Read More\"> <span class=\"button\">Read More<\/span><\/a><\/div>","protected":false},"author":2,"featured_media":63836,"comment_status":"closed","ping_status":"closed","sticky":false,"template":"","format":"standard","meta":{"ngg_post_thumbnail":0,"footnotes":""},"categories":[33],"tags":[],"class_list":["post-63835","post","type-post","status-publish","format-standard","has-post-thumbnail","hentry","category-noticias"],"amp_enabled":true,"_links":{"self":[{"href":"https:\/\/www2.comunitaria.com.br\/en\/wp-json\/wp\/v2\/posts\/63835","targetHints":{"allow":["GET"]}}],"collection":[{"href":"https:\/\/www2.comunitaria.com.br\/en\/wp-json\/wp\/v2\/posts"}],"about":[{"href":"https:\/\/www2.comunitaria.com.br\/en\/wp-json\/wp\/v2\/types\/post"}],"author":[{"embeddable":true,"href":"https:\/\/www2.comunitaria.com.br\/en\/wp-json\/wp\/v2\/users\/2"}],"replies":[{"embeddable":true,"href":"https:\/\/www2.comunitaria.com.br\/en\/wp-json\/wp\/v2\/comments?post=63835"}],"version-history":[{"count":0,"href":"https:\/\/www2.comunitaria.com.br\/en\/wp-json\/wp\/v2\/posts\/63835\/revisions"}],"wp:featuredmedia":[{"embeddable":true,"href":"https:\/\/www2.comunitaria.com.br\/en\/wp-json\/wp\/v2\/media\/63836"}],"wp:attachment":[{"href":"https:\/\/www2.comunitaria.com.br\/en\/wp-json\/wp\/v2\/media?parent=63835"}],"wp:term":[{"taxonomy":"category","embeddable":true,"href":"https:\/\/www2.comunitaria.com.br\/en\/wp-json\/wp\/v2\/categories?post=63835"},{"taxonomy":"post_tag","embeddable":true,"href":"https:\/\/www2.comunitaria.com.br\/en\/wp-json\/wp\/v2\/tags?post=63835"}],"curies":[{"name":"wp","href":"https:\/\/api.w.org\/{rel}","templated":true}]}}