{"id":63766,"date":"2024-08-14T14:24:13","date_gmt":"2024-08-14T16:24:13","guid":{"rendered":"https:\/\/www2.comunitaria.com.br\/?p=63766"},"modified":"2024-08-14T14:24:14","modified_gmt":"2024-08-14T16:24:14","slug":"assembleia-legislativa-aprova-projeto-que-preve-a-reducao-do-uso-de-agrotoxicos-no-rs","status":"publish","type":"post","link":"https:\/\/www2.comunitaria.com.br\/en\/assembleia-legislativa-aprova-projeto-que-preve-a-reducao-do-uso-de-agrotoxicos-no-rs\/","title":{"rendered":"Assembleia Legislativa aprova projeto que prev\u00ea a redu\u00e7\u00e3o do uso de agrot\u00f3xicos no RS"},"content":{"rendered":"<p style=\"text-align: justify;\">A Assembleia Legislativa aprovou nesta ter\u00e7a-feira (13), o&nbsp;Projeto de Lei (PL) 104\/2023, de autoria do deputado Ad\u00e3o Pretto Filho (PT), que institui a Pol\u00edtica Estadual de Incentivo \u00e0 Agricultura Regenerativa, Biol\u00f3gica e Sustent\u00e1vel. A proposta foi elaborada com o apoio de agricultores, pesquisadores da UFSM e UFPel, bem como entidades ligadas ao campo, como alternativa ao atual modelo de agricultura, que \u00e9 baseado no&nbsp;uso de agrot\u00f3xicos&nbsp;e outros produtos qu\u00edmicos.&nbsp;O projeto segue agora para a san\u00e7\u00e3o do governador do estado, Eduardo Leite.&nbsp;<\/p>\n<p style=\"text-align: justify;\">Conforme explica o deputado Ad\u00e3o Pretto Filho, o projeto tem como objetivo fomentar o uso de bioinsumos nas lavouras ga\u00fachas, ao inv\u00e9s dos&nbsp;agrot\u00f3xicos. Dessa forma, os produtores ter\u00e3o a alternativa e liberdade de escolha na hora do plantio, sem a necessidade da depend\u00eancia das multinacionais.<\/p>\n<p style=\"text-align: justify;\">Segundo o parlamentar essa pol\u00edtica trata da&nbsp;transi\u00e7\u00e3o agroecol\u00f3gica, conceito esse que est\u00e1 em alta em diferentes partes do mundo, por fortalecer a terra e torn\u00e1-la menos suscet\u00edvel \u00e0s intemp\u00e9ries clim\u00e1ticas, como estiagens e enchentes.&nbsp;<\/p>\n<p style=\"text-align: justify;\">\u201cEsse modelo de produ\u00e7\u00e3o atrav\u00e9s de bioinsumos \u00e9 bom para todos, pois permite maior rentabilidade nas lavouras, aumentando o lucro dos agricultores e bom para a sociedade, que pode ter acesso a alimentos livres de agrot\u00f3xicos. Precisamos de mais comida saud\u00e1vel na mesa da popula\u00e7\u00e3o\u201d, acrescenta o parlamentar.<\/p>\n<p style=\"text-align: justify;\">Dentro do PL est\u00e1 a sugest\u00e3o para que os bancos criem linhas de cr\u00e9dito diferenciadas para que os produtores possam ter suas biof\u00e1bricas e produzirem seus pr\u00f3prios fertilizantes, com recursos naturais, diminuindo o impacto na natureza e permitindo um modelo de agricultura sustent\u00e1vel.&nbsp;<\/p>\n<p style=\"text-align: justify;\">\u201cSabemos que os agrot\u00f3xicos s\u00e3o respons\u00e1veis pela mortandade de abelhas, peixes e est\u00e3o diretamente relacionados com os altos \u00edndices de doen\u00e7as como c\u00e2ncer e Mal de Parkinson. Precisamos rever esse ciclo e ter alternativas que causem menos impactos mal\u00e9ficos\u201d, afirma Pretto Filho.<\/p>\n<p style=\"text-align: justify;\">O deputado estadual fez quest\u00e3o de relembrar o legado de seu pai, Ad\u00e3o Pretto, que foi o autor do projeto que criou o seguro agr\u00edcola, bem como seu irm\u00e3o Edegar Pretto, que prop\u00f4s a cria\u00e7\u00e3o do Sistema Unificado Estadual de Sanidade Agroindustrial Familiar, Artesanal e de Pequeno Porte, o Susaf.&nbsp;<\/p>\n<p style=\"text-align: justify;\">\u201cUma marca da nossa fam\u00edlia \u00e9 a luta pelas fam\u00edlias do campo e pelas melhores condi\u00e7\u00f5es de vida para os agricultores. Com o PL104 aprovado, estou dando minha parcela de contribui\u00e7\u00e3o para uma agricultura mais limpa, saud\u00e1vel e sustent\u00e1vel\u201d, acrescenta.<\/p>\n<p style=\"text-align: justify;\"><em>Fonte: Brasil de Fato<\/em><\/p>\n<p style=\"text-align: justify;\"><em>Foto: Fernando Martinho<a href=\"https:\/\/www2.comunitaria.com.br\/en\/assembleia-legislativa-aprova-projeto-que-preve-a-reducao-do-uso-de-agrotoxicos-no-rs\/image_processing20240320-1209633-745d5t\/\" rel=\"attachment wp-att-63768\"><img loading=\"lazy\" decoding=\"async\" class=\"aligncenter size-full wp-image-63768\" src=\"http:\/\/www2.comunitaria.com.br\/wp-content\/uploads\/2024\/08\/image_processing20240320-1209633-745d5t.webp\" alt=\"\" width=\"800\" height=\"533\" srcset=\"https:\/\/www2.comunitaria.com.br\/wp-content\/uploads\/2024\/08\/image_processing20240320-1209633-745d5t.webp 800w, https:\/\/www2.comunitaria.com.br\/wp-content\/uploads\/2024\/08\/image_processing20240320-1209633-745d5t-300x200.webp 300w, https:\/\/www2.comunitaria.com.br\/wp-content\/uploads\/2024\/08\/image_processing20240320-1209633-745d5t-768x512.webp 768w\" sizes=\"auto, (max-width: 800px) 100vw, 800px\" \/><\/a><\/em><\/p>","protected":false},"excerpt":{"rendered":"<p>A Assembleia Legislativa aprovou nesta ter\u00e7a-feira (13), o&nbsp;Projeto de Lei (PL) 104\/2023, de autoria do deputado Ad\u00e3o Pretto Filho (PT), que institui a Pol\u00edtica Estadual de Incentivo \u00e0 Agricultura Regenerativa,&#8230;<\/p>","protected":false},"author":2,"featured_media":63768,"comment_status":"closed","ping_status":"closed","sticky":false,"template":"","format":"standard","meta":{"ngg_post_thumbnail":0,"footnotes":""},"categories":[46,33],"tags":[591,1085,676],"class_list":["post-63766","post","type-post","status-publish","format-standard","has-post-thumbnail","hentry","category-estado","category-noticias","tag-agricultura","tag-agrotoxicos","tag-assembleia-legislativa"],"amp_enabled":true,"_links":{"self":[{"href":"https:\/\/www2.comunitaria.com.br\/en\/wp-json\/wp\/v2\/posts\/63766","targetHints":{"allow":["GET"]}}],"collection":[{"href":"https:\/\/www2.comunitaria.com.br\/en\/wp-json\/wp\/v2\/posts"}],"about":[{"href":"https:\/\/www2.comunitaria.com.br\/en\/wp-json\/wp\/v2\/types\/post"}],"author":[{"embeddable":true,"href":"https:\/\/www2.comunitaria.com.br\/en\/wp-json\/wp\/v2\/users\/2"}],"replies":[{"embeddable":true,"href":"https:\/\/www2.comunitaria.com.br\/en\/wp-json\/wp\/v2\/comments?post=63766"}],"version-history":[{"count":0,"href":"https:\/\/www2.comunitaria.com.br\/en\/wp-json\/wp\/v2\/posts\/63766\/revisions"}],"wp:featuredmedia":[{"embeddable":true,"href":"https:\/\/www2.comunitaria.com.br\/en\/wp-json\/wp\/v2\/media\/63768"}],"wp:attachment":[{"href":"https:\/\/www2.comunitaria.com.br\/en\/wp-json\/wp\/v2\/media?parent=63766"}],"wp:term":[{"taxonomy":"category","embeddable":true,"href":"https:\/\/www2.comunitaria.com.br\/en\/wp-json\/wp\/v2\/categories?post=63766"},{"taxonomy":"post_tag","embeddable":true,"href":"https:\/\/www2.comunitaria.com.br\/en\/wp-json\/wp\/v2\/tags?post=63766"}],"curies":[{"name":"wp","href":"https:\/\/api.w.org\/{rel}","templated":true}]}}