{"id":63728,"date":"2024-08-12T11:27:06","date_gmt":"2024-08-12T13:27:06","guid":{"rendered":"https:\/\/www2.comunitaria.com.br\/?p=63728"},"modified":"2024-08-12T11:27:06","modified_gmt":"2024-08-12T13:27:06","slug":"flores-bilhete-oracoes-local-da-queda-de-aviao-em-vinhedo-recebe-homenagens-as-vitimas","status":"publish","type":"post","link":"https:\/\/www2.comunitaria.com.br\/en\/flores-bilhete-oracoes-local-da-queda-de-aviao-em-vinhedo-recebe-homenagens-as-vitimas\/","title":{"rendered":"Flores, bilhete, ora\u00e7\u00f5es: local da queda de avi\u00e3o em Vinhedo recebe homenagens \u00e0s v\u00edtimas"},"content":{"rendered":"<div id=\"chunk-d8jqb\">\n<div class=\"mc-column content-text active-extra-styles\" data-block-type=\"unstyled\" data-block-weight=\"29\" data-block-id=\"3\">\n<p class=\"content-text__container\" style=\"text-align: justify;\" data-track-category=\"Link no Texto\" data-track-links=\"\" data-mrf-recirculation=\"Article links\">O local onde o&nbsp;avi\u00e3o com 58 passageiros e quatro tripulantes&nbsp;caiu em&nbsp;Vinhedo (SP)&nbsp;come\u00e7ou a receber flores, bilhete e ora\u00e7\u00f5es em&nbsp;<strong>homenagens \u00e0s v\u00edtimas<\/strong>&nbsp;neste domingo (11).<\/p>\n<\/div>\n<\/div>\n<div class=\"wall protected-content\">\n<div id=\"chunk-6qpna\" style=\"text-align: justify;\">\n<div class=\"mc-column content-text active-extra-styles\" data-block-type=\"unstyled\" data-block-weight=\"38\" data-block-id=\"4\">\n<p class=\"content-text__container\" data-track-category=\"Link no Texto\" data-track-links=\"\" data-mrf-recirculation=\"Article links\">A aposentada Vera L\u00facia Freitas da Silva, que mora no bairro Capela, pr\u00f3ximo ao local da trag\u00e9dia, contou que viu o momento que o avi\u00e3o caiu, na sexta (9), e decidiu levar flores em frente ao residencial.<\/p>\n<\/div>\n<\/div>\n<div id=\"chunk-a6ik3\" style=\"text-align: justify;\">\n<div class=\"mc-column content-text active-extra-styles\" data-block-type=\"raw\" data-block-weight=\"52\" data-block-id=\"5\">\n<blockquote class=\"content-blockquote theme-border-color-primary-before\"><p>&#8220;Esses dias todos eu n\u00e3o tive nem coragem de vir aqui, porque \u00e9 muito triste. A\u00ed eu falei &#8216;n\u00e3o, vou levar uma flor, fazer uma ora\u00e7\u00e3o para que eles possam receber&#8217;. Porque eu acredito na vida eterna, acredito que eles possam receber nossas ora\u00e7\u00f5es e um conforto para a fam\u00edlia&#8221;, disse Vera.<\/p><\/blockquote>\n<\/div>\n<\/div>\n<div id=\"chunk-cqbm6\" style=\"text-align: justify;\">\n<div class=\"mc-column content-text active-extra-styles\" data-block-type=\"unstyled\" data-block-weight=\"21\" data-block-id=\"7\">\n<p class=\"content-text__container\" data-track-category=\"Link no Texto\" data-track-links=\"\" data-mrf-recirculation=\"Article links\">Um pouco mais cedo, duas mulheres tamb\u00e9m levaram flores e um bilhete aos quatro tripulantes do voo 2283 da Voepass.<\/p>\n<\/div>\n<\/div>\n<div id=\"chunk-8lqv5\" style=\"text-align: justify;\">\n<div class=\"mc-column content-text active-extra-styles\" data-block-type=\"unstyled\" data-block-weight=\"25\" data-block-id=\"8\">\n<p class=\"content-text__container\" data-track-category=\"Link no Texto\" data-track-links=\"\" data-mrf-recirculation=\"Article links\">A reportagem da&nbsp;<strong>EPTV<\/strong>, afiliada TV Globo, apurou que a homenagem foi prestada por uma comiss\u00e1ria de bordo da Azul, que n\u00e3o quis gravar entrevista.<\/p>\n<\/div>\n<\/div>\n<div id=\"chunk-3rck4\">\n<div class=\"mc-column content-text active-extra-styles\" data-block-type=\"unstyled\" data-block-weight=\"37\" data-block-id=\"9\">\n<p class=\"content-text__container\" style=\"text-align: justify;\" data-track-category=\"Link no Texto\" data-track-links=\"\" data-mrf-recirculation=\"Article links\">Silvia Bongiovanni, conselheira da Associa\u00e7\u00e3o de Moradores do Residencial Recanto Florido, local da queda da aeronave, informou que&nbsp;<span class=\"highlight highlighted\">a entidade deve organizar um ato ecum\u00eanico em frente ao residencial, nos pr\u00f3ximos dias, em data ainda a definir<\/span>.<\/p>\n<div id=\"chunk-4plvg\" style=\"text-align: justify;\">\n<div class=\"mc-column content-text active-extra-styles\" data-block-type=\"raw\" data-block-weight=\"3\" data-block-id=\"13\">\n<div class=\"content-intertitle\">\n<h4>Cronologia da trag\u00e9dia<\/h4>\n<\/div>\n<\/div>\n<\/div>\n<div id=\"chunk-oga3\" style=\"text-align: justify;\">\n<div class=\"mc-column content-text active-extra-styles\" data-block-type=\"unstyled\" data-block-weight=\"57\" data-block-id=\"14\">\n<p class=\"content-text__container\" data-track-category=\"Link no Texto\" data-track-links=\"\" data-mrf-recirculation=\"Article links\">A aeronave da Voepssa que caiu em Vinhedo na sexta (9), matando todos a bordo,&nbsp;<span class=\"highlight highlighted\">voou por 1 hora e 35 minutos sem qualquer registro de ocorr\u00eancias<\/span>, at\u00e9 fazer uma curva brusca,&nbsp;despencar 4 mil metros em aproximadamente 1 minuto&nbsp;e sumir do radar, ap\u00f3s&nbsp;explodir no terreno de uma casa&nbsp;em um condom\u00ednio residencial.<\/p>\n<\/div>\n<\/div>\n<div id=\"chunk-459tv\">\n<div class=\"mc-column content-text active-extra-styles\" data-block-type=\"unstyled\" data-block-weight=\"36\" data-block-id=\"15\">\n<p class=\"content-text__container\" style=\"text-align: justify;\" data-track-category=\"Link no Texto\" data-track-links=\"\" data-mrf-recirculation=\"Article links\">Ainda n\u00e3o se sabe o que causou o acidente, mas&nbsp;a queda em espiral sugere a ocorr\u00eancia de um estol&nbsp;\u2014 que acontece quando a aeronave perde a sustenta\u00e7\u00e3o que lhe permite voar \u2014, segundo especialistas.<\/p>\n<div id=\"chunk-6ke78\" style=\"text-align: justify;\">\n<div class=\"mc-column content-text active-extra-styles\" data-block-type=\"unstyled\" data-block-weight=\"23\" data-block-id=\"17\">\n<p class=\"content-text__container\" data-track-category=\"Link no Texto\" data-track-links=\"\" data-mrf-recirculation=\"Article links\">O Centro de Investiga\u00e7\u00e3o e Preven\u00e7\u00e3o de Acidentes Aeron\u00e1uticos (Cenipa) prev\u00ea&nbsp;um relat\u00f3rio preliminar sobre as causas do acidente em 30 dias.<\/p>\n<\/div>\n<\/div>\n<div id=\"chunk-e4a0v\" style=\"text-align: justify;\">\n<div class=\"mc-column content-text active-extra-styles\" data-block-type=\"unstyled\" data-block-weight=\"24\" data-block-id=\"18\">\n<p class=\"content-text__container\" data-track-category=\"Link no Texto\" data-track-links=\"\" data-mrf-recirculation=\"Article links\">O \u00f3rgao de investiga\u00e7\u00e3o informou no domingo (11) que&nbsp;conseguiu extrair todo o conte\u00fado das duas caixas-pretas&nbsp;retiradas do avi\u00e3o que caiu em Vinhedo.<\/p>\n<\/div>\n<\/div>\n<div id=\"chunk-8svet\" style=\"text-align: justify;\">\n<div class=\"mc-column content-text active-extra-styles\" data-block-type=\"unstyled\" data-block-weight=\"8\" data-block-id=\"19\">\n<p class=\"content-text__container\" data-track-category=\"Link no Texto\" data-track-links=\"\" data-mrf-recirculation=\"Article links\"><strong>Veja, ponto a ponto, a cronologia do desastre:<\/strong><\/p>\n<\/div>\n<\/div>\n<div id=\"chunk-6kaer\">\n<div class=\"mc-column content-text active-extra-styles\" data-block-type=\"raw\" data-block-weight=\"140\" data-block-id=\"20\">\n<ul class=\"content-unordered-list\" style=\"text-align: justify;\" data-mrf-recirculation=\"Recomendado\">\n<li>A aeronave decolou \u00e0s&nbsp;<strong>11h46<\/strong>&nbsp;e o voo seguiu tranquilo at\u00e9&nbsp;<strong>12h20<\/strong>.<\/li>\n<li>Ap\u00f3s 24 minutos, subiu at\u00e9 atingir 5 mil metros de altitude \u00e0s&nbsp;<strong>12h23<\/strong>, e seguiu nessa altura at\u00e9 as&nbsp;<strong>13h21<\/strong>, quando come\u00e7ou a perder altitude.<\/li>\n<li>Nesse momento,&nbsp;<strong>a aeronave fez uma curva brusca<\/strong>.<\/li>\n<li>De acordo com a For\u00e7a A\u00e9rea Brasileira (FAB), a partir das&nbsp;<strong>13h21<\/strong>&nbsp;a aeronave n\u00e3o respondeu \u00e0s chamadas do Controle de Aproxima\u00e7\u00e3o de S\u00e3o Paulo, bem como n\u00e3o declarou emerg\u00eancia ou reportou estar sob condi\u00e7\u00f5es meteorol\u00f3gicas adversas.<\/li>\n<li>\u00c0s&nbsp;<strong>13h22<\/strong>&nbsp;\u2013 um minuto depois do hor\u00e1rio do \u00faltimo registro \u2013 a altitude estava em 1.250 metros,&nbsp;<strong>uma queda de aproximadamente 4 mil metros<\/strong>.<\/li>\n<li>A velocidade dessa queda foi de 440 km\/h.<\/li>\n<li>O Departamento de Controle do Espa\u00e7o A\u00e9reo (DECEA) informou que o &#8216;Salvaero&#8217; foi acionado \u00e0s&nbsp;<strong>13h26<\/strong>&nbsp;e encontrou a aeronave acidentada dentro de um condom\u00ednio.<\/li>\n<\/ul>\n<div id=\"chunk-86eub\" style=\"text-align: justify;\">\n<div class=\"mc-column content-text active-extra-styles\" data-block-type=\"unstyled\" data-block-weight=\"49\" data-block-id=\"28\">\n<p class=\"content-text__container\" data-track-category=\"Link no Texto\" data-track-links=\"\" data-mrf-recirculation=\"Article links\">A Prefeitura de Vinhedo confirmou, por volta de 15h30 de sexta,&nbsp;que n\u00e3o havia sobreviventes. O governo do Paran\u00e1 lamentou a morte de pelo menos oito servidores e profissionais ligados diretamente ao estado. S\u00e3o docentes e m\u00e9dicos da Unioeste, um professor da rede estadual e um funcion\u00e1rio da Sanepar.<\/p>\n<\/div>\n<\/div>\n<div id=\"chunk-41cot\" style=\"text-align: justify;\">\n<div class=\"mc-column content-text active-extra-styles\" data-block-type=\"unstyled\" data-block-weight=\"48\" data-block-id=\"29\">\n<p class=\"content-text__container\" data-track-category=\"Link no Texto\" data-track-links=\"\" data-mrf-recirculation=\"Article links\">O programador de 41 anos Rafael Fernando dos Santos, de Florian\u00f3polis, e a filha dele, Liz Ibba dos Santos, de 3 anos, estavam na aeronave.&nbsp;Segundo familiares, Rafael tinha ido a Cascavel para buscar a menina, que passaria o dia dos pais na capital de Santa Catarina.<\/p>\n<\/div>\n<\/div>\n<div id=\"chunk-57mr\" style=\"text-align: justify;\">\n<div class=\"mc-column content-text active-extra-styles\" data-block-type=\"unstyled\" data-block-weight=\"43\" data-block-id=\"31\">\n<p class=\"content-text__container\" data-track-category=\"Link no Texto\" data-track-links=\"\" data-mrf-recirculation=\"Article links\">Dentre as v\u00edtimas tamb\u00e9m est\u00e3o o&nbsp;\u00e1rbitro de jud\u00f4 Edilson Hobold, de 52 anos;&nbsp;o representante comercial&nbsp;Ronaldo Cavaliere, de 43 anos;&nbsp;al\u00e9m do casal formado pelo&nbsp;policial rodovi\u00e1rio federal Hiales Carpine Fodra, de 33 anos, e a fisiculturista Daniela Schulz Fodra.<\/p>\n<\/div>\n<\/div>\n<div id=\"chunk-finm\" style=\"text-align: justify;\">\n<div class=\"mc-column content-text active-extra-styles\" data-block-type=\"unstyled\" data-block-weight=\"17\" data-block-id=\"32\">\n<p class=\"content-text__container\" data-track-category=\"Link no Texto\" data-track-links=\"\" data-mrf-recirculation=\"Article links\">As m\u00e9dicas residentes de oncologia cl\u00ednica&nbsp;Arianne Albuquerque Estevan Risso e Mariana Comiran Belim&nbsp;tamb\u00e9m faleceram.<\/p>\n<\/div>\n<\/div>\n<div id=\"chunk-968mg\">\n<div class=\"mc-column content-text active-extra-styles\" data-block-type=\"unstyled\" data-block-weight=\"17\" data-block-id=\"33\">\n<p class=\"content-text__container\" style=\"text-align: justify;\" data-track-category=\"Link no Texto\" data-track-links=\"\" data-mrf-recirculation=\"Article links\">A comiss\u00e1ria de bordo&nbsp;Rubia Silva de Lima, que morava em Bonfim Paulista, tamb\u00e9m faleceu no acidente.<\/p>\n<div id=\"chunk-9stn2\" style=\"text-align: justify;\">\n<div class=\"mc-column content-text active-extra-styles\" data-block-type=\"unstyled\" data-block-weight=\"36\" data-block-id=\"38\">\n<p class=\"content-text__container\" data-track-category=\"Link no Texto\" data-track-links=\"\" data-mrf-recirculation=\"Article links\">Ainda n\u00e3o se sabe o que causou o acidente, mas a queda em espiral sugere a&nbsp;ocorr\u00eancia de um estol&nbsp;\u2014 que acontece quando a aeronave perde a sustenta\u00e7\u00e3o que lhe permite voar \u2014, segundo especialistas.<\/p>\n<\/div>\n<\/div>\n<div id=\"chunk-9el4r\">\n<div class=\"mc-column content-text active-extra-styles\" data-block-type=\"unstyled\" data-block-weight=\"36\" data-block-id=\"39\">\n<p class=\"content-text__container\" style=\"text-align: justify;\" data-track-category=\"Link no Texto\" data-track-links=\"\" data-mrf-recirculation=\"Article links\">O estol \u00e9 uma situa\u00e7\u00e3o na qual a asa perde completamente a sustenta\u00e7\u00e3o \u00fatil, o que causa a queda brusca do avi\u00e3o. A depender da altitude e da condi\u00e7\u00e3o, \u00e9 poss\u00edvel recuperar a altitude em voo.<\/p>\n<div id=\"chunk-d40fk\" style=\"text-align: justify;\">\n<div class=\"mc-column content-text active-extra-styles\" data-block-type=\"unstyled\" data-block-weight=\"30\" data-block-id=\"41\">\n<p class=\"content-text__container\" data-track-category=\"Link no Texto\" data-track-links=\"\" data-mrf-recirculation=\"Article links\">O estol pode acontecer, por exemplo, por forma\u00e7\u00e3o de gelo sobre as asas \u2014&nbsp;e na rota dessa aeronave havia essa forma\u00e7\u00e3o, segundo pilotos ouvidos pelo g1 e pela Globonews.<\/p>\n<\/div>\n<\/div>\n<div id=\"chunk-260t3\" style=\"text-align: justify;\">\n<div class=\"mc-column content-text active-extra-styles\" data-block-type=\"unstyled\" data-block-weight=\"26\" data-block-id=\"42\">\n<p class=\"content-text__container\" data-track-category=\"Link no Texto\" data-track-links=\"\" data-mrf-recirculation=\"Article links\">Em entrevista na noite desta sexta,&nbsp;a VOEPASS afirmou que os sistemas operacionais da aeronave estavam todos em funcionamento no momento da decolagem em Cascavel.<\/p>\n<\/div>\n<\/div>\n<div id=\"chunk-3mrnl\">\n<div class=\"mc-column content-text active-extra-styles\" data-block-type=\"unstyled\" data-block-weight=\"47\" data-block-id=\"43\">\n<p class=\"content-text__container\" style=\"text-align: justify;\" data-track-category=\"Link no Texto\" data-track-links=\"\" data-mrf-recirculation=\"Article links\">Os especialistas avaliam que a forma\u00e7\u00e3o de gelo sobre as asas pode ser uma das hip\u00f3teses. Apesar disso, todos s\u00e3o un\u00e2nimes em afirmar que n\u00e3o existe um \u00fanico fator que cause um acidente e que \u00e9 prematuro tirar conclus\u00f5es a partir dos v\u00eddeos ou das informa\u00e7\u00f5es divulgadas.<\/p>\n<div id=\"chunk-6n08p\" style=\"text-align: justify;\">\n<div class=\"mc-column content-text active-extra-styles\" data-block-type=\"raw\" data-block-weight=\"5\" data-block-id=\"44\">\n<div class=\"content-intertitle\">\n<h4>Qual a aeronave que caiu?<\/h4>\n<\/div>\n<div id=\"chunk-35qph\">\n<div class=\"mc-column content-text active-extra-styles\" data-block-type=\"unstyled\" data-block-weight=\"58\" data-block-id=\"47\">\n<p class=\"content-text__container\" data-track-category=\"Link no Texto\" data-track-links=\"\" data-mrf-recirculation=\"Article links\">Segundo a Ag\u00eancia Nacional de Avia\u00e7\u00e3o Civil (Anac), o modelo que caiu em Vinhedo, ATR-72-500 da VOEPASS, \u00e9 turbo\u00e9lice com 74 assentos. A aeronave \u00e9 fabricada pela ATR, com sede na Fran\u00e7a, que \u00e9 uma das maiores fabricantes de avia\u00e7\u00e3o do mundo.&nbsp;<span class=\"highlight highlighted\">Ela estava com a documenta\u00e7\u00e3o em dia e todos os tripulantes tinham habilita\u00e7\u00e3o v\u00e1lida.<\/span><\/p>\n<\/div>\n<\/div>\n<div id=\"chunk-f2dco\">\n<div class=\"mc-column content-text active-extra-styles\" data-block-type=\"unstyled\" data-block-weight=\"49\" data-block-id=\"48\">\n<p class=\"content-text__container\" data-track-category=\"Link no Texto\" data-track-links=\"\" data-mrf-recirculation=\"Article links\">De acordo com a fabricante, o ATR-72-500 pode voar com velocidade m\u00e1xima de 511 km\/h. O modelo tem 27 metros de comprimento e de envergadura, al\u00e9m de uma autonomia de voo de 1.324 quil\u00f4metros. O peso m\u00e1ximo que o avi\u00e3o pode carregar em servi\u00e7o \u00e9 de 7 mil quilos.<\/p>\n<\/div>\n<\/div>\n<div id=\"chunk-28jta\">\n<div class=\"mc-column content-text active-extra-styles\" data-block-type=\"unstyled\" data-block-weight=\"47\" data-block-id=\"50\">\n<p class=\"content-text__container\" data-track-category=\"Link no Texto\" data-track-links=\"\" data-mrf-recirculation=\"Article links\">O avi\u00e3o tinha 14 anos de fabrica\u00e7\u00e3o e era de um modelo conhecido no mundo da avia\u00e7\u00e3o por sua capacidade de operar em aeroportos de pista curta e de dif\u00edcil acesso no Brasil e em outras partes do mundo, especialmente na \u00c1sia,&nbsp;onde houve outros acidentes.<\/p>\n<\/div>\n<\/div>\n<div id=\"chunk-eukin\">\n<div class=\"mc-column content-text active-extra-styles\" data-block-type=\"unstyled\" data-block-weight=\"7\" data-block-id=\"51\">\n<p class=\"content-text__container\" data-track-category=\"Link no Texto\" data-track-links=\"\" data-mrf-recirculation=\"Article links\"><strong>Ficha t\u00e9cnica do ATR-72-500 (segundo a fabricante):<\/strong><\/p>\n<\/div>\n<\/div>\n<div id=\"chunk-56pls\">\n<div class=\"mc-column content-text active-extra-styles\" data-block-type=\"raw\" data-block-weight=\"23\" data-block-id=\"52\">\n<ul class=\"content-unordered-list\" data-mrf-recirculation=\"Recomendado\">\n<li>N\u00famero de assentos: 74<\/li>\n<li>Velocidade de cruzeiro: 511 km\/h<\/li>\n<li>Comprimento: 27 metros<\/li>\n<li>Envergadura: 27 metros<\/li>\n<li>Altura: 7,65 metros<\/li>\n<li>Autonomia de voo: 1.324 km<\/li>\n<\/ul>\n<\/div>\n<\/div>\n<div id=\"chunk-4ui4c\">\n<div class=\"mc-column content-text active-extra-styles\" data-block-type=\"raw\" data-block-weight=\"8\" data-block-id=\"53\">\n<div class=\"content-intertitle\">\n<h4>Como estava o tempo no momento da queda?<\/h4>\n<\/div>\n<\/div>\n<\/div>\n<div id=\"chunk-990ei\">\n<div class=\"mc-column content-text active-extra-styles\" data-block-type=\"unstyled\" data-block-weight=\"21\" data-block-id=\"54\">\n<p class=\"content-text__container\" data-track-category=\"Link no Texto\" data-track-links=\"\" data-mrf-recirculation=\"Article links\">Meteorologistas apontaram &#8220;\u00e1reas de instabilidade&#8221; e 35% de forma\u00e7\u00e3o de gelo nas proximidades do local onde o avi\u00e3o caiu.<\/p>\n<\/div>\n<\/div>\n<div id=\"chunk-622iq\">\n<div class=\"mc-column content-text active-extra-styles\" data-block-type=\"unstyled\" data-block-weight=\"34\" data-block-id=\"56\">\n<p class=\"content-text__container\" data-track-category=\"Link no Texto\" data-track-links=\"\" data-mrf-recirculation=\"Article links\">De acordo com o Climatempo, no momento exato em que a aeronave estava fazendo a aproxima\u00e7\u00e3o havia um &#8220;forte vento&#8221; de cauda &#8211; o que aumenta a velocidade do avi\u00e3o em rela\u00e7\u00e3o ao solo.<\/p>\n<\/div>\n<\/div>\n<div id=\"chunk-4t54v\">\n<div class=\"mc-column content-text active-extra-styles\" data-block-type=\"unstyled\" data-block-weight=\"28\" data-block-id=\"57\">\n<p class=\"content-text__container\" data-track-category=\"Link no Texto\" data-track-links=\"\" data-mrf-recirculation=\"Article links\">&#8220;Estimativas de modelos meteorol\u00f3gicos indicam temperaturas entre -9\u00b0 a -11\u00b0 C na altura correspondente a 500hPa na regi\u00e3o de Vinhedo por volta das 13h local&#8221;, disse o \u00f3rg\u00e3o.<\/p>\n<\/div>\n<\/div>\n<div id=\"chunk-kqnm\">\n<div class=\"mc-column content-text active-extra-styles\" data-block-type=\"raw\" data-block-weight=\"5\" data-block-id=\"58\">\n<div class=\"content-intertitle\">\n<h4>O que diz a VOEPASS?<\/h4>\n<\/div>\n<\/div>\n<\/div>\n<div id=\"chunk-fspf1\">\n<div class=\"mc-column content-text active-extra-styles\" data-block-type=\"unstyled\" data-block-weight=\"37\" data-block-id=\"59\">\n<p class=\"content-text__container\" data-track-category=\"Link no Texto\" data-track-links=\"\" data-mrf-recirculation=\"Article links\">O CEO da Voepass Linhas A\u00e9reas, Eduardo Busch, concedeu entrevista coletiva na noite desta sexta e afirmou que os pilotos eram experientes e que os sistemas operacionais da aeronave estavam todos em funcionamento no momento da decolagem.<\/p>\n<\/div>\n<\/div>\n<div id=\"chunk-5qqud\">\n<div class=\"mc-column content-text active-extra-styles\" data-block-type=\"unstyled\" data-block-weight=\"29\" data-block-id=\"60\">\n<p class=\"content-text__container\" data-track-category=\"Link no Texto\" data-track-links=\"\" data-mrf-recirculation=\"Article links\">Mais cedo, a companhia a\u00e9rea comunicou em nota que&nbsp;prioriza prestar irrestrita assist\u00eancia \u00e0s fam\u00edlias das v\u00edtimas e colabora efetivamente&nbsp;com as autoridades para apura\u00e7\u00e3o das causas do acidente.<\/p>\n<\/div>\n<\/div>\n<div id=\"chunk-6i2kt\">\n<div class=\"mc-column content-text active-extra-styles\" data-block-type=\"unstyled\" data-block-weight=\"32\" data-block-id=\"61\">\n<p class=\"content-text__container\" data-track-category=\"Link no Texto\" data-track-links=\"\" data-mrf-recirculation=\"Article links\">&#8220;A VOEPASS Linhas A\u00e9reas informa que a aeronave PS-VPB, ATR-72, do voo 2283, decolou de CAC sem nenhuma restri\u00e7\u00e3o de voo, com todos os seus sistemas aptos para a realiza\u00e7\u00e3o da opera\u00e7\u00e3o&#8221;.<\/p>\n<div id=\"chunk-ab9ju\">\n<div class=\"mc-column content-text active-extra-styles\" data-block-type=\"raw\" data-block-weight=\"2\" data-block-id=\"69\">\n<div class=\"content-intertitle\">\n<h4>Nota FAB<\/h4>\n<\/div>\n<\/div>\n<\/div>\n<div id=\"chunk-5ib9r\">\n<div class=\"mc-column content-text active-extra-styles\" data-block-type=\"unstyled\" data-block-weight=\"45\" data-block-id=\"70\">\n<p class=\"content-text__container\" data-track-category=\"Link no Texto\" data-track-links=\"\" data-mrf-recirculation=\"Article links\"><em>A For\u00e7a A\u00e9rea Brasileira (FAB) informa que, por meio do Centro de Investiga\u00e7\u00e3o e Preven\u00e7\u00e3o de Acidentes Aeron\u00e1uticos (CENIPA), foi acionada para atuar na ocorr\u00eancia da queda da aeronave da Passaredo, de matr\u00edcula PTB 2283, registrada na tarde desta sexta-feira (09\/08), em Vinhedo (SP).<\/em><\/p>\n<\/div>\n<\/div>\n<div id=\"chunk-cnlcg\">\n<div class=\"mc-column content-text active-extra-styles\" data-block-type=\"unstyled\" data-block-weight=\"36\" data-block-id=\"71\">\n<p class=\"content-text__container\" data-track-category=\"Link no Texto\" data-track-links=\"\" data-mrf-recirculation=\"Article links\"><em>Investigadores do CENIPA e do Quarto Servi\u00e7o Regional de Investiga\u00e7\u00e3o e Preven\u00e7\u00e3o de Acidentes Aeron\u00e1uticos (SERIPA IV), \u00f3rg\u00e3o regional do Centro, localizados em S\u00e3o Paulo, j\u00e1 est\u00e3o a caminho para realizar a A\u00e7\u00e3o Inicial da ocorr\u00eancia.<\/em><\/p>\n<\/div>\n<\/div>\n<div id=\"chunk-blmsp\">\n<div class=\"mc-column content-text active-extra-styles\" data-block-type=\"raw\" data-block-weight=\"3\" data-block-id=\"72\">\n<div class=\"content-intertitle\">\n<h4>Nota companhia a\u00e9rea<\/h4>\n<\/div>\n<\/div>\n<\/div>\n<div id=\"chunk-9q447\">\n<div class=\"mc-column content-text active-extra-styles\" data-block-type=\"unstyled\" data-block-weight=\"48\" data-block-id=\"73\">\n<p class=\"content-text__container\" data-track-category=\"Link no Texto\" data-track-links=\"\" data-mrf-recirculation=\"Article links\"><em>A VOEPASS Linhas A\u00e9reas informa a ocorr\u00eancia de um acidente envolvendo o voo 2283- avi\u00e3o PS &#8211; VPB, nesta ter\u00e7a-feira, dia 09 de agosto, na regi\u00e3o de Vinhedo\/SP. A aeronave decolou de&nbsp;<\/em><em>Cascavel<\/em><em>\/PR com destino ao Aeroporto de&nbsp;<\/em><em>Guar<\/em><em>u<\/em><em>lhos<\/em><em>, com 57 passageiros e 4 tripulantes a bordo.<\/em><\/p>\n<\/div>\n<\/div>\n<div id=\"chunk-312fj\">\n<div class=\"mc-column content-text active-extra-styles\" data-block-type=\"unstyled\" data-block-weight=\"31\" data-block-id=\"74\">\n<p class=\"content-text__container\" data-track-category=\"Link no Texto\" data-track-links=\"\" data-mrf-recirculation=\"Article links\"><em>A VOEPASS acionou todos os meios para apoiar os envolvidos. N\u00e3o h\u00e1 ainda confirma\u00e7\u00e3o de como ocorreu o acidente e nem da situa\u00e7\u00e3o atual das pessoas que estavam a bordo.<\/em><\/p>\n<\/div>\n<\/div>\n<div id=\"chunk-29mna\">\n<div class=\"mc-column content-text active-extra-styles\" data-block-type=\"unstyled\" data-block-weight=\"19\" data-block-id=\"75\">\n<p class=\"content-text__container\" data-track-category=\"Link no Texto\" data-track-links=\"\" data-mrf-recirculation=\"Article links\"><em>A Companhia est\u00e1 prestando, pelo telefone 0800 9419712, dispon\u00edvel 24h, informa\u00e7\u00f5es a todos os seus passageiros, familiares e colaboradores.<\/em><\/p>\n<\/div>\n<\/div>\n<div id=\"chunk-3172t\">\n<div class=\"mc-column content-text active-extra-styles\" data-block-type=\"unstyled\" data-block-weight=\"31\" data-block-id=\"76\">\n<p class=\"content-text__container\" data-track-category=\"Link no Texto\" data-track-links=\"\" data-mrf-recirculation=\"Article links\"><em>A VOEPASS Linhas A\u00e9reas informa que a aeronave PS-VPB, ATR-72, do voo 2283, decolou de CAC sem nenhuma restri\u00e7\u00e3o operacional, com todos os seus sistemas aptos para a realiza\u00e7\u00e3o do voo.<\/em><\/p>\n<\/div>\n<\/div>\n<\/div>\n<\/div>\n<\/div>\n<\/div>\n<div id=\"chunk-bc1\">\n<div id=\"chunk-5pegk\" style=\"text-align: justify;\">\n<div class=\"mc-column content-text active-extra-styles\" data-block-type=\"raw\" data-block-weight=\"4\" data-block-id=\"79\">\n<div class=\"content-intertitle\">\n<h4>Nota aeroporto de Cascavel<\/h4>\n<\/div>\n<\/div>\n<\/div>\n<div id=\"chunk-2dcvc\" style=\"text-align: justify;\">\n<div class=\"mc-column content-text active-extra-styles\" data-block-type=\"unstyled\" data-block-weight=\"26\" data-block-id=\"80\">\n<p class=\"content-text__container\" data-track-category=\"Link no Texto\" data-track-links=\"\" data-mrf-recirculation=\"Article links\"><em>A gest\u00e3o do Aeroporto Regional de Cascavel informa que aguarda informa\u00e7\u00f5es da companhia a\u00e9rea Passaredo que, no momento, \u00e9 o \u00fanico \u00f3rg\u00e3o que det\u00e9m informa\u00e7\u00f5es oficiais.<\/em><\/p>\n<\/div>\n<\/div>\n<div id=\"chunk-er0oh\" style=\"text-align: justify;\">\n<div class=\"mc-column content-text active-extra-styles\" data-block-type=\"unstyled\" data-block-weight=\"23\" data-block-id=\"81\">\n<p class=\"content-text__container\" data-track-category=\"Link no Texto\" data-track-links=\"\" data-mrf-recirculation=\"Article links\"><em>Uma opera\u00e7\u00e3o padr\u00e3o de emerg\u00eancia regida pela equipe do Aeroporto est\u00e1 em curso para entrar em contato com as fam\u00edlias de poss\u00edveis v\u00edtimas.<\/em><\/p>\n<\/div>\n<\/div>\n<div id=\"chunk-aokic\" style=\"text-align: justify;\">\n<div class=\"mc-column content-text active-extra-styles\" data-block-type=\"unstyled\" data-block-weight=\"24\" data-block-id=\"82\">\n<p class=\"content-text__container\" data-track-category=\"Link no Texto\" data-track-links=\"\" data-mrf-recirculation=\"Article links\"><em>A aeronave que saiu do Aeroporto Regional de Cascavel com destino a Guarulhos, caiu cidade de Vinhedo, S\u00e3o Paulo, na tarde desta sexta-feira (9).<\/em><\/p>\n<\/div>\n<\/div>\n<div id=\"chunk-b1p1r\" style=\"text-align: justify;\">\n<div class=\"mc-column content-text active-extra-styles\" data-block-type=\"raw\" data-block-weight=\"5\" data-block-id=\"83\">\n<div class=\"content-intertitle\">\n<h4>Nota Minist\u00e9rio Portos e Aeroportos<\/h4>\n<\/div>\n<\/div>\n<\/div>\n<div id=\"chunk-8uq9i\" style=\"text-align: justify;\">\n<div class=\"mc-column content-text active-extra-styles\" data-block-type=\"unstyled\" data-block-weight=\"35\" data-block-id=\"84\">\n<p class=\"content-text__container\" data-track-category=\"Link no Texto\" data-track-links=\"\" data-mrf-recirculation=\"Article links\"><em>O Minist\u00e9rio de Portos e Aeroportos (MPor) lamenta profundamente o acidente envolvendo a aeronave com passageiros, ocorrida em Vinhedo-SP, no in\u00edcio da tarde desta sexta-feira (9), e manifesta solidariedade aos familiares e amigos das v\u00edtimas.<\/em><\/p>\n<\/div>\n<\/div>\n<div id=\"chunk-bd022\" style=\"text-align: justify;\">\n<div class=\"mc-column content-text active-extra-styles\" data-block-type=\"unstyled\" data-block-weight=\"39\" data-block-id=\"86\">\n<p class=\"content-text__container\" data-track-category=\"Link no Texto\" data-track-links=\"\" data-mrf-recirculation=\"Article links\"><em>A Ag\u00eancia Nacional de Avia\u00e7\u00e3o Civil (Anac) est\u00e1 acompanhando a presta\u00e7\u00e3o do atendimento aos familiares pela empresa a\u00e9rea, bem como adota as provid\u00eancias necess\u00e1rias para averigua\u00e7\u00e3o da situa\u00e7\u00e3o regulamentar da aeronave e dos tripulantes, no \u00e2mbito de suas atribui\u00e7\u00f5es.<\/em><\/p>\n<\/div>\n<\/div>\n<div id=\"chunk-5ndtn\">\n<div class=\"mc-column content-text active-extra-styles\" data-block-type=\"unstyled\" data-block-weight=\"22\" data-block-id=\"87\">\n<p class=\"content-text__container\" style=\"text-align: justify;\" data-track-category=\"Link no Texto\" data-track-links=\"\" data-mrf-recirculation=\"Article links\"><em>O Governo Federal acompanha ainda os desdobramentos das investiga\u00e7\u00f5es oficiais sob compet\u00eancia do Centro de Investiga\u00e7\u00e3o e Preven\u00e7\u00e3o de Acidentes Aeron\u00e1uticos (Cenipa).<\/em><\/p>\n<p data-track-category=\"Link no Texto\" data-track-links=\"\" data-mrf-recirculation=\"Article links\"><em>Fonte: g1&nbsp;<\/em><\/p>\n<p data-track-category=\"Link no Texto\" data-track-links=\"\" data-mrf-recirculation=\"Article links\"><em>Foto: Wesley Justino\/EPTV<a href=\"https:\/\/www2.comunitaria.com.br\/en\/flores-bilhete-oracoes-local-da-queda-de-aviao-em-vinhedo-recebe-homenagens-as-vitimas\/design-sem-nome-22\/\" rel=\"attachment wp-att-63729\"><img loading=\"lazy\" decoding=\"async\" class=\"aligncenter size-full wp-image-63729\" src=\"http:\/\/www2.comunitaria.com.br\/wp-content\/uploads\/2024\/08\/design-sem-nome-22-.avif\" alt=\"\" width=\"640\" height=\"360\"><\/a><\/em><\/p>\n<\/div>\n<\/div>\n<\/div>\n<\/div>\n<\/div>\n<\/div>\n<\/div>\n<\/div>\n<\/div>\n<\/div>\n<\/div>\n<\/div>\n<\/div>\n<\/div>\n<\/div>\n<\/div>","protected":false},"excerpt":{"rendered":"<p>O local onde o&nbsp;avi\u00e3o com 58 passageiros e quatro tripulantes&nbsp;caiu em&nbsp;Vinhedo (SP)&nbsp;come\u00e7ou a receber flores, bilhete e ora\u00e7\u00f5es em&nbsp;homenagens \u00e0s v\u00edtimas&nbsp;neste domingo (11). A aposentada Vera L\u00facia Freitas da Silva,&#8230;<\/p>","protected":false},"author":2,"featured_media":63729,"comment_status":"closed","ping_status":"closed","sticky":false,"template":"","format":"standard","meta":{"ngg_post_thumbnail":0,"footnotes":""},"categories":[47,33],"tags":[522,6494],"class_list":["post-63728","post","type-post","status-publish","format-standard","has-post-thumbnail","hentry","category-brasil","category-noticias","tag-acidente-aereo","tag-vinhedo"],"amp_enabled":true,"_links":{"self":[{"href":"https:\/\/www2.comunitaria.com.br\/en\/wp-json\/wp\/v2\/posts\/63728","targetHints":{"allow":["GET"]}}],"collection":[{"href":"https:\/\/www2.comunitaria.com.br\/en\/wp-json\/wp\/v2\/posts"}],"about":[{"href":"https:\/\/www2.comunitaria.com.br\/en\/wp-json\/wp\/v2\/types\/post"}],"author":[{"embeddable":true,"href":"https:\/\/www2.comunitaria.com.br\/en\/wp-json\/wp\/v2\/users\/2"}],"replies":[{"embeddable":true,"href":"https:\/\/www2.comunitaria.com.br\/en\/wp-json\/wp\/v2\/comments?post=63728"}],"version-history":[{"count":0,"href":"https:\/\/www2.comunitaria.com.br\/en\/wp-json\/wp\/v2\/posts\/63728\/revisions"}],"wp:featuredmedia":[{"embeddable":true,"href":"https:\/\/www2.comunitaria.com.br\/en\/wp-json\/wp\/v2\/media\/63729"}],"wp:attachment":[{"href":"https:\/\/www2.comunitaria.com.br\/en\/wp-json\/wp\/v2\/media?parent=63728"}],"wp:term":[{"taxonomy":"category","embeddable":true,"href":"https:\/\/www2.comunitaria.com.br\/en\/wp-json\/wp\/v2\/categories?post=63728"},{"taxonomy":"post_tag","embeddable":true,"href":"https:\/\/www2.comunitaria.com.br\/en\/wp-json\/wp\/v2\/tags?post=63728"}],"curies":[{"name":"wp","href":"https:\/\/api.w.org\/{rel}","templated":true}]}}