{"id":63669,"date":"2024-08-09T14:58:50","date_gmt":"2024-08-09T16:58:50","guid":{"rendered":"https:\/\/www2.comunitaria.com.br\/?p=63669"},"modified":"2024-08-09T14:58:51","modified_gmt":"2024-08-09T16:58:51","slug":"policia-civil-participa-da-operacao-shamar-no-combate-a-violencia-domestica-e-familiar-contra-a-mulher-e-ao-feminicidio","status":"publish","type":"post","link":"https:\/\/www2.comunitaria.com.br\/en\/policia-civil-participa-da-operacao-shamar-no-combate-a-violencia-domestica-e-familiar-contra-a-mulher-e-ao-feminicidio\/","title":{"rendered":"Pol\u00edcia Civil participa da Opera\u00e7\u00e3o Shamar no combate \u00e0 viol\u00eancia dom\u00e9stica e familiar contra a mulher e ao feminic\u00eddio"},"content":{"rendered":"<p class=\"Default\" style=\"text-align: justify;\">A Pol\u00edcia Civil ga\u00facha participa de mais uma edi\u00e7\u00e3o da Opera\u00e7\u00e3o Shamar, no combate \u00e0 viol\u00eancia dom\u00e9stica e familiar contra a mulher e ao feminic\u00eddio. A Opera\u00e7\u00e3o Shamar \u00e9 coordenada pelo Minist\u00e9rio da Justi\u00e7a e Seguran\u00e7a P\u00fablica, atrav\u00e9s da Secretaria Nacional de Seguran\u00e7a P\u00fablica e tem a participa\u00e7\u00e3o&nbsp;dos \u00f3rg\u00e3os de seguran\u00e7a p\u00fablica de todas as unidades federativas, no per\u00edodo de 01 de agosto a 29 de agosto de 2024.<\/p>\n<p class=\"Default\" style=\"text-align: justify;\">O Dia \u201cD\u201d da opera\u00e7\u00e3o foi o dia 07 de agosto, data marcada pela san\u00e7\u00e3o da Lei Maria da Penha (Lei n\u00ba 11.340\/2006), que completou 18 anos de exist\u00eancia.&nbsp;Durante a Opera\u00e7\u00e3o Shamar, esfor\u00e7os est\u00e3o sendo concentrados no desenvolvimento de a\u00e7\u00f5es policiais, preventivas, educativas, ostensivas e repressivas, visando o combate \u00e0 viol\u00eancia dom\u00e9stica e familiar contra a mulher e ao feminic\u00eddio.<\/p>\n<p class=\"Default\" style=\"text-align: justify;\">Dentro de suas atribui\u00e7\u00f5es, a Pol\u00edcia Civil ga\u00facha est\u00e1 verificando den\u00fancias, cumprindo ordens judiciais e realizando a\u00e7\u00f5es integradas com as demais for\u00e7as de seguran\u00e7a, inclusive realizando distribui\u00e7\u00e3o de material que trata sobre o tema da viol\u00eancia dom\u00e9stica e familiar contra a mulher.<\/p>\n<p class=\"Default\" style=\"text-align: justify;\"><em>Fonte: Pol\u00edcia Civil<\/em><\/p>\n<p style=\"text-align: justify;\"><a href=\"https:\/\/www2.comunitaria.com.br\/en\/policia-civil-participa-da-operacao-shamar-no-combate-a-violencia-domestica-e-familiar-contra-a-mulher-e-ao-feminicidio\/09105443_505493_gd\/\" rel=\"attachment wp-att-63670\"><img loading=\"lazy\" decoding=\"async\" class=\"aligncenter size-full wp-image-63670\" src=\"http:\/\/www2.comunitaria.com.br\/wp-content\/uploads\/2024\/08\/09105443_505493_GD.jpeg\" alt=\"\" width=\"800\" height=\"450\" srcset=\"https:\/\/www2.comunitaria.com.br\/wp-content\/uploads\/2024\/08\/09105443_505493_GD.jpeg 800w, https:\/\/www2.comunitaria.com.br\/wp-content\/uploads\/2024\/08\/09105443_505493_GD-300x169.jpeg 300w, https:\/\/www2.comunitaria.com.br\/wp-content\/uploads\/2024\/08\/09105443_505493_GD-768x432.jpeg 768w, https:\/\/www2.comunitaria.com.br\/wp-content\/uploads\/2024\/08\/09105443_505493_GD-260x145.jpeg 260w\" sizes=\"auto, (max-width: 800px) 100vw, 800px\" \/><\/a><\/p>","protected":false},"excerpt":{"rendered":"<p>A Pol\u00edcia Civil ga\u00facha participa de mais uma edi\u00e7\u00e3o da Opera\u00e7\u00e3o Shamar, no combate \u00e0 viol\u00eancia dom\u00e9stica e familiar contra a mulher e ao feminic\u00eddio. A Opera\u00e7\u00e3o Shamar \u00e9 coordenada&#8230;<\/p>","protected":false},"author":2,"featured_media":63670,"comment_status":"closed","ping_status":"closed","sticky":false,"template":"","format":"standard","meta":{"ngg_post_thumbnail":0,"footnotes":""},"categories":[46,33,36],"tags":[6487,1518],"class_list":["post-63669","post","type-post","status-publish","format-standard","has-post-thumbnail","hentry","category-estado","category-noticias","category-policia","tag-operacao-shamar","tag-policia-civil"],"amp_enabled":true,"_links":{"self":[{"href":"https:\/\/www2.comunitaria.com.br\/en\/wp-json\/wp\/v2\/posts\/63669","targetHints":{"allow":["GET"]}}],"collection":[{"href":"https:\/\/www2.comunitaria.com.br\/en\/wp-json\/wp\/v2\/posts"}],"about":[{"href":"https:\/\/www2.comunitaria.com.br\/en\/wp-json\/wp\/v2\/types\/post"}],"author":[{"embeddable":true,"href":"https:\/\/www2.comunitaria.com.br\/en\/wp-json\/wp\/v2\/users\/2"}],"replies":[{"embeddable":true,"href":"https:\/\/www2.comunitaria.com.br\/en\/wp-json\/wp\/v2\/comments?post=63669"}],"version-history":[{"count":0,"href":"https:\/\/www2.comunitaria.com.br\/en\/wp-json\/wp\/v2\/posts\/63669\/revisions"}],"wp:featuredmedia":[{"embeddable":true,"href":"https:\/\/www2.comunitaria.com.br\/en\/wp-json\/wp\/v2\/media\/63670"}],"wp:attachment":[{"href":"https:\/\/www2.comunitaria.com.br\/en\/wp-json\/wp\/v2\/media?parent=63669"}],"wp:term":[{"taxonomy":"category","embeddable":true,"href":"https:\/\/www2.comunitaria.com.br\/en\/wp-json\/wp\/v2\/categories?post=63669"},{"taxonomy":"post_tag","embeddable":true,"href":"https:\/\/www2.comunitaria.com.br\/en\/wp-json\/wp\/v2\/tags?post=63669"}],"curies":[{"name":"wp","href":"https:\/\/api.w.org\/{rel}","templated":true}]}}