{"id":63660,"date":"2024-08-09T14:24:25","date_gmt":"2024-08-09T16:24:25","guid":{"rendered":"https:\/\/www2.comunitaria.com.br\/?p=63660"},"modified":"2024-08-09T14:24:25","modified_gmt":"2024-08-09T16:24:25","slug":"presente-para-os-filhos-medalha-de-prata-de-isaquias-cai-durante-comemoracao-em-familia-e-lasca","status":"publish","type":"post","link":"https:\/\/www2.comunitaria.com.br\/en\/presente-para-os-filhos-medalha-de-prata-de-isaquias-cai-durante-comemoracao-em-familia-e-lasca\/","title":{"rendered":"Presente para os filhos, medalha de prata de Isaquias cai durante comemora\u00e7\u00e3o em fam\u00edlia e lasca"},"content":{"rendered":"<div id=\"chunk-9vo2k\">\n<div class=\"mc-column content-text active-extra-styles\" data-block-type=\"unstyled\" data-block-weight=\"93\" data-block-id=\"3\">\n<p class=\"content-text__container\" style=\"text-align: justify;\" data-track-category=\"Link no Texto\" data-track-links=\"\">Isaquias Queiroz tinha um motiva\u00e7\u00e3o extra para l\u00e1 de especial na busca por uma medalha nas Olimp\u00edadas de Paris: presentear os filhos Sebastian e Luigi. O primeiro faz 7 anos em 25 de agosto, enquanto o ca\u00e7ula completou 1 ano no in\u00edcio da semana. Quando estava em situa\u00e7\u00e3o dif\u00edcil na final do C1 1000m, nesta sexta-feira, o abra\u00e7o nos pequenos e na esposa Laina Guimar\u00e3es antes de entrar na \u00e1gua foi o combust\u00edvel para Isaquias sair do quinto ao segundo lugar com uma arrancada impressionante para cumprir a promessa ao mais velho.<\/p>\n<\/div>\n<\/div>\n<div class=\"wall protected-content\">\n<div id=\"chunk-55j6j\">\n<div class=\"mc-column content-text active-extra-styles\" data-block-type=\"unstyled\" data-block-weight=\"65\" data-block-id=\"4\">\n<p class=\"content-text__container\" style=\"text-align: justify;\" data-track-category=\"Link no Texto\" data-track-links=\"\">Depois de subir ao p\u00f3dio, foi a hora de compartilhar a conquista em fam\u00edlia e entregar o &#8220;pr\u00eamio&#8221; aos filhos, mas, durante a comemora\u00e7\u00e3o, a medalha caiu no ch\u00e3o e deu uma lascada depois que Isaquias a colocou no pesco\u00e7o de Sebastian. Isaquias ficou chateado com o incidente e pediu para a assessoria ver com a organiza\u00e7\u00e3o das Olimp\u00edadas a possibilidade de uma troca.<\/p>\n<div id=\"chunk-a2eba\" style=\"text-align: justify;\">\n<div class=\"mc-column content-text active-extra-styles\" data-block-type=\"unstyled\" data-block-weight=\"26\" data-block-id=\"8\">\n<p class=\"content-text__container\" data-track-category=\"Link no Texto\" data-track-links=\"\">Antes, ele tinha falado ao rep\u00f3rter Pedro Bassan, da TV Globo, da emo\u00e7\u00e3o em viver momentos especiais assim ao lado dos filhos e da esposa.<\/p>\n<\/div>\n<\/div>\n<div id=\"chunk-1nuvn\" style=\"text-align: justify;\">\n<div class=\"mc-column content-text active-extra-styles\" data-block-type=\"unstyled\" data-block-weight=\"53\" data-block-id=\"9\">\n<p class=\"content-text__container\" data-track-category=\"Link no Texto\" data-track-links=\"\">&#8211; \u00c9 uma sensa\u00e7\u00e3o incr\u00edvel, diferente. \u00c9 muito especial para mim. Ganhei medalha de prata e bronze no Rio, o ouro T\u00f3quio, mas sem a presen\u00e7a de familiares e torcida (por causa da pandemia de Covid-19). Agora poder ganhar essa medalha de prata na frente dos filhos e da esposa \u00e9 maravilhoso.<\/p>\n<\/div>\n<\/div>\n<div id=\"chunk-8pnsg\" style=\"text-align: justify;\">\n<div class=\"mc-column content-text active-extra-styles\" data-block-type=\"unstyled\" data-block-weight=\"65\" data-block-id=\"11\">\n<p class=\"content-text__container\" data-track-category=\"Link no Texto\" data-track-links=\"\">&#8211; Ele (Sebastian) estava me pedindo muito a medalha. Consegui para ele. N\u00e3o foi o ouro, mas essa prata, do jeito que foi, vale ouro. Ele ficou feliz, mordeu a medalha. O Sebastian j\u00e1 entende todo o processo, tem acompanhado bem de perto. A minha fam\u00edlia me ajudou bastante ao longo desses \u00faltimos anos e poder comemorar com eles presentes aqui \u00e9 algo \u00fanico.<\/p>\n<\/div>\n<\/div>\n<p style=\"text-align: justify;\" data-track-category=\"Link no Texto\" data-track-links=\"\">Isaquias contou com a torcida da fam\u00edlia nas arquibancadas do Est\u00e1dio N\u00e1utico desde o in\u00edcio das disputas da canoagem de velocidade. Fechou a participa\u00e7\u00e3o no C2 500m ao lado de Jacky Godmann na oitava coloca\u00e7\u00e3o, mas transformou a frustra\u00e7\u00e3o no dia anterior em p\u00f3dio nesta sexta.<\/p>\n<p style=\"text-align: justify;\" data-track-category=\"Link no Texto\" data-track-links=\"\">Com a medalha, Isaquias chegou ao quinto p\u00f3dio ol\u00edmpico na carreira e se igualou aos velejadores Robert Scheidt e Torben Grael em segundo entre os recordistas do Brasil &#8211;<strong>&nbsp;a ginasta Rebeca Andrade lidera o ranking, com seis medalhas.<\/strong><\/p>\n<div id=\"chunk-bbks\" style=\"text-align: justify;\">\n<div class=\"mc-column content-text active-extra-styles\" data-block-type=\"raw\" data-block-weight=\"2\" data-block-id=\"20\">\n<div class=\"content-intertitle\">\n<h4>A prova<\/h4>\n<\/div>\n<\/div>\n<\/div>\n<div id=\"chunk-3gvav\" style=\"text-align: justify;\">\n<div class=\"mc-column content-text active-extra-styles\" data-block-type=\"unstyled\" data-block-weight=\"46\" data-block-id=\"21\">\n<p class=\"content-text__container\" data-track-category=\"Link no Texto\" data-track-links=\"\">O bicampeonato ol\u00edmpico da prova ficou distante diante do desempenho impec\u00e1vel de Martin Fuksa, mas Isaquias mostrou por que \u00e9 um dos grandes cano\u00edstas da hist\u00f3ria. Depois de um come\u00e7o acirrado, o brasileiro ficou para tr\u00e1s. Era o quarto na linha dos primeiros 250 metros.<\/p>\n<\/div>\n<\/div>\n<div id=\"chunk-6k3or\" style=\"text-align: justify;\">\n<div class=\"mc-column content-text active-extra-styles\" data-block-type=\"unstyled\" data-block-weight=\"49\" data-block-id=\"22\">\n<p class=\"content-text__container\" data-track-category=\"Link no Texto\" data-track-links=\"\">Enquanto Fuksa sobrava na frente e abria vantagem, Isaquias chegou a cair para quinto. Foi essa a posi\u00e7\u00e3o dele faltando o quarto final da prova (250m), a quase dois barcos de diferen\u00e7a para Zakhar Petrov (Atletas Individuais Neutros) e Serghei Tarnovschi, segundo e terceiro colocados no momento, respectivamente.<\/p>\n<\/div>\n<\/div>\n<div id=\"chunk-85rjt\" style=\"text-align: justify;\">\n<div class=\"mc-column content-text active-extra-styles\" data-block-type=\"unstyled\" data-block-weight=\"36\" data-block-id=\"23\">\n<p class=\"content-text__container\" data-track-category=\"Link no Texto\" data-track-links=\"\">A partir de ent\u00e3o, Isaquias acionou o &#8220;modo turbo&#8221; e atropelou os advers\u00e1rios para ganhar tr\u00eas posi\u00e7\u00f5es e fechar em segundo, garantindo a 16\u00aa medalha do Brasil em Paris. Para orgulho de Sebastian e Luigi.<\/p>\n<\/div>\n<\/div>\n<div id=\"chunk-bcqd4\">\n<div class=\"bs-video-block mc-column  content-media content-video\" data-block-type=\"backstage-video\" data-block-id=\"24\">\n<div class=\"content-media__container\">\n<div class=\"content-video__bigger-player-description-fixer\">\n<article class=\"content-video\">\n<section class=\"content-video__video-container\">\n<div class=\"content-video__video\">\n<div id=\"wp3-player-4\" class=\"clappr-player\" tabindex=\"9999\" data-player=\"\">\n<div class=\"dfp-ad-overlay dfp-ad-overlay--poster-mode\" style=\"text-align: justify;\">&nbsp;<\/div>\n<div class=\"container\" data-container=\"\">\n<div class=\"spinner\" role=\"alert\">\n<div id=\"chunk-c1mhj\" style=\"text-align: justify;\">\n<div class=\"mc-column content-text active-extra-styles\" data-block-type=\"unstyled\" data-block-weight=\"34\" data-block-id=\"26\">\n<p class=\"content-text__container\" data-track-category=\"Link no Texto\" data-track-links=\"\">Martin Fuksa, da Rep\u00fablica Tcheca, levou o ouro com a melhor marca ol\u00edmpica da categoria: 3m43s16 &#8211; o tempo do brasileiro foi de 3m44s33. Serghei Tarnovschi, da Mold\u00e1via, completou o p\u00f3dio, em terceiro (3m44s68).<\/p>\n<\/div>\n<\/div>\n<div id=\"chunk-al5e2\" style=\"text-align: justify;\">\n<div class=\"mc-column content-text active-extra-styles\" data-block-type=\"raw\" data-block-weight=\"4\" data-block-id=\"27\">\n<div class=\"content-intertitle\">\n<h4>Resultado da final\u23f1\ufe0f :<\/h4>\n<\/div>\n<\/div>\n<\/div>\n<div id=\"chunk-e219l\">\n<div class=\"mc-column content-text active-extra-styles\" data-block-type=\"raw\" data-block-weight=\"46\" data-block-id=\"28\">\n<ol class=\"content-ordered-list theme-ordered-list-color-primary\" style=\"text-align: justify;\">\n<li>Martin Fuksa (Rep\u00fablica Tcheca) &#8211; 3m43s16 \ud83e\udd47<\/li>\n<li><strong>Isaquias Queiroz (Brasil) &#8211; 3m44s33 \ud83e\udd48<\/strong><\/li>\n<li>Serghei Tarnovschi (Mold\u00e1via) &#8211; 3m44s68 \ud83e\udd49<\/li>\n<li>Zakhar Petrov (Atletas Individuais Neutros) &#8211; 3m45s28<\/li>\n<li>Carlo Tacchini (It\u00e1lia) &#8211; 3m48s97<\/li>\n<li>Wiktor Glazunow (Pol\u00f4nia) &#8211; 3m49s05<\/li>\n<li>Balazs Adolf (Hungria) &#8211; 3m49s83<\/li>\n<li>Sebastian Brendel (Alemanha) &#8211; 3m51s44<\/li>\n<\/ol>\n<p><em>Fonte: ge<\/em><\/p>\n<p><em>Foto: Alexandre Loureiro\/COB<a href=\"https:\/\/www2.comunitaria.com.br\/en\/presente-para-os-filhos-medalha-de-prata-de-isaquias-cai-durante-comemoracao-em-familia-e-lasca\/whatsapp-image-2024-08-09-at-10-11-41\/\" rel=\"attachment wp-att-63661\"><img loading=\"lazy\" decoding=\"async\" class=\"aligncenter size-full wp-image-63661\" src=\"http:\/\/www2.comunitaria.com.br\/wp-content\/uploads\/2024\/08\/whatsapp-image-2024-08-09-at-10.11.41.avif\" alt=\"\" width=\"640\" height=\"426\"><\/a><\/em><\/p>\n<\/div>\n<\/div>\n<\/div>\n<\/div>\n<\/div>\n<\/div>\n<\/section>\n<\/article>\n<\/div>\n<\/div>\n<\/div>\n<\/div>\n<\/div>\n<\/div>\n<\/div>","protected":false},"excerpt":{"rendered":"<p>Isaquias Queiroz tinha um motiva\u00e7\u00e3o extra para l\u00e1 de especial na busca por uma medalha nas Olimp\u00edadas de Paris: presentear os filhos Sebastian e Luigi. O primeiro faz 7 anos&#8230;<\/p>","protected":false},"author":2,"featured_media":63661,"comment_status":"closed","ping_status":"closed","sticky":false,"template":"","format":"standard","meta":{"ngg_post_thumbnail":0,"footnotes":""},"categories":[47,33],"tags":[6478,465,6477,6484],"class_list":["post-63660","post","type-post","status-publish","format-standard","has-post-thumbnail","hentry","category-brasil","category-noticias","tag-canoagem","tag-esporte","tag-isaquias-queiroz","tag-olimpiadas-de-paris"],"amp_enabled":true,"_links":{"self":[{"href":"https:\/\/www2.comunitaria.com.br\/en\/wp-json\/wp\/v2\/posts\/63660","targetHints":{"allow":["GET"]}}],"collection":[{"href":"https:\/\/www2.comunitaria.com.br\/en\/wp-json\/wp\/v2\/posts"}],"about":[{"href":"https:\/\/www2.comunitaria.com.br\/en\/wp-json\/wp\/v2\/types\/post"}],"author":[{"embeddable":true,"href":"https:\/\/www2.comunitaria.com.br\/en\/wp-json\/wp\/v2\/users\/2"}],"replies":[{"embeddable":true,"href":"https:\/\/www2.comunitaria.com.br\/en\/wp-json\/wp\/v2\/comments?post=63660"}],"version-history":[{"count":0,"href":"https:\/\/www2.comunitaria.com.br\/en\/wp-json\/wp\/v2\/posts\/63660\/revisions"}],"wp:featuredmedia":[{"embeddable":true,"href":"https:\/\/www2.comunitaria.com.br\/en\/wp-json\/wp\/v2\/media\/63661"}],"wp:attachment":[{"href":"https:\/\/www2.comunitaria.com.br\/en\/wp-json\/wp\/v2\/media?parent=63660"}],"wp:term":[{"taxonomy":"category","embeddable":true,"href":"https:\/\/www2.comunitaria.com.br\/en\/wp-json\/wp\/v2\/categories?post=63660"},{"taxonomy":"post_tag","embeddable":true,"href":"https:\/\/www2.comunitaria.com.br\/en\/wp-json\/wp\/v2\/tags?post=63660"}],"curies":[{"name":"wp","href":"https:\/\/api.w.org\/{rel}","templated":true}]}}