{"id":63614,"date":"2024-08-09T09:48:16","date_gmt":"2024-08-09T11:48:16","guid":{"rendered":"https:\/\/www2.comunitaria.com.br\/?p=63614"},"modified":"2024-08-09T09:48:17","modified_gmt":"2024-08-09T11:48:17","slug":"ministro-diz-que-a-partir-desta-sexta-ja-serao-vendidas-passagens-para-o-salgado-filho-em-porto-alegre","status":"publish","type":"post","link":"https:\/\/www2.comunitaria.com.br\/en\/ministro-diz-que-a-partir-desta-sexta-ja-serao-vendidas-passagens-para-o-salgado-filho-em-porto-alegre\/","title":{"rendered":"Ministro diz que a partir desta sexta j\u00e1 ser\u00e3o vendidas passagens para o Salgado Filho, em Porto Alegre"},"content":{"rendered":"<div id=\"chunk-c75sl\">\n<div class=\"mc-column content-text active-extra-styles active-capital-letter\" data-block-type=\"unstyled\" data-block-weight=\"33\" data-block-id=\"2\">\n<p class=\"content-text__container theme-color-primary-first-letter\" style=\"text-align: justify;\" data-track-category=\"Link no Texto\" data-track-links=\"\" data-mrf-recirculation=\"Article links\">O ministro Silvio Costa Filho, dos Portos e Aeroportos, informou nesta quinta-feira (8) que passagens a\u00e9reas para o aeroporto Salgado Filho, em Porto Alegre, come\u00e7ar\u00e3o a ser vendidas a partir desta sexta-feira (9).<\/p>\n<\/div>\n<\/div>\n<div class=\"wall protected-content\">\n<div id=\"chunk-6ldol\" style=\"text-align: justify;\">\n<div class=\"mc-column content-text active-extra-styles\" data-block-type=\"unstyled\" data-block-weight=\"19\" data-block-id=\"3\">\n<p class=\"content-text__container\" data-track-category=\"Link no Texto\" data-track-links=\"\" data-mrf-recirculation=\"Article links\">A abertura da pista do aeroporto para pousos e decolagens est\u00e1 marcada para 21 de outubro, segundo o ministro.<\/p>\n<\/div>\n<\/div>\n<div id=\"chunk-ao9eh\" style=\"text-align: justify;\">\n<div class=\"mc-column content-text active-extra-styles\" data-block-type=\"unstyled\" data-block-weight=\"19\" data-block-id=\"4\">\n<p class=\"content-text__container\" data-track-category=\"Link no Texto\" data-track-links=\"\" data-mrf-recirculation=\"Article links\">O aeroporto foi fechado em maio, ap\u00f3s ser afetado pelas inunda\u00e7\u00f5es que tomaram o Rio Grande do Sul.<\/p>\n<\/div>\n<\/div>\n<div id=\"chunk-dmu3f\" style=\"text-align: justify;\">\n<div class=\"mc-column content-text active-extra-styles\" data-block-type=\"unstyled\" data-block-weight=\"19\" data-block-id=\"5\">\n<p class=\"content-text__container\" data-track-category=\"Link no Texto\" data-track-links=\"\" data-mrf-recirculation=\"Article links\">Nesse primeiro momento da reabertura, em outubro, ser\u00e3o usados 1500m da pista e ser\u00e3o realizados 128 voos di\u00e1rios.<\/p>\n<\/div>\n<\/div>\n<div id=\"chunk-1k5ao\" style=\"text-align: justify;\">\n<div class=\"mc-column content-text active-extra-styles\" data-block-type=\"unstyled\" data-block-weight=\"13\" data-block-id=\"6\">\n<p class=\"content-text__container\" data-track-category=\"Link no Texto\" data-track-links=\"\" data-mrf-recirculation=\"Article links\">Depois, a partir de dezembro, ser\u00e3o reabertos os demais 1700m da pista.<\/p>\n<\/div>\n<\/div>\n<div id=\"chunk-4tket\">\n<div class=\"mc-column content-text active-extra-styles\" data-block-type=\"unstyled\" data-block-weight=\"74\" data-block-id=\"7\">\n<p class=\"content-text__container\" style=\"text-align: justify;\" data-track-category=\"Link no Texto\" data-track-links=\"\" data-mrf-recirculation=\"Article links\">&#8220;Avan\u00e7armos al\u00e9m daquilo que j\u00e1 estava planejado. A partir agora, do dia 21 de outubro, ser\u00e1 reaberto a primeira etapa do aeroporto de Salgado Filho. N\u00f3s estamos autorizando a partir de amanh\u00e3 a retomada da venda das passagens a\u00e9reas para o estado do Rio Grande do Sul para o aeroporto Salgado Filho. Ser\u00e3o 128 voos di\u00e1rios que est\u00e3o sendo autorizados para a venda, o equivalente a mais de 900 voos semanais&#8221;, afirmou o ministro.<\/p>\n<p style=\"text-align: justify;\" data-track-category=\"Link no Texto\" data-track-links=\"\" data-mrf-recirculation=\"Article links\"><em>Fonte: g1<\/em><\/p>\n<p style=\"text-align: justify;\" data-track-category=\"Link no Texto\" data-track-links=\"\" data-mrf-recirculation=\"Article links\"><em>Foto: Divulga\u00e7\u00e3o\/Fraport<\/em><\/p>\n<p><a href=\"https:\/\/www2.comunitaria.com.br\/en\/ministro-diz-que-a-partir-desta-sexta-ja-serao-vendidas-passagens-para-o-salgado-filho-em-porto-alegre\/fraport\/\" rel=\"attachment wp-att-63616\"><img loading=\"lazy\" decoding=\"async\" class=\"aligncenter size-full wp-image-63616\" src=\"http:\/\/www2.comunitaria.com.br\/wp-content\/uploads\/2024\/08\/fraport.avif\" alt=\"\" width=\"640\" height=\"358\"><\/a><\/div>\n<\/div>\n<\/div>","protected":false},"excerpt":{"rendered":"<p>O ministro Silvio Costa Filho, dos Portos e Aeroportos, informou nesta quinta-feira (8) que passagens a\u00e9reas para o aeroporto Salgado Filho, em Porto Alegre, come\u00e7ar\u00e3o a ser vendidas a partir&#8230;<\/p>","protected":false},"author":2,"featured_media":63616,"comment_status":"closed","ping_status":"closed","sticky":false,"template":"","format":"standard","meta":{"ngg_post_thumbnail":0,"footnotes":""},"categories":[46,33],"tags":[6463,1359],"class_list":["post-63614","post","type-post","status-publish","format-standard","has-post-thumbnail","hentry","category-estado","category-noticias","tag-aeroporto-salgado-filho","tag-porto-alegre"],"amp_enabled":true,"_links":{"self":[{"href":"https:\/\/www2.comunitaria.com.br\/en\/wp-json\/wp\/v2\/posts\/63614","targetHints":{"allow":["GET"]}}],"collection":[{"href":"https:\/\/www2.comunitaria.com.br\/en\/wp-json\/wp\/v2\/posts"}],"about":[{"href":"https:\/\/www2.comunitaria.com.br\/en\/wp-json\/wp\/v2\/types\/post"}],"author":[{"embeddable":true,"href":"https:\/\/www2.comunitaria.com.br\/en\/wp-json\/wp\/v2\/users\/2"}],"replies":[{"embeddable":true,"href":"https:\/\/www2.comunitaria.com.br\/en\/wp-json\/wp\/v2\/comments?post=63614"}],"version-history":[{"count":0,"href":"https:\/\/www2.comunitaria.com.br\/en\/wp-json\/wp\/v2\/posts\/63614\/revisions"}],"wp:featuredmedia":[{"embeddable":true,"href":"https:\/\/www2.comunitaria.com.br\/en\/wp-json\/wp\/v2\/media\/63616"}],"wp:attachment":[{"href":"https:\/\/www2.comunitaria.com.br\/en\/wp-json\/wp\/v2\/media?parent=63614"}],"wp:term":[{"taxonomy":"category","embeddable":true,"href":"https:\/\/www2.comunitaria.com.br\/en\/wp-json\/wp\/v2\/categories?post=63614"},{"taxonomy":"post_tag","embeddable":true,"href":"https:\/\/www2.comunitaria.com.br\/en\/wp-json\/wp\/v2\/tags?post=63614"}],"curies":[{"name":"wp","href":"https:\/\/api.w.org\/{rel}","templated":true}]}}