{"id":63592,"date":"2024-08-08T15:21:27","date_gmt":"2024-08-08T17:21:27","guid":{"rendered":"https:\/\/www2.comunitaria.com.br\/?p=63592"},"modified":"2024-08-08T15:21:27","modified_gmt":"2024-08-08T17:21:27","slug":"policiamento-no-parque-de-exposicoes-monsenhor-vitor-batistella-sera-reforcado-nos-proximos-dias","status":"publish","type":"post","link":"https:\/\/www2.comunitaria.com.br\/en\/policiamento-no-parque-de-exposicoes-monsenhor-vitor-batistella-sera-reforcado-nos-proximos-dias\/","title":{"rendered":"Policiamento no Parque de Exposi\u00e7\u00f5es Monsenhor Vitor Batistella ser\u00e1 refor\u00e7ado nos pr\u00f3ximos dias"},"content":{"rendered":"<p>Em reuni\u00e3o realizada nesta quarta-feira (7), a Prefeitura de Frederico Westphalen e o 37\u00ba Batalh\u00e3o de Pol\u00edcia Militar (BPM) definiram uma s\u00e9rie de a\u00e7\u00f5es para refor\u00e7ar a seguran\u00e7a no Parque de Exposi\u00e7\u00f5es Monsenhor Vitor Batistella. Entre as a\u00e7\u00f5es previstas est\u00e3o o refor\u00e7o no policiamento ostensivo pela Brigada Militar no local.<\/p>\n<p>Al\u00e9m disso, a Prefeitura de FW ir\u00e1 ampliar o sistema de videomonitoramento existente no parque e fortalecer a equipe de vigil\u00e2ncia que atua no local. O objetivo das medidas \u00e9 proteger o patrim\u00f4nio p\u00fablico, bem como evitar aglomera\u00e7\u00f5es que causem perturba\u00e7\u00e3o de sossego aos moradores da regi\u00e3o.<\/p>\n<p>Conforme relatos da Secretaria de Ind\u00fastria, Com\u00e9rcio e Turismo, que \u00e9 respons\u00e1vel pela manuten\u00e7\u00e3o do parque, recentemente foram registrados diversos epis\u00f3dios de vandalismo, depreda\u00e7\u00e3o e polui\u00e7\u00e3o no parque de exposi\u00e7\u00f5es.<\/p>\n<p>As medidas de refor\u00e7o na seguran\u00e7a passam a valer j\u00e1 no pr\u00f3ximo fim de semana. Haver\u00e1 fiscaliza\u00e7\u00f5es e patrulhamentos pela Brigada Militar em hor\u00e1rios estrat\u00e9gicos, com o aumento das rondas nos hor\u00e1rios da noite e da madrugada.<\/p>\n<p>Participaram da reuni\u00e3o desta quarta-feira (7) o prefeito, Jos\u00e9 Alberto Panosso, a secret\u00e1ria de Ind\u00fastria, Com\u00e9rcio e Turismo, Cristiane Tranquillo S\u00e1, o comandante do 37\u00ba BPM, Major Itamar Ferreira Walter e o Capit\u00e3o Ruan de Oliveira Ribeiro, respons\u00e1vel pela 1\u00aa Companhia&nbsp;do&nbsp;37\u00ba&nbsp;BPM.<\/p>\n<p>Fonte: ASCOM Prefeitura de Frederico Westphalen&nbsp;<\/p>","protected":false},"excerpt":{"rendered":"<p>Em reuni\u00e3o realizada nesta quarta-feira (7), a Prefeitura de Frederico Westphalen e o 37\u00ba Batalh\u00e3o de Pol\u00edcia Militar (BPM) definiram uma s\u00e9rie de a\u00e7\u00f5es para refor\u00e7ar a seguran\u00e7a no Parque&#8230;<\/p>","protected":false},"author":2,"featured_media":63593,"comment_status":"closed","ping_status":"closed","sticky":false,"template":"","format":"standard","meta":{"ngg_post_thumbnail":0,"footnotes":""},"categories":[42,33],"tags":[],"class_list":["post-63592","post","type-post","status-publish","format-standard","has-post-thumbnail","hentry","category-fred-west","category-noticias"],"amp_enabled":true,"_links":{"self":[{"href":"https:\/\/www2.comunitaria.com.br\/en\/wp-json\/wp\/v2\/posts\/63592","targetHints":{"allow":["GET"]}}],"collection":[{"href":"https:\/\/www2.comunitaria.com.br\/en\/wp-json\/wp\/v2\/posts"}],"about":[{"href":"https:\/\/www2.comunitaria.com.br\/en\/wp-json\/wp\/v2\/types\/post"}],"author":[{"embeddable":true,"href":"https:\/\/www2.comunitaria.com.br\/en\/wp-json\/wp\/v2\/users\/2"}],"replies":[{"embeddable":true,"href":"https:\/\/www2.comunitaria.com.br\/en\/wp-json\/wp\/v2\/comments?post=63592"}],"version-history":[{"count":0,"href":"https:\/\/www2.comunitaria.com.br\/en\/wp-json\/wp\/v2\/posts\/63592\/revisions"}],"wp:featuredmedia":[{"embeddable":true,"href":"https:\/\/www2.comunitaria.com.br\/en\/wp-json\/wp\/v2\/media\/63593"}],"wp:attachment":[{"href":"https:\/\/www2.comunitaria.com.br\/en\/wp-json\/wp\/v2\/media?parent=63592"}],"wp:term":[{"taxonomy":"category","embeddable":true,"href":"https:\/\/www2.comunitaria.com.br\/en\/wp-json\/wp\/v2\/categories?post=63592"},{"taxonomy":"post_tag","embeddable":true,"href":"https:\/\/www2.comunitaria.com.br\/en\/wp-json\/wp\/v2\/tags?post=63592"}],"curies":[{"name":"wp","href":"https:\/\/api.w.org\/{rel}","templated":true}]}}