{"id":63590,"date":"2024-08-08T15:19:40","date_gmt":"2024-08-08T17:19:40","guid":{"rendered":"https:\/\/www2.comunitaria.com.br\/?p=63590"},"modified":"2024-08-08T15:19:40","modified_gmt":"2024-08-08T17:19:40","slug":"confira-os-ganhadores-do-sorteio-municipal-da-nota-fiscal-gaucha-de-julho","status":"publish","type":"post","link":"https:\/\/www2.comunitaria.com.br\/en\/confira-os-ganhadores-do-sorteio-municipal-da-nota-fiscal-gaucha-de-julho\/","title":{"rendered":"Confira os ganhadores do sorteio municipal da Nota Fiscal Ga\u00facha de julho"},"content":{"rendered":"<p>A Secretaria da Fazenda de Frederico Westphalen divulgou a rela\u00e7\u00e3o dos vencedores no sorteio da Nota Fiscal Ga\u00facha do m\u00eas de julho. O sorteio teve a participa\u00e7\u00e3o de mais de 200 mil notas fiscais e seis contribuintes foram premiados. Os sorteados s\u00e3o das cidades de Frederico Westphalen, Palmitinho e Teut\u00f4nia.<\/p>\n<p>Os contribuintes devem retirar os pr\u00eamios na Prefeitura de Frederico Westphalen. Para fazer o resgate, \u00e9 preciso apresentar documento de identifica\u00e7\u00e3o. Em caso de d\u00favidas, a orienta\u00e7\u00e3o \u00e9 entrar em contato pelo e-mail tributos@fredericowestphalen.rs.gov.br ou pelo telefone (55) 3744-5050.<\/p>\n<p>Rela\u00e7\u00e3o de vencedores no Sorteio NGF 143 &#8211; Julho de 2024<br \/>\nMauri Mirton Schenkel (Frederico Westphalen) &#8211; R$ 500<br \/>\nLucas Ferreira Cocco (Frederico Westphalen) &#8211; R$ 250<br \/>\nJoelcio Agliardi Silveira (Teut\u00f4nia) &#8211; R$ 250<br \/>\nFabiane de F\u00e1tima da Silva Meireles (Palmitinho) &#8211; R$ 250<br \/>\nFernando Stefanello (Frederico Westphalen) &#8211; R$ 250<br \/>\nElizeu Trombeta (Frederico Westphalen)&nbsp;&#8211;&nbsp;R$&nbsp;250<\/p>\n<p>Fonte: ASCOM Prefeitura de Frederico Westphalen&nbsp;<\/p>","protected":false},"excerpt":{"rendered":"<p>A Secretaria da Fazenda de Frederico Westphalen divulgou a rela\u00e7\u00e3o dos vencedores no sorteio da Nota Fiscal Ga\u00facha do m\u00eas de julho. O sorteio teve a participa\u00e7\u00e3o de mais de&#8230;<\/p>","protected":false},"author":2,"featured_media":63591,"comment_status":"closed","ping_status":"closed","sticky":false,"template":"","format":"standard","meta":{"ngg_post_thumbnail":0,"footnotes":""},"categories":[42,33],"tags":[],"class_list":["post-63590","post","type-post","status-publish","format-standard","has-post-thumbnail","hentry","category-fred-west","category-noticias"],"amp_enabled":true,"_links":{"self":[{"href":"https:\/\/www2.comunitaria.com.br\/en\/wp-json\/wp\/v2\/posts\/63590","targetHints":{"allow":["GET"]}}],"collection":[{"href":"https:\/\/www2.comunitaria.com.br\/en\/wp-json\/wp\/v2\/posts"}],"about":[{"href":"https:\/\/www2.comunitaria.com.br\/en\/wp-json\/wp\/v2\/types\/post"}],"author":[{"embeddable":true,"href":"https:\/\/www2.comunitaria.com.br\/en\/wp-json\/wp\/v2\/users\/2"}],"replies":[{"embeddable":true,"href":"https:\/\/www2.comunitaria.com.br\/en\/wp-json\/wp\/v2\/comments?post=63590"}],"version-history":[{"count":0,"href":"https:\/\/www2.comunitaria.com.br\/en\/wp-json\/wp\/v2\/posts\/63590\/revisions"}],"wp:featuredmedia":[{"embeddable":true,"href":"https:\/\/www2.comunitaria.com.br\/en\/wp-json\/wp\/v2\/media\/63591"}],"wp:attachment":[{"href":"https:\/\/www2.comunitaria.com.br\/en\/wp-json\/wp\/v2\/media?parent=63590"}],"wp:term":[{"taxonomy":"category","embeddable":true,"href":"https:\/\/www2.comunitaria.com.br\/en\/wp-json\/wp\/v2\/categories?post=63590"},{"taxonomy":"post_tag","embeddable":true,"href":"https:\/\/www2.comunitaria.com.br\/en\/wp-json\/wp\/v2\/tags?post=63590"}],"curies":[{"name":"wp","href":"https:\/\/api.w.org\/{rel}","templated":true}]}}