{"id":63571,"date":"2024-08-07T14:52:59","date_gmt":"2024-08-07T16:52:59","guid":{"rendered":"https:\/\/www2.comunitaria.com.br\/?p=63571"},"modified":"2024-08-07T14:53:00","modified_gmt":"2024-08-07T16:53:00","slug":"fetag-rs-apresenta-propostas-de-emendas-a-medida-provisoria-para-apoiar-agricultores-atingidos-por-eventos-climaticos","status":"publish","type":"post","link":"https:\/\/www2.comunitaria.com.br\/en\/fetag-rs-apresenta-propostas-de-emendas-a-medida-provisoria-para-apoiar-agricultores-atingidos-por-eventos-climaticos\/","title":{"rendered":"Fetag-RS apresenta propostas de emendas \u00e0 Medida Provis\u00f3ria para apoiar agricultores atingidos por eventos clim\u00e1ticos"},"content":{"rendered":"<p style=\"text-align: justify;\">Nesta segunda-feira (05), a Fetag-RS encaminhou of\u00edcio para a bancada parlamentar ga\u00facha, deputados e senadores, em que prop\u00f5e uma s\u00e9rie de emendas \u00e0 Medida Provis\u00f3ria N\u00ba 1.247, de 31 de julho de 2024, com o objetivo de proporcionar melhor assist\u00eancia aos agricultores afetados pelas condi\u00e7\u00f5es clim\u00e1ticas extremas no estado.<\/p>\n<p style=\"text-align: justify;\">Com esta atitude, a Fetag-RS busca o apoio da bancada ga\u00facha para garantir que a agricultura familiar seja atendida da melhor maneira poss\u00edvel. No of\u00edcio constam os seguintes temas:<\/p>\n<p style=\"text-align: justify;\">1. Prorroga\u00e7\u00e3o do Valor Residual em Opera\u00e7\u00f5es no Proagro ou Seguro Agr\u00edcola<br \/>\nA FETAG-RS sugere a prorroga\u00e7\u00e3o do valor residual das opera\u00e7\u00f5es cobertas pelo Proagro ou Seguro Agr\u00edcola. Esta medida \u00e9 vista como essencial para permitir que os agricultores reestruturem suas atividades produtivas, assegurando a continuidade da produ\u00e7\u00e3o agr\u00edcola.<br \/>\n2. Anistia Total das Parcelas Residuais para Perda Total do Bem Financiado<br \/>\nPara os agricultores que sofreram perda total dos bens financiados, a federa\u00e7\u00e3o prop\u00f5e a anistia de todas as parcelas residuais, n\u00e3o apenas as de 2024 e 2025. Esta medida \u00e9 considerada crucial para apoiar os produtores mais gravemente afetados.<br \/>\n3. Operacionaliza\u00e7\u00e3o da Comiss\u00e3o Interministerial<br \/>\nA FETAG-RS alerta que a comiss\u00e3o interministerial enfrentar\u00e1 dificuldades devido ao elevado n\u00famero de agricultores que perderam mais de 60% de suas produ\u00e7\u00f5es nas regi\u00f5es dos Vales, Serra e Centro. Para lidar com a grande demanda, a federa\u00e7\u00e3o prop\u00f5e que o Conselho Municipal de Desenvolvimento Rural seja respons\u00e1vel por deliberar sobre esses casos, garantindo que as solu\u00e7\u00f5es cheguem a todos os necessitados.<br \/>\n4. Modalidade de Desconto e Renegocia\u00e7\u00e3o nas Opera\u00e7\u00f5es de Cr\u00e9dito<br \/>\nA federa\u00e7\u00e3o sugere que os mutu\u00e1rios possam escolher entre duas modalidades cumulativas: desconto nas opera\u00e7\u00f5es enquadradas e renegocia\u00e7\u00e3o das mesmas. Esta flexibilidade permitir\u00e1 aos agricultores ajustarem suas finan\u00e7as de acordo com suas necessidades espec\u00edficas. Al\u00e9m disso, a FETAG-RS defende a amplia\u00e7\u00e3o do limite de cr\u00e9dito e a libera\u00e7\u00e3o das restri\u00e7\u00f5es para agricultores inscritos em cadastros de restri\u00e7\u00e3o de cr\u00e9dito.<br \/>\n5. Publica\u00e7\u00e3o de Novas Medidas Provis\u00f3rias<br \/>\nA FETAG-RS tamb\u00e9m solicita a publica\u00e7\u00e3o de duas novas Medidas Provis\u00f3rias para apoiar cooperativas e cerealistas, al\u00e9m de uma medida abrangente de renegocia\u00e7\u00e3o com prazo de 15 anos, 2 anos de car\u00eancia e taxa de juros de 3% ao ano. Prop\u00f5e ainda o Programa Desenrola Rural, com condi\u00e7\u00f5es semelhantes, visando resolver o endividamento agr\u00edcola causado pelas estiagens e extremos clim\u00e1ticos dos \u00faltimos quatro anos no Rio Grande do Sul.<\/p>\n<p style=\"text-align: justify;\">Assim, a Fetag-RS fica no aguardo de que a bancada se sensibilize e reforce junto ao governo a import\u00e2ncia das medidas para a agricultura familiar ga\u00facha.<\/p>\n<p style=\"text-align: justify;\">Para o presidente da Fetag-RS Carlos Joel da Silva, \u201co apoio da bancada ga\u00facha e fundamental neste momento, pois a Medida Provis\u00f3ria publicada pelo governo federal, apesar de muito importante, ainda necessita do decreto presidencial que dar\u00e1 n\u00fameros, tais como taxas de juros e prazos. S\u00f3 assim a agricultura familiar ter\u00e1 seguran\u00e7a de que ser\u00e1 de fato atendida\u201d.<\/p>\n<p style=\"text-align: justify;\"><em>Fonte: Fetag RS<\/em><\/p>\n<p style=\"text-align: justify;\"><a href=\"https:\/\/www2.comunitaria.com.br\/en\/fetag-rs-apresenta-propostas-de-emendas-a-medida-provisoria-para-apoiar-agricultores-atingidos-por-eventos-climaticos\/clima-banner\/\" rel=\"attachment wp-att-63572\"><img loading=\"lazy\" decoding=\"async\" class=\"aligncenter size-large wp-image-63572\" src=\"http:\/\/www2.comunitaria.com.br\/wp-content\/uploads\/2024\/08\/Clima-BANNER-1024x546.jpg\" alt=\"\" width=\"1024\" height=\"546\" srcset=\"https:\/\/www2.comunitaria.com.br\/wp-content\/uploads\/2024\/08\/Clima-BANNER-1024x546.jpg 1024w, https:\/\/www2.comunitaria.com.br\/wp-content\/uploads\/2024\/08\/Clima-BANNER-300x160.jpg 300w, https:\/\/www2.comunitaria.com.br\/wp-content\/uploads\/2024\/08\/Clima-BANNER-768x410.jpg 768w, https:\/\/www2.comunitaria.com.br\/wp-content\/uploads\/2024\/08\/Clima-BANNER-1200x640.jpg 1200w, https:\/\/www2.comunitaria.com.br\/wp-content\/uploads\/2024\/08\/Clima-BANNER.jpg 1500w\" sizes=\"auto, (max-width: 1024px) 100vw, 1024px\" \/><\/a><\/p>","protected":false},"excerpt":{"rendered":"<p>Nesta segunda-feira (05), a Fetag-RS encaminhou of\u00edcio para a bancada parlamentar ga\u00facha, deputados e senadores, em que prop\u00f5e uma s\u00e9rie de emendas \u00e0 Medida Provis\u00f3ria N\u00ba 1.247, de 31 de julho de 2024, com o objetivo de proporcionar melhor assist\u00eancia aos agricultores afetados pelas condi\u00e7\u00f5es clim\u00e1ticas extremas no estado. Com esta atitude, a Fetag-RS busca<\/p>\n<div class=\"read-more-wrapper\"><a class=\"read-more\" href=\"https:\/\/www2.comunitaria.com.br\/en\/fetag-rs-apresenta-propostas-de-emendas-a-medida-provisoria-para-apoiar-agricultores-atingidos-por-eventos-climaticos\/\" title=\"Read More\"> <span class=\"button\">Read More<\/span><\/a><\/div>","protected":false},"author":2,"featured_media":63572,"comment_status":"closed","ping_status":"closed","sticky":false,"template":"","format":"standard","meta":{"ngg_post_thumbnail":0,"footnotes":""},"categories":[6254,6255,46,42,33,43],"tags":[591,6451,6373],"class_list":["post-63571","post","type-post","status-publish","format-standard","has-post-thumbnail","hentry","category-agricultura","category-agricultura-familiar","category-estado","category-fred-west","category-noticias","category-regiao","tag-agricultura","tag-eventos-climaticos","tag-fetag-rs"],"amp_enabled":true,"_links":{"self":[{"href":"https:\/\/www2.comunitaria.com.br\/en\/wp-json\/wp\/v2\/posts\/63571","targetHints":{"allow":["GET"]}}],"collection":[{"href":"https:\/\/www2.comunitaria.com.br\/en\/wp-json\/wp\/v2\/posts"}],"about":[{"href":"https:\/\/www2.comunitaria.com.br\/en\/wp-json\/wp\/v2\/types\/post"}],"author":[{"embeddable":true,"href":"https:\/\/www2.comunitaria.com.br\/en\/wp-json\/wp\/v2\/users\/2"}],"replies":[{"embeddable":true,"href":"https:\/\/www2.comunitaria.com.br\/en\/wp-json\/wp\/v2\/comments?post=63571"}],"version-history":[{"count":0,"href":"https:\/\/www2.comunitaria.com.br\/en\/wp-json\/wp\/v2\/posts\/63571\/revisions"}],"wp:featuredmedia":[{"embeddable":true,"href":"https:\/\/www2.comunitaria.com.br\/en\/wp-json\/wp\/v2\/media\/63572"}],"wp:attachment":[{"href":"https:\/\/www2.comunitaria.com.br\/en\/wp-json\/wp\/v2\/media?parent=63571"}],"wp:term":[{"taxonomy":"category","embeddable":true,"href":"https:\/\/www2.comunitaria.com.br\/en\/wp-json\/wp\/v2\/categories?post=63571"},{"taxonomy":"post_tag","embeddable":true,"href":"https:\/\/www2.comunitaria.com.br\/en\/wp-json\/wp\/v2\/tags?post=63571"}],"curies":[{"name":"wp","href":"https:\/\/api.w.org\/{rel}","templated":true}]}}