{"id":63506,"date":"2024-08-05T12:29:27","date_gmt":"2024-08-05T14:29:27","guid":{"rendered":"https:\/\/www2.comunitaria.com.br\/?p=63506"},"modified":"2024-08-05T12:29:27","modified_gmt":"2024-08-05T14:29:27","slug":"mais-de-99-mil-trabalhadores-gauchos-recebem-apoio-financeiro-de-r-1-412-nesta-sexta-feira-2","status":"publish","type":"post","link":"https:\/\/www2.comunitaria.com.br\/en\/mais-de-99-mil-trabalhadores-gauchos-recebem-apoio-financeiro-de-r-1-412-nesta-sexta-feira-2\/","title":{"rendered":"Mais de 99 mil trabalhadores ga\u00fachos recebem Apoio Financeiro de R$ 1.412 nesta sexta-feira (2)"},"content":{"rendered":"<p style=\"text-align: justify;\">O Governo Federal liberou nesta sexta-feira (2) R$ 153,2 milh\u00f5es para 99.624 trabalhadores ga\u00fachos. Os recursos s\u00e3o da primeira e da segunda parcela do Apoio Financeiro emergencial de R$ 1.412,00 para os trabalhadores do Rio Grande do Sul. Al\u00e9m disso, o pagamento da segunda parcela, que seria no dia 5 de agosto, foi antecipado para hoje.<\/p>\n<p style=\"text-align: justify;\">Dos 99,6 mil, 91.776 s\u00e3o trabalhadores formais das 8.575 empresas que estavam dentro da mancha de inunda\u00e7\u00e3o e foram habilitadas pelo Minist\u00e9rio do Trabalho e Emprego. Nestes casos, o valor de R$ 1.412,00 \u00e9 para complementar o sal\u00e1rio, a empresa paga a diferen\u00e7a e se compromete em n\u00e3o demitir nos pr\u00f3ximos dois meses. Al\u00e9m disso, est\u00e3o recebendo 1.586 aprendizes e 1 estagi\u00e1rio vinculados \u00e0s empresas que foram habilitadas.<\/p>\n<p style=\"text-align: justify;\">Na lista dos pagamentos, h\u00e1 2.193 trabalhadores formais dom\u00e9sticos e mais 4.068 pescadores artesanais. No caso dos trabalhadores dom\u00e9sticos formais \u00e9 um benef\u00edcio de 2 meses repassado pelo Governo Federal. Neste caso, os empregadores pagam o sal\u00e1rio normalmente \u00e0 empregada dom\u00e9stica ou ao empregado dom\u00e9stico.<\/p>\n<p style=\"text-align: justify;\">O Apoio Financeiro foi anunciado em junho pelo Governo Federal para ajudar a preservar o emprego no Rio Grande do Sul, al\u00e9m de reconstruir o estado. O MTE j\u00e1 repassou mais de R$ 4,2 bilh\u00f5es ao RS em a\u00e7\u00f5es como Saque-Calamidade, Seguro-Desemprego, Abono Salarial e o Apoio Fianceiro de dois sal\u00e1rios-m\u00ednimos.<\/p>\n<p style=\"text-align: justify;\">No m\u00eas passado, foi paga a primeira parcela para 80.319 trabalhadores do RS e repassados R$ 113,4 milh\u00f5es. No primeiro lote, foram contempladas 5.824 empresas. O aumento do n\u00famero de trabalhadores e valores neste m\u00eas refere-se ao fato de outras empresas terem sido habilitadas para que seus funcion\u00e1rios recebessem o aux\u00edlio hoje.<\/p>\n<p style=\"text-align: justify;\">O Apoio Financeiro estava condicionado \u00e0 localiza\u00e7\u00e3o dos estabelecimentos dos empregadores em \u00e1reas efetivamente atingidas na mancha de inunda\u00e7\u00e3o delimitada por georreferenciamento nos munic\u00edpios em estado de calamidade ou situa\u00e7\u00e3o de emerg\u00eancia reconhecidos pelo governo federal.<\/p>\n<p style=\"text-align: justify;\">Os benefici\u00e1rios n\u00e3o precisam se preocupar em abrir contas para o recebimento do valor. A CAIXA identifica se o trabalhador j\u00e1 possui conta corrente ou poupan\u00e7a no banco e efetua o cr\u00e9dito automaticamente, sem que seja necess\u00e1rio comparecer a uma ag\u00eancia. Caso o benefici\u00e1rio n\u00e3o tenha conta, a CAIXA se encarrega de abrir, tamb\u00e9m de forma autom\u00e1tica, uma Poupan\u00e7a CAIXA Tem, que poder\u00e1 ser movimentada pelo aplicativo CAIXA Tem.<\/p>\n<p style=\"text-align: justify;\"><em>Fonte: Governo Federal<a href=\"https:\/\/www2.comunitaria.com.br\/en\/mais-de-99-mil-trabalhadores-gauchos-recebem-apoio-financeiro-de-r-1-412-nesta-sexta-feira-2\/a1340e7b-fbb1-447c-9900-90a1d0e4ceec\/\" rel=\"attachment wp-att-63507\"><img loading=\"lazy\" decoding=\"async\" class=\"aligncenter size-full wp-image-63507\" src=\"http:\/\/www2.comunitaria.com.br\/wp-content\/uploads\/2024\/08\/a1340e7b-fbb1-447c-9900-90a1d0e4ceec.jpeg\" alt=\"\" width=\"768\" height=\"512\" srcset=\"https:\/\/www2.comunitaria.com.br\/wp-content\/uploads\/2024\/08\/a1340e7b-fbb1-447c-9900-90a1d0e4ceec.jpeg 768w, https:\/\/www2.comunitaria.com.br\/wp-content\/uploads\/2024\/08\/a1340e7b-fbb1-447c-9900-90a1d0e4ceec-300x200.jpeg 300w\" sizes=\"auto, (max-width: 768px) 100vw, 768px\" \/><\/a><\/em><\/p>\n<p>&nbsp;<\/p>","protected":false},"excerpt":{"rendered":"<p>O Governo Federal liberou nesta sexta-feira (2) R$ 153,2 milh\u00f5es para 99.624 trabalhadores ga\u00fachos. Os recursos s\u00e3o da primeira e da segunda parcela do Apoio Financeiro emergencial de R$ 1.412,00&#8230;<\/p>","protected":false},"author":2,"featured_media":63507,"comment_status":"closed","ping_status":"closed","sticky":false,"template":"","format":"standard","meta":{"ngg_post_thumbnail":0,"footnotes":""},"categories":[46,28,33,43],"tags":[6191,1550],"class_list":["post-63506","post","type-post","status-publish","format-standard","has-post-thumbnail","hentry","category-estado","category-destaque","category-noticias","category-regiao","tag-apoio-financeiro","tag-governo-federal"],"amp_enabled":true,"_links":{"self":[{"href":"https:\/\/www2.comunitaria.com.br\/en\/wp-json\/wp\/v2\/posts\/63506","targetHints":{"allow":["GET"]}}],"collection":[{"href":"https:\/\/www2.comunitaria.com.br\/en\/wp-json\/wp\/v2\/posts"}],"about":[{"href":"https:\/\/www2.comunitaria.com.br\/en\/wp-json\/wp\/v2\/types\/post"}],"author":[{"embeddable":true,"href":"https:\/\/www2.comunitaria.com.br\/en\/wp-json\/wp\/v2\/users\/2"}],"replies":[{"embeddable":true,"href":"https:\/\/www2.comunitaria.com.br\/en\/wp-json\/wp\/v2\/comments?post=63506"}],"version-history":[{"count":0,"href":"https:\/\/www2.comunitaria.com.br\/en\/wp-json\/wp\/v2\/posts\/63506\/revisions"}],"wp:featuredmedia":[{"embeddable":true,"href":"https:\/\/www2.comunitaria.com.br\/en\/wp-json\/wp\/v2\/media\/63507"}],"wp:attachment":[{"href":"https:\/\/www2.comunitaria.com.br\/en\/wp-json\/wp\/v2\/media?parent=63506"}],"wp:term":[{"taxonomy":"category","embeddable":true,"href":"https:\/\/www2.comunitaria.com.br\/en\/wp-json\/wp\/v2\/categories?post=63506"},{"taxonomy":"post_tag","embeddable":true,"href":"https:\/\/www2.comunitaria.com.br\/en\/wp-json\/wp\/v2\/tags?post=63506"}],"curies":[{"name":"wp","href":"https:\/\/api.w.org\/{rel}","templated":true}]}}