{"id":63319,"date":"2024-07-31T16:44:06","date_gmt":"2024-07-31T18:44:06","guid":{"rendered":"https:\/\/www2.comunitaria.com.br\/?p=63319"},"modified":"2024-07-31T16:46:16","modified_gmt":"2024-07-31T18:46:16","slug":"pf-prende-suspeito-e-apreende-400-celulares-em-operacao-contra-importacao-ilegal","status":"publish","type":"post","link":"https:\/\/www2.comunitaria.com.br\/en\/pf-prende-suspeito-e-apreende-400-celulares-em-operacao-contra-importacao-ilegal\/","title":{"rendered":"PF prende suspeito e apreende 400 celulares em opera\u00e7\u00e3o contra importa\u00e7\u00e3o ilegal"},"content":{"rendered":"<p style=\"text-align: justify;\">Nesta quarta-feira (31), a Pol\u00edcia Federal(PF) deflagrou a Opera\u00e7\u00e3o Ca\u00e7a Mobile, com o objetivo de reprimir a importa\u00e7\u00e3o ilegal de mercadorias estrangeiras. Uma pessoa foi presa em flagrante e mais de 400 celulares e outros aparelhos eletr\u00f4nicos foram apreendidos.<\/p>\n<p style=\"text-align: justify;\">Os 166 mandados de busca e apreens\u00e3o foram cumpridos nas cidades de Santa Maria, Ca\u00e7apava do Sul, Cachoeira do Sul, S\u00e3o Borja, Uruguaiana e Giru\u00e1, no Rio Grande do Sul; e S\u00e3o Jos\u00e9, em Santa Catarina.<\/p>\n<p style=\"text-align: justify;\">Al\u00e9m disso, a Justi\u00e7a Federal determinou o sequestro de 20 ve\u00edculos e dois im\u00f3veis no estado catarinense. Al\u00e9m das buscas, os principais investigados foram interrogados e medidas cautelares diversas da pris\u00e3o foram implementadas.<\/p>\n<p style=\"text-align: justify;\">A investiga\u00e7\u00e3o iniciou em dezembro de 2022, quando um homem foi preso em flagrante em posse de 11 aparelhos celulares origin\u00e1rios de fora do pa\u00eds, que foram trazidos para o Brasil de forma clandestina, dentro do estepe de um ve\u00edculo.<\/p>\n<p style=\"text-align: justify;\">A partir disso, a Pol\u00edcia Federal passou a identificar lojas f\u00edsicas e virtuais que comercializam aparelhos telef\u00f4nicos novos e usados que entram no pa\u00eds de forma il\u00edcita.<\/p>\n<p style=\"text-align: justify;\"><em>Fonte: CNN Brasil<\/em><\/p>\n<p style=\"text-align: justify;\"><a href=\"https:\/\/www2.comunitaria.com.br\/en\/pf-prende-suspeito-e-apreende-400-celulares-em-operacao-contra-importacao-ilegal\/whatsapp-image-2024-07-31-at-13-41-20-e1722444792237-2\/\" rel=\"attachment wp-att-63322\"><img loading=\"lazy\" decoding=\"async\" class=\"aligncenter size-full wp-image-63322\" src=\"http:\/\/www2.comunitaria.com.br\/wp-content\/uploads\/2024\/07\/WhatsApp-Image-2024-07-31-at-13.41.20-e1722444792237-1.webp\" alt=\"\" width=\"420\" height=\"240\" srcset=\"https:\/\/www2.comunitaria.com.br\/wp-content\/uploads\/2024\/07\/WhatsApp-Image-2024-07-31-at-13.41.20-e1722444792237-1.webp 420w, https:\/\/www2.comunitaria.com.br\/wp-content\/uploads\/2024\/07\/WhatsApp-Image-2024-07-31-at-13.41.20-e1722444792237-1-300x171.webp 300w\" sizes=\"auto, (max-width: 420px) 100vw, 420px\" \/><\/a><\/p>","protected":false},"excerpt":{"rendered":"<p>Nesta quarta-feira (31), a Pol\u00edcia Federal(PF) deflagrou a Opera\u00e7\u00e3o Ca\u00e7a Mobile, com o objetivo de reprimir a importa\u00e7\u00e3o ilegal de mercadorias estrangeiras. Uma pessoa foi presa em flagrante e mais&#8230;<\/p>","protected":false},"author":2,"featured_media":63320,"comment_status":"closed","ping_status":"closed","sticky":false,"template":"","format":"standard","meta":{"ngg_post_thumbnail":0,"footnotes":""},"categories":[47,33,36],"tags":[6388,1768,525],"class_list":["post-63319","post","type-post","status-publish","format-standard","has-post-thumbnail","hentry","category-brasil","category-noticias","category-policia","tag-importacao-ilegal","tag-policia-federal","tag-santa-catarina"],"amp_enabled":true,"_links":{"self":[{"href":"https:\/\/www2.comunitaria.com.br\/en\/wp-json\/wp\/v2\/posts\/63319","targetHints":{"allow":["GET"]}}],"collection":[{"href":"https:\/\/www2.comunitaria.com.br\/en\/wp-json\/wp\/v2\/posts"}],"about":[{"href":"https:\/\/www2.comunitaria.com.br\/en\/wp-json\/wp\/v2\/types\/post"}],"author":[{"embeddable":true,"href":"https:\/\/www2.comunitaria.com.br\/en\/wp-json\/wp\/v2\/users\/2"}],"replies":[{"embeddable":true,"href":"https:\/\/www2.comunitaria.com.br\/en\/wp-json\/wp\/v2\/comments?post=63319"}],"version-history":[{"count":0,"href":"https:\/\/www2.comunitaria.com.br\/en\/wp-json\/wp\/v2\/posts\/63319\/revisions"}],"wp:featuredmedia":[{"embeddable":true,"href":"https:\/\/www2.comunitaria.com.br\/en\/wp-json\/wp\/v2\/media\/63320"}],"wp:attachment":[{"href":"https:\/\/www2.comunitaria.com.br\/en\/wp-json\/wp\/v2\/media?parent=63319"}],"wp:term":[{"taxonomy":"category","embeddable":true,"href":"https:\/\/www2.comunitaria.com.br\/en\/wp-json\/wp\/v2\/categories?post=63319"},{"taxonomy":"post_tag","embeddable":true,"href":"https:\/\/www2.comunitaria.com.br\/en\/wp-json\/wp\/v2\/tags?post=63319"}],"curies":[{"name":"wp","href":"https:\/\/api.w.org\/{rel}","templated":true}]}}