{"id":63255,"date":"2024-07-29T12:12:50","date_gmt":"2024-07-29T14:12:50","guid":{"rendered":"https:\/\/www2.comunitaria.com.br\/?p=63255"},"modified":"2024-07-29T12:12:51","modified_gmt":"2024-07-29T14:12:51","slug":"gremio-vence-o-vasco-em-chapeco-e-sai-da-zona-de-rebaixamento-apos-11-rodadas","status":"publish","type":"post","link":"https:\/\/www2.comunitaria.com.br\/en\/gremio-vence-o-vasco-em-chapeco-e-sai-da-zona-de-rebaixamento-apos-11-rodadas\/","title":{"rendered":"Gr\u00eamio vence o Vasco em Chapec\u00f3 e sai da zona de rebaixamento ap\u00f3s 11 rodadas"},"content":{"rendered":"<p style=\"text-align: justify;\">O Gr\u00eamio enfim respira fora da zona de rebaixamento! O Tricolor venceu o Vasco por 1 a 0 na noite deste domingo, em uma Arena Cond\u00e1 com gramado cheio de lama e po\u00e7as, e pulou para fora do Z-4 do Brasileir\u00e3o depois de 11 rodadas. Soteldo marcou o gol gremista em Chapec\u00f3. Philippe Coutinho foi titular e jogou os primeiros 45 minutos do duelo, com uma finaliza\u00e7\u00e3o perigosa.<\/p>\n<div class=\"sc-hgIsjH jfKbEq\" style=\"text-align: justify;\">\n<ul>\n<li class=\"sc-bBjRzc bhjKRs\">\n<div class=\"sc-cTJmaU exOFdF\"><strong class=\"sc-jNnnWF RQpmt\">Como fica<\/strong><\/p>\n<div>\n<div id=\"80e8ea8e-08d6-4671-987e-0d406dda0e13\" class=\"backstage-component\">\n<p>Com a vit\u00f3ria, o Gr\u00eamio chegou aos 18 pontos e \u00e9 o 16\u00ba colocado do Brasileir\u00e3o. O Vasco permaneceu na 11\u00aa coloca\u00e7\u00e3o com 23 pontos.<\/p>\n<\/div>\n<\/div>\n<\/div>\n<\/li>\n<\/ul>\n<\/div>\n<div class=\"sc-hgIsjH jfKbEq\">\n<div class=\"sc-cTJmaU exOFdF\"><strong class=\"sc-jNnnWF RQpmt\">Primeiro tempo<\/strong><\/p>\n<div>\n<div id=\"e2c0ebd1-88be-4794-af0b-274ced984013\" class=\"backstage-component\">\n<p style=\"text-align: justify;\">A qualidade do jogo ficou comprometida pela condi\u00e7\u00e3o do gramado da Arena Cond\u00e1. Com a chuva forte no interior catarinense, po\u00e7as e \u00e1reas com barro apareceram e ditaram o ritmo do jogo. O Gr\u00eamio teve duas oportunidades mais perigosas, com Soteldo e Cristaldo. J\u00e1 Philippe Coutinho era respiro de qualidade e arrematou de fora da \u00e1rea para defesa de Marches\u00edn. A jogada de mais perigo do Vasco, por\u00e9m, ocorreu em cruzamento. Vegetti se desgarrou da marca\u00e7\u00e3o e cabeceou no p\u00e9 da trave. No rebote, David chutou em cima da defesa gremista. Soteldo criou duas vezes pela direita. Na segunda, Cristaldo finalizou duas vezes e parou em Maicon e L\u00e9o Jardim antes do intervalo.<\/p>\n<p style=\"text-align: justify;\"><strong class=\"sc-jNnnWF RQpmt\">Segundo tempo<\/strong><\/p>\n<div>\n<div id=\"2e3c22db-728e-42f0-956e-483c3116fdf5\" class=\"backstage-component\" style=\"text-align: justify;\">\n<p>O Vasco voltou com Payet na vaga de Coutinho e o zagueiro Rojas no lugar de Emerson Rodr\u00edguez para espelhar o esquema gremista. O franc\u00eas levou perigo em finaliza\u00e7\u00e3o de longe, mas o Gr\u00eamio manteve-se melhor na partida e perigoso. Cristaldo, Reinaldo e Pavon chutaram com perigo. A boa partida de Soteldo foi premiada aos 11. Pavon ganhou no meio e acionou o venezuelano em profunidade. O camisa 7 encontrou espa\u00e7o onde n\u00e3o havia para tocar no cantinho e abrir o placar. Logo na sequ\u00eancia, L\u00e9o jogou por cima chance ao cabecear livre na \u00e1rea. Pelo alto foi tamb\u00e9m como Vegetti cabeceou para fora na disputa com Rodrigo Ely. O Vasco ficou mais com a bola e rondou muito a \u00e1rea gremista, mas sem uma chance mais clara de gol at\u00e9 o fim.<\/p>\n<\/div>\n<p style=\"text-align: justify;\"><strong class=\"sc-jNnnWF RQpmt\">Agenda<\/strong><\/p>\n<div>\n<div id=\"5baac1ee-83b3-4562-af69-bc6d05a0591a\" class=\"backstage-component\">\n<p style=\"text-align: justify;\">O Gr\u00eamio volta a jogar na quarta-feira, quando enfrenta o Corinthians \u00e0s 21h30 na Neo Qu\u00edmica Arena na primeira partida das oitavas da Copa do Brasil. No Brasileiro, joga no domingo, \u00e0s 16h, contra o Athletico, na Ligga Arena.<\/p>\n<p style=\"text-align: justify;\">O Vasco joga no mesmo dia e hor\u00e1rio contra o Atl\u00e9tico-GO, no Ant\u00f4nio Accioly, tamb\u00e9m pela Copa do Brasil. No fim de semana, recebe o Bragantino em S\u00e3o Janu\u00e1rio no s\u00e1bado, \u00e0s 19h, pelo Brasileir\u00e3o.<\/p>\n<p style=\"text-align: justify;\"><strong class=\"sc-jNnnWF RQpmt\">Barro, po\u00e7as e carro-maca atolado<\/strong><\/p>\n<div>\n<div id=\"171ba85a-7e01-4b8d-9603-63e19e43d429\" class=\"backstage-component\">\n<p style=\"text-align: justify;\">A forte chuva que caiu em Chapec\u00f3 neste domingo complicou as condi\u00e7\u00f5es da partida. O gramado da Arena Cond\u00e1 apresentou po\u00e7as e \u00e1reas com barro nas duas \u00e1reas. Os jogadores precisavam jogar a bola para o alto com frequ\u00eancia e apostar em cruzamentos. As dificuldades, ali\u00e1s, n\u00e3o se resumiram aos atletas. O carro-maca atolou ao entrar em campo para atendimento e precisou da ajuda de Vegetti e Villasanti para sair do lugar.<\/p>\n<p style=\"text-align: justify;\"><em>Fonte: ge RS<\/em><\/p>\n<p style=\"text-align: justify;\"><em>Foto: Reprodu\u00e7\u00e3o\/Sport TV <a href=\"https:\/\/www2.comunitaria.com.br\/en\/gremio-vence-o-vasco-em-chapeco-e-sai-da-zona-de-rebaixamento-apos-11-rodadas\/2-23\/\" rel=\"attachment wp-att-63256\"><img loading=\"lazy\" decoding=\"async\" class=\"aligncenter size-full wp-image-63256\" src=\"http:\/\/www2.comunitaria.com.br\/wp-content\/uploads\/2024\/07\/2.avif\" alt=\"\" width=\"480\" height=\"270\"><\/a><\/em><\/p>\n<\/div>\n<\/div>\n<\/div>\n<\/div>\n<\/div>\n<\/div>\n<\/div>\n<\/div>\n<\/div>","protected":false},"excerpt":{"rendered":"<p>O Gr\u00eamio enfim respira fora da zona de rebaixamento! O Tricolor venceu o Vasco por 1 a 0 na noite deste domingo, em uma Arena Cond\u00e1 com gramado cheio de lama e po\u00e7as, e pulou para fora do Z-4 do Brasileir\u00e3o depois de 11 rodadas. Soteldo marcou o gol gremista em Chapec\u00f3. Philippe Coutinho foi<\/p>\n<div class=\"read-more-wrapper\"><a class=\"read-more\" href=\"https:\/\/www2.comunitaria.com.br\/en\/gremio-vence-o-vasco-em-chapeco-e-sai-da-zona-de-rebaixamento-apos-11-rodadas\/\" title=\"Read More\"> <span class=\"button\">Read More<\/span><\/a><\/div>","protected":false},"author":2,"featured_media":63256,"comment_status":"closed","ping_status":"closed","sticky":false,"template":"","format":"standard","meta":{"ngg_post_thumbnail":0,"footnotes":""},"categories":[47,46,33],"tags":[6379,6211,294],"class_list":["post-63255","post","type-post","status-publish","format-standard","has-post-thumbnail","hentry","category-brasil","category-estado","category-noticias","tag-arena-conda","tag-brasileirao","tag-gremio"],"amp_enabled":true,"_links":{"self":[{"href":"https:\/\/www2.comunitaria.com.br\/en\/wp-json\/wp\/v2\/posts\/63255","targetHints":{"allow":["GET"]}}],"collection":[{"href":"https:\/\/www2.comunitaria.com.br\/en\/wp-json\/wp\/v2\/posts"}],"about":[{"href":"https:\/\/www2.comunitaria.com.br\/en\/wp-json\/wp\/v2\/types\/post"}],"author":[{"embeddable":true,"href":"https:\/\/www2.comunitaria.com.br\/en\/wp-json\/wp\/v2\/users\/2"}],"replies":[{"embeddable":true,"href":"https:\/\/www2.comunitaria.com.br\/en\/wp-json\/wp\/v2\/comments?post=63255"}],"version-history":[{"count":0,"href":"https:\/\/www2.comunitaria.com.br\/en\/wp-json\/wp\/v2\/posts\/63255\/revisions"}],"wp:featuredmedia":[{"embeddable":true,"href":"https:\/\/www2.comunitaria.com.br\/en\/wp-json\/wp\/v2\/media\/63256"}],"wp:attachment":[{"href":"https:\/\/www2.comunitaria.com.br\/en\/wp-json\/wp\/v2\/media?parent=63255"}],"wp:term":[{"taxonomy":"category","embeddable":true,"href":"https:\/\/www2.comunitaria.com.br\/en\/wp-json\/wp\/v2\/categories?post=63255"},{"taxonomy":"post_tag","embeddable":true,"href":"https:\/\/www2.comunitaria.com.br\/en\/wp-json\/wp\/v2\/tags?post=63255"}],"curies":[{"name":"wp","href":"https:\/\/api.w.org\/{rel}","templated":true}]}}