{"id":63244,"date":"2024-07-29T09:43:57","date_gmt":"2024-07-29T11:43:57","guid":{"rendered":"https:\/\/www2.comunitaria.com.br\/?p=63244"},"modified":"2024-07-29T09:44:33","modified_gmt":"2024-07-29T11:44:33","slug":"policia-prende-suspeitos-de-assassinato-de-professores-da-ufsm-durante-assalto-em-hotel-em-mato-castelhano","status":"publish","type":"post","link":"https:\/\/www2.comunitaria.com.br\/en\/policia-prende-suspeitos-de-assassinato-de-professores-da-ufsm-durante-assalto-em-hotel-em-mato-castelhano\/","title":{"rendered":"Pol\u00edcia prende suspeitos de assassinato de professores da UFSM durante assalto em hotel em Mato Castelhano"},"content":{"rendered":"<p style=\"text-align: justify;\">A Pol\u00edcia Civil<strong>&nbsp;prendeu temporariamente<\/strong>, no s\u00e1bado (27),&nbsp;dois suspeitos de envolvimento no assalto a um hotel, em&nbsp;Mato Castelhano, que terminou com a&nbsp;morte de dois professores da Universidade Federal de Santa Maria (UFSM)&nbsp;na quinta-feira (25). Os presos foram localizados em&nbsp;Passo Fundo, no Norte do Rio Grande do Sul, munic\u00edpio a 17 km de onde ocorreu o crime.<\/p>\n<div id=\"chunk-73idb\" style=\"text-align: justify;\">\n<div class=\"mc-column content-text active-extra-styles\" data-block-type=\"unstyled\" data-block-weight=\"16\" data-block-id=\"5\">\n<p class=\"content-text__container\" data-track-category=\"Link no Texto\" data-track-links=\"\" data-mrf-recirculation=\"Article links\">A captura da dupla foi confirmada pelo delegado Diogo Ferreira na manh\u00e3 deste domingo (28).<\/p>\n<\/div>\n<\/div>\n<div id=\"chunk-cep5s\">\n<div class=\"mc-column content-text active-extra-styles\" data-block-type=\"unstyled\" data-block-weight=\"62\" data-block-id=\"6\">\n<p class=\"content-text__container\" style=\"text-align: justify;\" data-track-category=\"Link no Texto\" data-track-links=\"\" data-mrf-recirculation=\"Article links\">O ataque vitimou os professores&nbsp;<strong>Fabiano de Oliveira Fortes<\/strong>, de 46 anos, e&nbsp;<strong>Felipe Turchetto<\/strong>, de 35 anos. Os dois eram docentes no Departamento de Ci\u00eancias Florestais, do Centro de Ci\u00eancias Rurais do campus em&nbsp;Santa Maria, na Regi\u00e3o Central do estado. Os professores lecionavam Manejo Florestal e estavam com um grupo de alunos realizando atividades acad\u00eamicas na cidade quando foram mortos.<\/p>\n<div id=\"chunk-58u59\" style=\"text-align: justify;\">\n<div class=\"mc-column content-text active-extra-styles\" data-block-type=\"unstyled\" data-block-weight=\"52\" data-block-id=\"10\">\n<p class=\"content-text__container\" data-track-category=\"Link no Texto\" data-track-links=\"\" data-mrf-recirculation=\"Article links\">De acordo com a Pol\u00edcia Civil, logo ap\u00f3s o latroc\u00ednio a investiga\u00e7\u00e3o teve inicio. Atrav\u00e9s de testemunhas, imagens de c\u00e2meras de seguran\u00e7a, quebra de sigilos e tamb\u00e9m informa\u00e7\u00f5es compartilhadas com a Brigada Militar (BM), foi poss\u00edvel identificar os suspeitos. Um deles j\u00e1 era investigado por uma s\u00e9rie de furtos nos \u00faltimos meses.<\/p>\n<\/div>\n<\/div>\n<div id=\"chunk-26q35\" style=\"text-align: justify;\">\n<div class=\"mc-column content-text active-extra-styles\" data-block-type=\"unstyled\" data-block-weight=\"42\" data-block-id=\"11\">\n<p class=\"content-text__container\" data-track-category=\"Link no Texto\" data-track-links=\"\" data-mrf-recirculation=\"Article links\">Inicialmente, a pol\u00edcia trabalhava com a hip\u00f3tese de a\u00e7\u00e3o de uma dupla, mas, com o avan\u00e7o das investiga\u00e7\u00f5es, a apura\u00e7\u00e3o identificou a poss\u00edvel participa\u00e7\u00e3o de um terceiro homem. O suspeito foi capturado no interior de Mato Castelhano, mas depois foi liberado.<\/p>\n<\/div>\n<\/div>\n<div id=\"chunk-fh42s\">\n<div class=\"mc-column content-text active-extra-styles\" data-block-type=\"unstyled\" data-block-weight=\"37\" data-block-id=\"13\">\n<p class=\"content-text__container\" style=\"text-align: justify;\" data-track-category=\"Link no Texto\" data-track-links=\"\" data-mrf-recirculation=\"Article links\">A investiga\u00e7\u00e3o prossegue para analise de dados e informa\u00e7\u00f5es obtidas durante as pris\u00f5es, devendo ser conclu\u00edda durante a semana com remessa do inqu\u00e9rito policial e um pedido para a convers\u00e3o das duas pris\u00f5es tempor\u00e1rias em pris\u00f5es preventivas.<\/p>\n<div id=\"chunk-b8tqs\" style=\"text-align: justify;\">\n<div class=\"mc-column content-text active-extra-styles\" data-block-type=\"raw\" data-block-weight=\"2\" data-block-id=\"15\">\n<div class=\"content-intertitle\">\n<h4>Luta corporal<\/h4>\n<\/div>\n<\/div>\n<\/div>\n<div id=\"chunk-7qcg5\" style=\"text-align: justify;\">\n<div class=\"mc-column content-text active-extra-styles\" data-block-type=\"unstyled\" data-block-weight=\"39\" data-block-id=\"16\">\n<p class=\"content-text__container\" data-track-category=\"Link no Texto\" data-track-links=\"\" data-mrf-recirculation=\"Article links\">O delegado Diogo Ferreira afirma que&nbsp;<strong>tr\u00eas professores e 15 estudantes<\/strong>&nbsp;da&nbsp;UFSM&nbsp;chegaram ao hotel durante a madrugada, momento em que o assalto era realizado.&nbsp;<span class=\"highlight highlighted\">O grupo chegou a ser rendido, mas um dos professores teria tentado reagir.<\/span><\/p>\n<\/div>\n<\/div>\n<div id=\"chunk-arp7j\" style=\"text-align: justify;\">\n<div class=\"mc-column content-text active-extra-styles\" data-block-type=\"raw\" data-block-weight=\"61\" data-block-id=\"17\">\n<blockquote class=\"content-blockquote theme-border-color-primary-before\"><p>&#8220;Amarraram com lacres pl\u00e1sticos todas as v\u00edtimas. Algumas [nos] p\u00e9s e m\u00e3os; outras, s\u00f3 as m\u00e3os. Uma das v\u00edtimas acabou conseguindo romper o lacre e tentou entrar em luta corporal com um dos criminosos, com o criminoso que estava armado. O criminoso acabou revidando \u2013 alvejando a v\u00edtima com tr\u00eas ou quatro disparos, vamos esperar a pericia para confirmar&#8221;, diz Ferreira.<\/p><\/blockquote>\n<\/div>\n<\/div>\n<div id=\"chunk-699pa\" style=\"text-align: justify;\">\n<div class=\"mc-column content-text active-extra-styles\" data-block-type=\"unstyled\" data-block-weight=\"25\" data-block-id=\"19\">\n<p class=\"content-text__container\" data-track-category=\"Link no Texto\" data-track-links=\"\" data-mrf-recirculation=\"Article links\">Foi ent\u00e3o que a segunda v\u00edtima teria sido atingida. As demais pessoas se esconderam atr\u00e1s de m\u00f3veis ou sa\u00edram do local, enquanto os criminosos fugiram.<\/p>\n<\/div>\n<\/div>\n<div id=\"chunk-9vbp2\">\n<blockquote>\n<div class=\"mc-column content-text active-extra-styles\" data-block-type=\"raw\" data-block-weight=\"30\" data-block-id=\"20\">&#8220;O caos se instalou naquele ambiente, a segunda vitima tamb\u00e9m foi atingida. As demais conseguiram se esconder atr\u00e1s de m\u00f3veis, sair daquele ambiente, e os criminosos fugiram&#8221;, afirma o delegado.<\/div>\n<\/blockquote>\n<div data-block-type=\"raw\" data-block-weight=\"30\" data-block-id=\"20\">\n<div id=\"chunk-dqgr9\" style=\"text-align: justify;\">\n<div class=\"mc-column content-text active-extra-styles\" data-block-type=\"raw\" data-block-weight=\"3\" data-block-id=\"22\">\n<div class=\"content-intertitle\">\n<h4>Assaltantes estavam hospedados<\/h4>\n<\/div>\n<\/div>\n<\/div>\n<div id=\"chunk-8ou9d\" style=\"text-align: justify;\">\n<div class=\"mc-column content-text active-extra-styles\" data-block-type=\"unstyled\" data-block-weight=\"33\" data-block-id=\"23\">\n<p class=\"content-text__container\" data-track-category=\"Link no Texto\" data-track-links=\"\" data-mrf-recirculation=\"Article links\">A BM afirma que os dois assaltantes estavam hospedados no hotel desde a noite de quarta (24). Foi durante a madrugada desta quinta que eles desceram at\u00e9 o sagu\u00e3o e anunciaram o assalto.<\/p>\n<\/div>\n<\/div>\n<div id=\"chunk-298te\" style=\"text-align: justify;\">\n<div class=\"mc-column content-text active-extra-styles\" data-block-type=\"unstyled\" data-block-weight=\"39\" data-block-id=\"24\">\n<p class=\"content-text__container\" data-track-category=\"Link no Texto\" data-track-links=\"\" data-mrf-recirculation=\"Article links\">Pelo menos&nbsp;<strong>oito h\u00f3spedes foram rendidos<\/strong>, al\u00e9m de&nbsp;<strong>funcion\u00e1rios<\/strong>&nbsp;e a&nbsp;<strong>propriet\u00e1ria<\/strong> do local. Ela foi levada para outro c\u00f4modo, onde foi obrigada a fazer transfer\u00eancias banc\u00e1rias para os criminosos. Em seguida, a excurs\u00e3o da UFSM chegou ao local.<\/p>\n<\/div>\n<\/div>\n<div id=\"chunk-8ku3a\">\n<div class=\"mc-column content-text active-extra-styles\" data-block-type=\"unstyled\" data-block-weight=\"66\" data-block-id=\"26\">\n<p class=\"content-text__container\" style=\"text-align: justify;\" data-track-category=\"Link no Texto\" data-track-links=\"\" data-mrf-recirculation=\"Article links\">&#8220;Acordei por volta das 4h20 da manh\u00e3, com tr\u00eas disparos de arma de fogo. Fiquei no quarto at\u00e9 que eu percebesse que viesse algu\u00e9m, alguma viatura. Fiquei bem apreensiva. No momento que eu vi o movimento de outras pessoas, cerca de 20 minutos depois, eu sa\u00ed, e a\u00ed que eu me dei conta da situa\u00e7\u00e3o, do que tinha ocorrido&#8221;, diz uma pessoa que estava no hotel.<\/p>\n<div id=\"chunk-folhj\" style=\"text-align: justify;\">\n<div class=\"mc-column content-text active-extra-styles\" data-block-type=\"raw\" data-block-weight=\"3\" data-block-id=\"28\">\n<div class=\"content-intertitle\">\n<h4>Luto na UFSM<\/h4>\n<\/div>\n<\/div>\n<\/div>\n<div id=\"chunk-3j4ee\" style=\"text-align: justify;\">\n<div class=\"mc-column content-text active-extra-styles\" data-block-type=\"unstyled\" data-block-weight=\"31\" data-block-id=\"29\">\n<p class=\"content-text__container\" data-track-category=\"Link no Texto\" data-track-links=\"\" data-mrf-recirculation=\"Article links\">Em Santa Maria, alunos e colegas ficaram em choque com o assassinato dos professores. A UFSM declarou luto oficial e suspendeu as atividades acad\u00eamicas e administrativas no Curso de Engenharia Florestal.<\/p>\n<\/div>\n<\/div>\n<div id=\"chunk-2h36g\" style=\"text-align: justify;\">\n<div class=\"mc-column content-text active-extra-styles\" data-block-type=\"raw\" data-block-weight=\"36\" data-block-id=\"31\">\n<blockquote class=\"content-blockquote theme-border-color-primary-before\"><p>&#8220;Eram dois professores novos, dedicados, queridos. Tinham, assim, uma rela\u00e7\u00e3o muito forte com os estudantes e estavam a servi\u00e7o, numa visita de campo de uma disciplina, e acontece essa trag\u00e9dia terr\u00edvel&#8221;, lamenta a vice-reitora, Martha Adaime.<\/p><\/blockquote>\n<\/div>\n<\/div>\n<div id=\"chunk-6iulk\" style=\"text-align: justify;\">\n<div class=\"mc-column content-text active-extra-styles\" data-block-type=\"unstyled\" data-block-weight=\"14\" data-block-id=\"32\">\n<p class=\"content-text__container\" data-track-category=\"Link no Texto\" data-track-links=\"\" data-mrf-recirculation=\"Article links\"><span class=\"highlight highlighted\">A bandeira da universidade foi colocada a meio-mastro<\/span>&nbsp;em homenagem a Fortes e Turchetto.<\/p>\n<\/div>\n<\/div>\n<div id=\"chunk-7mjb1\">\n<div class=\"mc-column content-text active-extra-styles\" data-block-type=\"unstyled\" data-block-weight=\"61\" data-block-id=\"33\">\n<p class=\"content-text__container\" style=\"text-align: justify;\" data-track-category=\"Link no Texto\" data-track-links=\"\" data-mrf-recirculation=\"Article links\">A Sociedade Santamariense dos Engenheiros Florestais (Sosef) homenageou os dois engenheiros ao dizer que &#8220;al\u00e9m de grandes professores, eram grandes amigos e uma inspira\u00e7\u00e3o para os alunos&#8221;. O Conselho Regional de Engenharia e Arquitetura do Rio Grande do Sul (CREA-RS) manifestou &#8220;imenso pesar pelo falecimento dos seus conselheiros&#8221;. J\u00e1 o sindicato dos professores da UFSM (SEDUFSM) se solidarizou com as v\u00edtimas.<\/p>\n<p style=\"text-align: justify;\" data-track-category=\"Link no Texto\" data-track-links=\"\" data-mrf-recirculation=\"Article links\"><em>Fonte: RBS TV e&nbsp; g1 RS<\/em><\/p>\n<p style=\"text-align: justify;\" data-track-category=\"Link no Texto\" data-track-links=\"\" data-mrf-recirculation=\"Article links\"><em>Foto: Divulga\u00e7\u00e3o<a href=\"https:\/\/www2.comunitaria.com.br\/en\/policia-prende-suspeitos-de-assassinato-de-professores-da-ufsm-durante-assalto-em-hotel-em-mato-castelhano\/presos-pf\/\" rel=\"attachment wp-att-63245\"><img loading=\"lazy\" decoding=\"async\" class=\"aligncenter size-full wp-image-63245\" src=\"http:\/\/www2.comunitaria.com.br\/wp-content\/uploads\/2024\/07\/presos-pf.avif\" alt=\"\" width=\"640\" height=\"360\"><\/a><\/em><\/p>\n<p style=\"text-align: justify;\" data-track-category=\"Link no Texto\" data-track-links=\"\" data-mrf-recirculation=\"Article links\">&nbsp;<\/p>\n<\/div>\n<\/div>\n<\/div>\n<\/div>\n<\/div>\n<\/div>\n<\/div>\n<\/div>\n<\/div>\n<\/div>","protected":false},"excerpt":{"rendered":"<p>A Pol\u00edcia Civil&nbsp;prendeu temporariamente, no s\u00e1bado (27),&nbsp;dois suspeitos de envolvimento no assalto a um hotel, em&nbsp;Mato Castelhano, que terminou com a&nbsp;morte de dois professores da Universidade Federal de Santa Maria (UFSM)&nbsp;na quinta-feira (25). Os presos foram localizados em&nbsp;Passo Fundo, no Norte do Rio Grande do Sul, munic\u00edpio a 17 km de onde ocorreu o crime.<\/p>\n<div class=\"read-more-wrapper\"><a class=\"read-more\" href=\"https:\/\/www2.comunitaria.com.br\/en\/policia-prende-suspeitos-de-assassinato-de-professores-da-ufsm-durante-assalto-em-hotel-em-mato-castelhano\/\" title=\"Read More\"> <span class=\"button\">Read More<\/span><\/a><\/div>","protected":false},"author":2,"featured_media":63245,"comment_status":"closed","ping_status":"closed","sticky":false,"template":"","format":"standard","meta":{"ngg_post_thumbnail":0,"footnotes":""},"categories":[47,46,42,28,33,36,43],"tags":[6377,66,148],"class_list":["post-63244","post","type-post","status-publish","format-standard","has-post-thumbnail","hentry","category-brasil","category-estado","category-fred-west","category-destaque","category-noticias","category-policia","category-regiao","tag-mato-castelhano","tag-professores","tag-ufsm"],"amp_enabled":true,"_links":{"self":[{"href":"https:\/\/www2.comunitaria.com.br\/en\/wp-json\/wp\/v2\/posts\/63244","targetHints":{"allow":["GET"]}}],"collection":[{"href":"https:\/\/www2.comunitaria.com.br\/en\/wp-json\/wp\/v2\/posts"}],"about":[{"href":"https:\/\/www2.comunitaria.com.br\/en\/wp-json\/wp\/v2\/types\/post"}],"author":[{"embeddable":true,"href":"https:\/\/www2.comunitaria.com.br\/en\/wp-json\/wp\/v2\/users\/2"}],"replies":[{"embeddable":true,"href":"https:\/\/www2.comunitaria.com.br\/en\/wp-json\/wp\/v2\/comments?post=63244"}],"version-history":[{"count":0,"href":"https:\/\/www2.comunitaria.com.br\/en\/wp-json\/wp\/v2\/posts\/63244\/revisions"}],"wp:featuredmedia":[{"embeddable":true,"href":"https:\/\/www2.comunitaria.com.br\/en\/wp-json\/wp\/v2\/media\/63245"}],"wp:attachment":[{"href":"https:\/\/www2.comunitaria.com.br\/en\/wp-json\/wp\/v2\/media?parent=63244"}],"wp:term":[{"taxonomy":"category","embeddable":true,"href":"https:\/\/www2.comunitaria.com.br\/en\/wp-json\/wp\/v2\/categories?post=63244"},{"taxonomy":"post_tag","embeddable":true,"href":"https:\/\/www2.comunitaria.com.br\/en\/wp-json\/wp\/v2\/tags?post=63244"}],"curies":[{"name":"wp","href":"https:\/\/api.w.org\/{rel}","templated":true}]}}