{"id":63182,"date":"2024-07-26T11:08:50","date_gmt":"2024-07-26T13:08:50","guid":{"rendered":"https:\/\/www2.comunitaria.com.br\/?p=63182"},"modified":"2024-07-26T11:08:51","modified_gmt":"2024-07-26T13:08:51","slug":"stj-determina-manutencao-de-85-do-efetivo-de-trabalho-do-inss","status":"publish","type":"post","link":"https:\/\/www2.comunitaria.com.br\/en\/stj-determina-manutencao-de-85-do-efetivo-de-trabalho-do-inss\/","title":{"rendered":"STJ determina manuten\u00e7\u00e3o de 85% do efetivo de trabalho do INSS"},"content":{"rendered":"<p style=\"text-align: justify;\">A presidente do Superior Tribunal de Justi\u00e7a (STJ), ministra Maria Thereza Moura, determinou nesta quinta-feira (24) que 85% do efetivo de trabalho seja mantido durante a greve dos servidores do Instituto Nacional do Seguro Social (INSS).<\/p>\n<p style=\"text-align: justify;\">Pela decis\u00e3o, o percentual m\u00ednimo dever\u00e1 ser mantido em todas as unidades do \u00f3rg\u00e3o, conforme determina a legisla\u00e7\u00e3o em casos que envolvem servi\u00e7os essenciais. Em caso de descumprimento da determina\u00e7\u00e3o, os sindicatos da categoria dever\u00e3o pagar multa di\u00e1ria de R$ 500 mil.<\/p>\n<p style=\"text-align: justify;\">A decis\u00e3o da ministra foi motivada por uma a\u00e7\u00e3o protocolada pelo INSS para garantir o funcionamento m\u00ednimo durante o movimento paredista,&nbsp;aprovado no dia 16 pela Federa\u00e7\u00e3o Nacional de Sindicatos de Trabalhadores em Sa\u00fade, Trabalho, Previd\u00eancia e Assist\u00eancia Social (Fenasps).<\/p>\n<p style=\"text-align: justify;\">A Fenasps defende a recomposi\u00e7\u00e3o das perdas salariais, reestrutura\u00e7\u00e3o de carreiras, incorpora\u00e7\u00e3o de gratifica\u00e7\u00f5es, jornada de trabalho de 30 horas para todos e cumprimento das jornadas de trabalho previstas em lei, entre outras pautas.<\/p>\n<h4 style=\"text-align: justify;\">Proposta<\/h4>\n<p style=\"text-align: justify;\">O Minist\u00e9rio da Gest\u00e3o e Inova\u00e7\u00e3o em Servi\u00e7os P\u00fablicos apresentou uma proposta \u00e0 categoria que prev\u00ea ganho acumulado de 24,8% entre 2023 e 2026 para os servidores ativos e inativos. De acordo com a pasta, esse ganho cobre as perdas inflacion\u00e1rias do governo atual e parte das perdas de gest\u00f5es anteriores.<\/p>\n<p style=\"text-align: justify;\">A atual proposta tamb\u00e9m prev\u00ea alongamento da carreira de 17 padr\u00f5es para 20 padr\u00f5es, manuten\u00e7\u00e3o da remunera\u00e7\u00e3o de ingresso do n\u00edvel superior e n\u00edvel intermedi\u00e1rio com valoriza\u00e7\u00e3o do vencimento b\u00e1sico e cria\u00e7\u00e3o de gratifica\u00e7\u00e3o de atividade em substitui\u00e7\u00e3o \u00e0 Gratifica\u00e7\u00e3o de Atividade Executiva (GAE).<\/p>\n<p><em>Fonte: Ag\u00eancia Brasil<\/em><\/p>\n<p><em>Foto: Rafa Neddermeyer\/Ag\u00eancia Brasil<a href=\"https:\/\/www2.comunitaria.com.br\/en\/stj-determina-manutencao-de-85-do-efetivo-de-trabalho-do-inss\/20231102_131305-2\/\" rel=\"attachment wp-att-63183\"><img loading=\"lazy\" decoding=\"async\" class=\"aligncenter size-large wp-image-63183\" src=\"http:\/\/www2.comunitaria.com.br\/wp-content\/uploads\/2024\/07\/20231102_131305-1-1024x613.webp\" alt=\"\" width=\"1024\" height=\"613\" srcset=\"https:\/\/www2.comunitaria.com.br\/wp-content\/uploads\/2024\/07\/20231102_131305-1-1024x613.webp 1024w, https:\/\/www2.comunitaria.com.br\/wp-content\/uploads\/2024\/07\/20231102_131305-1-300x179.webp 300w, https:\/\/www2.comunitaria.com.br\/wp-content\/uploads\/2024\/07\/20231102_131305-1-768x459.webp 768w, https:\/\/www2.comunitaria.com.br\/wp-content\/uploads\/2024\/07\/20231102_131305-1.webp 1170w\" sizes=\"auto, (max-width: 1024px) 100vw, 1024px\" \/><\/a><\/em><\/p>","protected":false},"excerpt":{"rendered":"<p>A presidente do Superior Tribunal de Justi\u00e7a (STJ), ministra Maria Thereza Moura, determinou nesta quinta-feira (24) que 85% do efetivo de trabalho seja mantido durante a greve dos servidores do Instituto Nacional do Seguro Social (INSS). Pela decis\u00e3o, o percentual m\u00ednimo dever\u00e1 ser mantido em todas as unidades do \u00f3rg\u00e3o, conforme determina a legisla\u00e7\u00e3o em<\/p>\n<div class=\"read-more-wrapper\"><a class=\"read-more\" href=\"https:\/\/www2.comunitaria.com.br\/en\/stj-determina-manutencao-de-85-do-efetivo-de-trabalho-do-inss\/\" title=\"Read More\"> <span class=\"button\">Read More<\/span><\/a><\/div>","protected":false},"author":2,"featured_media":63183,"comment_status":"closed","ping_status":"closed","sticky":false,"template":"","format":"standard","meta":{"ngg_post_thumbnail":0,"footnotes":""},"categories":[47,46,33],"tags":[237,6356],"class_list":["post-63182","post","type-post","status-publish","format-standard","has-post-thumbnail","hentry","category-brasil","category-estado","category-noticias","tag-inss","tag-stj"],"amp_enabled":true,"_links":{"self":[{"href":"https:\/\/www2.comunitaria.com.br\/en\/wp-json\/wp\/v2\/posts\/63182","targetHints":{"allow":["GET"]}}],"collection":[{"href":"https:\/\/www2.comunitaria.com.br\/en\/wp-json\/wp\/v2\/posts"}],"about":[{"href":"https:\/\/www2.comunitaria.com.br\/en\/wp-json\/wp\/v2\/types\/post"}],"author":[{"embeddable":true,"href":"https:\/\/www2.comunitaria.com.br\/en\/wp-json\/wp\/v2\/users\/2"}],"replies":[{"embeddable":true,"href":"https:\/\/www2.comunitaria.com.br\/en\/wp-json\/wp\/v2\/comments?post=63182"}],"version-history":[{"count":0,"href":"https:\/\/www2.comunitaria.com.br\/en\/wp-json\/wp\/v2\/posts\/63182\/revisions"}],"wp:featuredmedia":[{"embeddable":true,"href":"https:\/\/www2.comunitaria.com.br\/en\/wp-json\/wp\/v2\/media\/63183"}],"wp:attachment":[{"href":"https:\/\/www2.comunitaria.com.br\/en\/wp-json\/wp\/v2\/media?parent=63182"}],"wp:term":[{"taxonomy":"category","embeddable":true,"href":"https:\/\/www2.comunitaria.com.br\/en\/wp-json\/wp\/v2\/categories?post=63182"},{"taxonomy":"post_tag","embeddable":true,"href":"https:\/\/www2.comunitaria.com.br\/en\/wp-json\/wp\/v2\/tags?post=63182"}],"curies":[{"name":"wp","href":"https:\/\/api.w.org\/{rel}","templated":true}]}}