{"id":63158,"date":"2024-07-26T09:25:03","date_gmt":"2024-07-26T11:25:03","guid":{"rendered":"https:\/\/www2.comunitaria.com.br\/?p=63158"},"modified":"2024-07-26T09:25:04","modified_gmt":"2024-07-26T11:25:04","slug":"o-que-se-sabe-sobre-assalto-a-hotel-que-deixou-dois-professores-mortos-no-rs","status":"publish","type":"post","link":"https:\/\/www2.comunitaria.com.br\/en\/o-que-se-sabe-sobre-assalto-a-hotel-que-deixou-dois-professores-mortos-no-rs\/","title":{"rendered":"O que se sabe sobre assalto a hotel que deixou dois professores mortos no RS"},"content":{"rendered":"<p style=\"text-align: justify;\">O&nbsp;assalto em um hotel no munic\u00edpio de Mato Castelhano, no Norte do Rio Grande do Sul, na quinta-feira (25), resultou na&nbsp;<strong>morte de dois h\u00f3spedes<\/strong>. As v\u00edtimas eram&nbsp;<strong>dois professores<\/strong>&nbsp;da Universidade Federal de&nbsp;Santa Maria&nbsp;(UFSM):&nbsp;<strong>Fabiano de Oliveira Fortes<\/strong>&nbsp;e&nbsp;<strong>Felipe Turchetto<\/strong>.<\/p>\n<div id=\"chunk-8pk7e\" style=\"text-align: justify;\">\n<div class=\"mc-column content-text active-extra-styles\" data-block-type=\"unstyled\" data-block-weight=\"28\" data-block-id=\"5\">\n<p class=\"content-text__container\" data-track-category=\"Link no Texto\" data-track-links=\"\" data-mrf-recirculation=\"Article links\">A Pol\u00edcia Civil afirma que&nbsp;houve uma luta corporal de uma das v\u00edtimas contra um dos criminosos, que teria efetuado os disparos. Os assaltantes ainda n\u00e3o foram localizados.<\/p>\n<\/div>\n<\/div>\n<div id=\"chunk-b4mha\" style=\"text-align: justify;\">\n<div class=\"mc-column content-text active-extra-styles\" data-block-type=\"unstyled\" data-block-weight=\"23\" data-block-id=\"6\">\n<p class=\"content-text__container\" data-track-category=\"Link no Texto\" data-track-links=\"\" data-mrf-recirculation=\"Article links\">Os dois professores ser\u00e3o velados nesta sexta-feira (26). A UFSM declarou luto e suspendeu as atividades no curso em que as v\u00edtimas lecionavam.<\/p>\n<\/div>\n<\/div>\n<div id=\"chunk-2t6t3\" style=\"text-align: justify;\">\n<div class=\"mc-column content-text active-extra-styles\" data-block-type=\"unstyled\" data-block-weight=\"14\" data-block-id=\"8\">\n<p class=\"content-text__container\" data-track-category=\"Link no Texto\" data-track-links=\"\" data-mrf-recirculation=\"Article links\"><strong>Veja o que se sabe e o que ainda falta esclarecer sobre o caso:<\/strong><\/p>\n<\/div>\n<\/div>\n<div id=\"chunk-5rcmg\" style=\"text-align: justify;\">\n<div class=\"mc-column content-text active-extra-styles\" data-block-type=\"raw\" data-block-weight=\"5\" data-block-id=\"9\">\n<div class=\"content-intertitle\">\n<h4>1. Como foi o assalto<\/h4>\n<\/div>\n<\/div>\n<\/div>\n<div id=\"chunk-b60bm\" style=\"text-align: justify;\">\n<div class=\"mc-column content-text active-extra-styles\" data-block-type=\"unstyled\" data-block-weight=\"14\" data-block-id=\"10\">\n<p class=\"content-text__container\" data-track-category=\"Link no Texto\" data-track-links=\"\" data-mrf-recirculation=\"Article links\">O assalto aconteceu na madrugada de quinta-feira (25) em um hotel de&nbsp;Mato Castelhano.<\/p>\n<\/div>\n<\/div>\n<div id=\"chunk-nktp\" style=\"text-align: justify;\">\n<div class=\"mc-column content-text active-extra-styles\" data-block-type=\"unstyled\" data-block-weight=\"35\" data-block-id=\"11\">\n<p class=\"content-text__container\" data-track-category=\"Link no Texto\" data-track-links=\"\" data-mrf-recirculation=\"Article links\">A Brigada Militar (BM) afirma que os dois assaltantes estavam hospedados no hotel desde a noite de quarta (24). Foi durante a madrugada de quinta que eles desceram at\u00e9 o sagu\u00e3o e anunciaram o assalto.<\/p>\n<\/div>\n<\/div>\n<div id=\"chunk-c9il6\" style=\"text-align: justify;\">\n<div class=\"mc-column content-text active-extra-styles\" data-block-type=\"unstyled\" data-block-weight=\"36\" data-block-id=\"12\">\n<p class=\"content-text__container\" data-track-category=\"Link no Texto\" data-track-links=\"\" data-mrf-recirculation=\"Article links\">As v\u00edtimas teriam chegado mais tarde ao hotel, no final da madrugada. Cerca de&nbsp;<strong>15 alunos de gradua\u00e7\u00e3o<\/strong>&nbsp;estavam com elas. Durante o ataque, os criminosos&nbsp;<strong>renderam<\/strong>&nbsp;e&nbsp;<strong>amarraram&nbsp;<\/strong>os h\u00f3spedes e funcion\u00e1rios com lacres pl\u00e1sticos.<\/p>\n<\/div>\n<\/div>\n<div id=\"chunk-e5de\" style=\"text-align: justify;\">\n<div class=\"mc-column content-text active-extra-styles\" data-block-type=\"raw\" data-block-weight=\"42\" data-block-id=\"13\">\n<blockquote class=\"content-blockquote theme-border-color-primary-before\"><p>&#8220;Uma das v\u00edtimas acabou conseguindo romper o lacre e tentou entrar em luta corporal com um dos criminosos, com o criminoso que estava armado. O criminoso acabou revidando \u2013 alvejando a v\u00edtima com tr\u00eas ou quatro disparos&#8221;, diz o delegado Diogo Ferreira.<\/p><\/blockquote>\n<\/div>\n<\/div>\n<div id=\"chunk-7mmtj\" style=\"text-align: justify;\">\n<div class=\"mc-column content-text active-extra-styles\" data-block-type=\"unstyled\" data-block-weight=\"24\" data-block-id=\"14\">\n<p class=\"content-text__container\" data-track-category=\"Link no Texto\" data-track-links=\"\" data-mrf-recirculation=\"Article links\">Logo depois, a segunda v\u00edtima teria sido atingida. As demais pessoas se esconderam atr\u00e1s de m\u00f3veis ou sa\u00edram do local, enquanto os criminosos fugiram.<\/p>\n<\/div>\n<\/div>\n<div id=\"chunk-92hok\" style=\"text-align: justify;\">\n<div class=\"mc-column content-text active-extra-styles\" data-block-type=\"unstyled\" data-block-weight=\"39\" data-block-id=\"15\">\n<p class=\"content-text__container\" data-track-category=\"Link no Texto\" data-track-links=\"\" data-mrf-recirculation=\"Article links\">Pelo menos&nbsp;<strong>oito h\u00f3spedes foram rendidos<\/strong>, al\u00e9m de funcion\u00e1rios e a propriet\u00e1ria do local. Ela foi levada para outro c\u00f4modo, onde foi obrigada a fazer transfer\u00eancias banc\u00e1rias para os criminosos. Em seguida, a excurs\u00e3o da UFSM chegou ao local.<\/p>\n<h4>2. Quem s\u00e3o os professores mortos<\/h4>\n<div id=\"chunk-bkp2t\">\n<div class=\"mc-column content-text active-extra-styles\" data-block-type=\"unstyled\" data-block-weight=\"39\" data-block-id=\"19\">\n<p class=\"content-text__container\" data-track-category=\"Link no Texto\" data-track-links=\"\" data-mrf-recirculation=\"Article links\">As v\u00edtimas s\u00e3o&nbsp;Fabiano de Oliveira Fortes, de 46 anos, e Felipe Turchetto, de 35 anos. Eles eram docentes no Departamento de Ci\u00eancias Florestais, do Centro de Ci\u00eancias Rurais do campus em Santa Maria, na Regi\u00e3o Central do estado.<\/p>\n<\/div>\n<\/div>\n<div id=\"chunk-3i09c\">\n<div class=\"mc-column content-text active-extra-styles\" data-block-type=\"unstyled\" data-block-weight=\"33\" data-block-id=\"20\">\n<p class=\"content-text__container\" data-track-category=\"Link no Texto\" data-track-links=\"\" data-mrf-recirculation=\"Article links\">Segundo a assessoria de comunica\u00e7\u00e3o da universidade, Fortes era engenheiro florestal e servidor desde 2008. J\u00e1 Turchetto tinha a mesma forma\u00e7\u00e3o e atuava na UFSM desde 2019. Inclusive, Fortes foi professor de Turchetto.<\/p>\n<\/div>\n<\/div>\n<div id=\"chunk-4putb\">\n<div class=\"mc-column content-text active-extra-styles\" data-block-type=\"raw\" data-block-weight=\"9\" data-block-id=\"21\">\n<div class=\"content-intertitle\">\n<h4>3. O que professores e estudantes faziam no local<\/h4>\n<\/div>\n<\/div>\n<\/div>\n<div id=\"chunk-97ais\">\n<div class=\"mc-column content-text active-extra-styles\" data-block-type=\"unstyled\" data-block-weight=\"28\" data-block-id=\"22\">\n<p class=\"content-text__container\" data-track-category=\"Link no Texto\" data-track-links=\"\" data-mrf-recirculation=\"Article links\">Fortes e Turchetto lecionavam Manejo Florestal e estavam com um grupo de alunos realizando&nbsp;<strong>atividades acad\u00eamicas<\/strong> na cidade ga\u00facha. Eles viajavam para a Floresta Nacional de Passo Fundo.<\/p>\n<\/div>\n<\/div>\n<div id=\"chunk-akfq4\">\n<div class=\"mc-column content-text active-extra-styles\" data-block-type=\"raw\" data-block-weight=\"6\" data-block-id=\"24\">\n<div class=\"content-intertitle\">\n<h4>4. O que a pol\u00edcia investiga<\/h4>\n<\/div>\n<\/div>\n<\/div>\n<div id=\"chunk-4url8\">\n<div class=\"mc-column content-text active-extra-styles\" data-block-type=\"unstyled\" data-block-weight=\"34\" data-block-id=\"25\">\n<p class=\"content-text__container\" data-track-category=\"Link no Texto\" data-track-links=\"\" data-mrf-recirculation=\"Article links\">A pol\u00edcia&nbsp;<strong>investiga a identidade dos criminosos<\/strong>,&nbsp;<strong>preserva a cena do crime<\/strong>,&nbsp;<strong>coleta imagens e dados<\/strong>, e&nbsp;<strong>repassa informa\u00e7\u00f5es para o cerco policial<\/strong>. As buscas pelos assaltantes s\u00e3o realizadas desde as 4h de quinta-feira.<\/p>\n<\/div>\n<\/div>\n<div id=\"chunk-3v3tp\">\n<div class=\"mc-column content-text active-extra-styles\" data-block-type=\"unstyled\" data-block-weight=\"26\" data-block-id=\"26\">\n<p class=\"content-text__container\" data-track-category=\"Link no Texto\" data-track-links=\"\" data-mrf-recirculation=\"Article links\">De acordo com a Brigada Militar (BM),&nbsp;<span class=\"highlight highlighted\">a suspeita \u00e9 de que o crime tenha sido planejado com anteced\u00eancia<\/span>, mas ainda n\u00e3o se sabe a motiva\u00e7\u00e3o.<\/p>\n<\/div>\n<\/div>\n<div id=\"chunk-26s57\">\n<div class=\"mc-column content-text active-extra-styles\" data-block-type=\"raw\" data-block-weight=\"5\" data-block-id=\"27\">\n<div class=\"content-intertitle\">\n<h4>5. Quando ser\u00e3o as despedidas<\/h4>\n<\/div>\n<\/div>\n<\/div>\n<div id=\"chunk-7mgds\">\n<div class=\"mc-column content-text active-extra-styles\" data-block-type=\"unstyled\" data-block-weight=\"38\" data-block-id=\"28\">\n<p class=\"content-text__container\" data-track-category=\"Link no Texto\" data-track-links=\"\" data-mrf-recirculation=\"Article links\">O professor Fabiano de Oliveira Fortes ser\u00e1 velado no Sal\u00e3o Imembu\u00ed, no 2\u00ba andar do pr\u00e9dio da Reitoria da UFSM, em Santa Maria. O vel\u00f3rio acontece at\u00e9 as 11h desta sexta-feira (26) e, ap\u00f3s, o corpo ser\u00e1 cremado.<\/p>\n<\/div>\n<\/div>\n<div id=\"chunk-bck1d\">\n<div class=\"mc-column content-text active-extra-styles\" data-block-type=\"unstyled\" data-block-weight=\"27\" data-block-id=\"29\">\n<p class=\"content-text__container\" data-track-category=\"Link no Texto\" data-track-links=\"\" data-mrf-recirculation=\"Article links\">O professor Felipe Turchetto ser\u00e1 velado na capela de Linha Zanatta, no munic\u00edpio de Taquaru\u00e7u do Sul. O sepultamento ser\u00e1 nesta sexta, \u00e0s 14h, no mesmo local.<\/p>\n<\/div>\n<\/div>\n<\/div>\n<\/div>\n<div id=\"chunk-3taau\" style=\"text-align: justify;\">\n<div class=\"mc-column content-text active-extra-styles\" data-block-type=\"raw\" data-block-weight=\"6\" data-block-id=\"32\">\n<div class=\"content-intertitle\">\n<h4>6. Como a universidade se pronuncia<\/h4>\n<\/div>\n<\/div>\n<\/div>\n<div id=\"chunk-4ld2a\" style=\"text-align: justify;\">\n<div class=\"mc-column content-text active-extra-styles\" data-block-type=\"unstyled\" data-block-weight=\"32\" data-block-id=\"33\">\n<p class=\"content-text__container\" data-track-category=\"Link no Texto\" data-track-links=\"\" data-mrf-recirculation=\"Article links\">A Universidade Federal de Santa Maria (UFSM) declarou&nbsp;<strong>luto oficial<\/strong>,&nbsp;<strong>suspendeu as atividades acad\u00eamicas e administrativas do Curso de Engenharia Florestal<\/strong>, e colocou a&nbsp;<strong>bandeira a meio-mastro em homenagem aos professores mortos<\/strong>.<\/p>\n<\/div>\n<\/div>\n<div id=\"chunk-901pp\" style=\"text-align: justify;\">\n<div class=\"mc-column content-text active-extra-styles\" data-block-type=\"raw\" data-block-weight=\"36\" data-block-id=\"34\">\n<blockquote class=\"content-blockquote theme-border-color-primary-before\"><p>&#8220;Eram dois professores novos, dedicados, queridos. Tinham, assim, uma rela\u00e7\u00e3o muito forte com os estudantes e estavam a servi\u00e7o, numa visita de campo de uma disciplina, e acontece essa trag\u00e9dia terr\u00edvel&#8221;, lamenta a vice-reitora, Martha Adaime.<\/p><\/blockquote>\n<\/div>\n<\/div>\n<div id=\"chunk-9ekd1\" style=\"text-align: justify;\">\n<div class=\"mc-column content-text active-extra-styles\" data-block-type=\"unstyled\" data-block-weight=\"31\" data-block-id=\"35\">\n<p class=\"content-text__container\" data-track-category=\"Link no Texto\" data-track-links=\"\" data-mrf-recirculation=\"Article links\">A Sociedade Santamariense dos Engenheiros Florestais (Sosef) homenageou os dois engenheiros. Segundo o presidente da Sosef, Telmo Almansa, &#8220;al\u00e9m de grandes professores, eram grandes amigos e uma inspira\u00e7\u00e3o para os alunos&#8221;.<\/p>\n<\/div>\n<\/div>\n<div id=\"chunk-fuilq\">\n<div class=\"mc-column content-text active-extra-styles\" data-block-type=\"unstyled\" data-block-weight=\"24\" data-block-id=\"36\">\n<p class=\"content-text__container\" style=\"text-align: justify;\" data-track-category=\"Link no Texto\" data-track-links=\"\" data-mrf-recirculation=\"Article links\">O Conselho Regional de Engenharia e Arquitetura do Rio Grande do Sul (CREA-RS) tamb\u00e9m se manifestou, registrando &#8220;imenso pesar pelo falecimento dos seus conselheiros&#8221;.<\/p>\n<p data-track-category=\"Link no Texto\" data-track-links=\"\" data-mrf-recirculation=\"Article links\"><em>Fonte: g1 RS<\/em><\/p>\n<p data-track-category=\"Link no Texto\" data-track-links=\"\" data-mrf-recirculation=\"Article links\"><em>Foto: Arquivo pessoal<a href=\"https:\/\/www2.comunitaria.com.br\/en\/o-que-se-sabe-sobre-assalto-a-hotel-que-deixou-dois-professores-mortos-no-rs\/professores\/\" rel=\"attachment wp-att-63159\"><img loading=\"lazy\" decoding=\"async\" class=\"aligncenter size-full wp-image-63159\" src=\"http:\/\/www2.comunitaria.com.br\/wp-content\/uploads\/2024\/07\/professores.avif\" alt=\"\" width=\"640\" height=\"360\"><\/a><\/em><\/p>\n<\/div>\n<\/div>","protected":false},"excerpt":{"rendered":"<p>O&nbsp;assalto em um hotel no munic\u00edpio de Mato Castelhano, no Norte do Rio Grande do Sul, na quinta-feira (25), resultou na&nbsp;morte de dois h\u00f3spedes. As v\u00edtimas eram&nbsp;dois professores&nbsp;da Universidade Federal&#8230;<\/p>","protected":false},"author":2,"featured_media":63159,"comment_status":"closed","ping_status":"closed","sticky":false,"template":"","format":"standard","meta":{"ngg_post_thumbnail":0,"footnotes":""},"categories":[47,46,42,28,33,43],"tags":[148],"class_list":["post-63158","post","type-post","status-publish","format-standard","has-post-thumbnail","hentry","category-brasil","category-estado","category-fred-west","category-destaque","category-noticias","category-regiao","tag-ufsm"],"amp_enabled":true,"_links":{"self":[{"href":"https:\/\/www2.comunitaria.com.br\/en\/wp-json\/wp\/v2\/posts\/63158","targetHints":{"allow":["GET"]}}],"collection":[{"href":"https:\/\/www2.comunitaria.com.br\/en\/wp-json\/wp\/v2\/posts"}],"about":[{"href":"https:\/\/www2.comunitaria.com.br\/en\/wp-json\/wp\/v2\/types\/post"}],"author":[{"embeddable":true,"href":"https:\/\/www2.comunitaria.com.br\/en\/wp-json\/wp\/v2\/users\/2"}],"replies":[{"embeddable":true,"href":"https:\/\/www2.comunitaria.com.br\/en\/wp-json\/wp\/v2\/comments?post=63158"}],"version-history":[{"count":0,"href":"https:\/\/www2.comunitaria.com.br\/en\/wp-json\/wp\/v2\/posts\/63158\/revisions"}],"wp:featuredmedia":[{"embeddable":true,"href":"https:\/\/www2.comunitaria.com.br\/en\/wp-json\/wp\/v2\/media\/63159"}],"wp:attachment":[{"href":"https:\/\/www2.comunitaria.com.br\/en\/wp-json\/wp\/v2\/media?parent=63158"}],"wp:term":[{"taxonomy":"category","embeddable":true,"href":"https:\/\/www2.comunitaria.com.br\/en\/wp-json\/wp\/v2\/categories?post=63158"},{"taxonomy":"post_tag","embeddable":true,"href":"https:\/\/www2.comunitaria.com.br\/en\/wp-json\/wp\/v2\/tags?post=63158"}],"curies":[{"name":"wp","href":"https:\/\/api.w.org\/{rel}","templated":true}]}}