{"id":63113,"date":"2024-07-24T14:08:18","date_gmt":"2024-07-24T16:08:18","guid":{"rendered":"https:\/\/www2.comunitaria.com.br\/?p=63113"},"modified":"2024-07-24T14:08:19","modified_gmt":"2024-07-24T16:08:19","slug":"mais-de-25-milhoes-de-brasileiros-deixaram-de-passar-fome-em-2023","status":"publish","type":"post","link":"https:\/\/www2.comunitaria.com.br\/en\/mais-de-25-milhoes-de-brasileiros-deixaram-de-passar-fome-em-2023\/","title":{"rendered":"Mais de 2,5 milh\u00f5es de brasileiros deixaram de passar fome em 2023"},"content":{"rendered":"<p style=\"text-align: justify;\">O Brasil avan\u00e7ou no combate \u00e0 fome, mas ainda integra o chamado Mapa da Fome. Em todo o pa\u00eds, 14,7 milh\u00f5es de pessoas deixaram de passar fome. A inseguran\u00e7a alimentar severa, que atingia 17,2 milh\u00f5es de brasileiros em 2022, caiu para 2,5 milh\u00f5es em 2023. Os dados fazem parte do Relat\u00f3rio das Na\u00e7\u00f5es Unidas sobre o Estado da Inseguran\u00e7a Alimentar Mundial (Sofi 2024), divulgado nesta quarta-feira (24).<\/p>\n<p style=\"text-align: justify;\">Diante dos avan\u00e7os, o ministro do Desenvolvimento e Assist\u00eancia Social, Fam\u00edlia e Combate \u00e0 Fome do Brasil, Wellington Dias, est\u00e1 otimista e acredita que o Brasil deixar\u00e1 o Mapa at\u00e9 2026. &#8220;Digo com seguran\u00e7a, no caminho que estamos, \u00e9 poss\u00edvel, dentro do governo Lula, at\u00e9 2026, sair do Mapa da Fome&#8221;, afirmou em entrevista \u00e0 imprensa logo ap\u00f3s a divulga\u00e7\u00e3o oficial dos dados..<\/p>\n<p style=\"text-align: justify;\">Esta \u00e9 a primeira vez que o relat\u00f3rio \u00e9 divulgado fora de Roma ou Nova York. O documento foi apresentado durante as reuni\u00f5es do G20 e logo antes da apresenta\u00e7\u00e3o da Alian\u00e7a Global contra a Fome, principal aposta da presid\u00eancia brasileira do G20 para erradicar a fome no mundo, por meio da coopera\u00e7\u00e3o tanto financeira quanto t\u00e9cnica entre os pa\u00edses.<\/p>\n<p style=\"text-align: justify;\">Em 2014, o Brasil havia conseguido deixar o Mapa da Fome. No entanto, a inseguran\u00e7a alimentar aumentou ao longo dos anos e o pa\u00eds voltou a constar no relat\u00f3rio em 2021. Desde ent\u00e3o, Dias diz que a erradica\u00e7\u00e3o da fome tem sido prioridade do governo e elenca uma s\u00e9rie de programas voltados para esse fim, como Bolsa Fam\u00edlia, Programa Nacional de Alimenta\u00e7\u00e3o Escolar e o Programa de Aquisi\u00e7\u00e3o de Alimentos.<\/p>\n<p style=\"text-align: justify;\">Segundo o ministro, o pa\u00eds coloca-se a&nbsp;disposi\u00e7\u00e3o, at\u00e9 mesmo por meio da Alian\u00e7a Global contra a Fome, a compartilhar as iniciativas com outros pa\u00edses. &#8220;Estamos no caminho certo, essa \u00e9 a li\u00e7\u00e3o do brasil, a mensagem de esperan\u00e7a que o relat\u00f3rio traz, n\u00e3o apenas pra o Brasil, mas para o mundo.<\/p>\n<p style=\"text-align: justify;\">Apesar dos dados de 2023 terem sido destacados pelo ministro, o relat\u00f3rio considera o per\u00edodo dos \u00faltimos tr\u00eas anos, tra\u00e7ando uma m\u00e9dia trienal. Os dados mostram que, nesse per\u00edodo, a inseguran\u00e7a alimentar severa caiu de 8,5%, no tri\u00eanio 2020-2022, para 6,6%, no per\u00edodo 2021-2023, o que corresponde a uma redu\u00e7\u00e3o de 18,3 milh\u00f5es para 14,3 milh\u00f5es de brasileiros nesse grau de inseguran\u00e7a alimentar.<\/p>\n<p style=\"text-align: justify;\">Em n\u00fameros absolutos, isso significa que 4 milh\u00f5es sa\u00edram da inseguran\u00e7a alimentar severa na compara\u00e7\u00e3o entre os dois per\u00edodos de tr\u00eas anos.<\/p>\n<h4 style=\"text-align: justify;\">Fome no mundo<\/h4>\n<p style=\"text-align: justify;\">O relat\u00f3rio traz dados alarmantes. Em todo o mundo,&nbsp;uma em cada 11 pessoas pode ter passado fome no mundo em 2023. Em n\u00fameros absolutos, isso significa entre 713 e 757 milh\u00f5es de pessoas.<\/p>\n<p style=\"text-align: justify;\">As perspectivas n\u00e3o s\u00e3o boas. A proje\u00e7\u00e3o \u00e9 que, em 2030, 582 milh\u00f5es de pessoas ainda enfrentem desnutri\u00e7\u00e3o severa. Mais de metade deles dever\u00e3o estar em \u00c1frica. De acordo com o texto, a falta de melhoras globais na seguran\u00e7a alimentar e o acesso desigual a recursos para custear a dietas saud\u00e1veis est\u00e3o entre os motivos.<\/p>\n<p style=\"text-align: justify;\">O relat\u00f3rio argumenta que somente fontes oficiais e p\u00fablicas de financiamento n\u00e3o ser\u00e3o suficientes para preencher a lacuna de financiamento para acabar com a fome. \u201cAumentar o financiamento privado, atrav\u00e9s de parcerias p\u00fablico-privadas, tamb\u00e9m ser\u00e1 essencial para complementar os esfor\u00e7os\u201d.<\/p>\n<p style=\"text-align: justify;\">Acabar com a fome, alcan\u00e7ar a seguran\u00e7a alimentar e melhoria da nutri\u00e7\u00e3o e promover a agricultura sustent\u00e1vel \u00e9 um dos Objetivos de Desenvolvimento Sustent\u00e1vel (ODS). Os ODS s\u00e3o uma agenda mundial para acabar com a pobreza e as desigualdades. Eles foram pactuados pelos 193 Estados-Membros da Organiza\u00e7\u00e3o das Na\u00e7\u00f5es Unidas (ONU) e devem ser cumpridos at\u00e9 2030.<\/p>\n<p style=\"text-align: justify;\">O relat\u00f3rio argumenta que somente fontes oficiais e p\u00fablicas de financiamento n\u00e3o ser\u00e3o suficientes para preencher a lacuna de financiamento para acabar com a fome e&nbsp; afirma que aumentar o financiamento privado, atrav\u00e9s de parcerias p\u00fablico-privadas, tamb\u00e9m ser\u00e1 essencial para complementar os esfor\u00e7os.<\/p>\n<p style=\"text-align: justify;\">A FAO argumenta que n\u00e3o atender \u00e0 agenda de 2030 acarreta custos sociais, econ\u00f4micos e ambientais incomensur\u00e1veis. \u201cN\u00e3o h\u00e1 tempo a perder, j\u00e1 que o custo da ina\u00e7\u00e3o excede em muito o custo da a\u00e7\u00e3o\u201d.<\/p>\n<p style=\"text-align: justify;\">Durante o lan\u00e7amento, a import\u00e2ncia do financiamento foi enfatizada em todos os discursos. &#8220;N\u00e3o podemos permitir que os mais vulner\u00e1veis n\u00e3o tenham acesso a esse financiamento&#8221;, defendeu o diretor-geral da Organiza\u00e7\u00e3o das Na\u00e7\u00f5es Unidas para Alimenta\u00e7\u00e3o e Agricultura (FAO), QU Dongyu.<\/p>\n<p style=\"text-align: justify;\">&#8220;\u00c9 importante reconhecer essa nova realidade e entender que os desafios s\u00e3o globais e os riscos e incertezas tamb\u00e9m. Precisamos estar prontos para isso e precisamos aumentar tamb\u00e9m [o financiamento] em todas as dimens\u00f5es, unindo recursos financeiros de maneira colaborativa. Sem o setor privado n\u00e3o conseguiremos atingir isso&#8221;, ressaltou.<\/p>\n<h4 style=\"text-align: justify;\">G20<\/h4>\n<p style=\"text-align: justify;\">O G20 \u00e9 composto por Argentina, Austr\u00e1lia, Brasil, Canad\u00e1, China, Fran\u00e7a, Alemanha, \u00cdndia, Indon\u00e9sia, It\u00e1lia, Jap\u00e3o, Rep\u00fablica da Coreia, M\u00e9xico, R\u00fassia, Ar\u00e1bia Saudita, \u00c1frica do Sul, Turquia, Reino Unido e Estados Unidos, al\u00e9m da Uni\u00e3o Europeia.<\/p>\n<p style=\"text-align: justify;\">Os membros do G20 representam cerca de 85% do Produto Interno Bruto (PIB), soma de todos os bens e servi\u00e7os produzidos por um pa\u00eds) global, mais de 75% do com\u00e9rcio global e cerca de dois ter\u00e7os da popula\u00e7\u00e3o mundial.<\/p>\n<p style=\"text-align: justify;\">Desde 2008, os pa\u00edses revezam-se na presid\u00eancia. Esta \u00e9 a primeira vez que o Brasil preside o G20 no atual formato.<\/p>\n<p style=\"text-align: justify;\"><em>Fonte: Ag\u00eancia Brasil<\/em><\/p>\n<p style=\"text-align: justify;\"><em>Foto: Fernando Fraz\u00e3o\/Ag\u00eancia Brasil<a href=\"https:\/\/www2.comunitaria.com.br\/mais-de-25-milhoes-de-brasileiros-deixaram-de-passar-fome-em-2023\/attachment\/1000004311\/\" rel=\"attachment wp-att-63114\"><img loading=\"lazy\" decoding=\"async\" class=\"aligncenter size-large wp-image-63114\" src=\"http:\/\/www2.comunitaria.com.br\/wp-content\/uploads\/2024\/07\/1000004311-1024x613.webp\" alt=\"\" width=\"1024\" height=\"613\" srcset=\"https:\/\/www2.comunitaria.com.br\/wp-content\/uploads\/2024\/07\/1000004311-1024x613.webp 1024w, https:\/\/www2.comunitaria.com.br\/wp-content\/uploads\/2024\/07\/1000004311-300x179.webp 300w, https:\/\/www2.comunitaria.com.br\/wp-content\/uploads\/2024\/07\/1000004311-768x459.webp 768w, https:\/\/www2.comunitaria.com.br\/wp-content\/uploads\/2024\/07\/1000004311.webp 1170w\" sizes=\"auto, (max-width: 1024px) 100vw, 1024px\" \/><\/a><\/em><\/p>\n","protected":false},"excerpt":{"rendered":"<p>O Brasil avan\u00e7ou no combate \u00e0 fome, mas ainda integra o chamado Mapa da Fome. Em todo o pa\u00eds, 14,7 milh\u00f5es de pessoas deixaram de passar fome. A inseguran\u00e7a alimentar&#8230;<\/p>","protected":false},"author":2,"featured_media":63114,"comment_status":"closed","ping_status":"closed","sticky":false,"template":"","format":"standard","meta":{"ngg_post_thumbnail":0,"footnotes":""},"categories":[47,33],"tags":[6328,6332],"class_list":["post-63113","post","type-post","status-publish","format-standard","has-post-thumbnail","hentry","category-brasil","category-noticias","tag-g20","tag-mapa-da-fome"],"amp_enabled":true,"_links":{"self":[{"href":"https:\/\/www2.comunitaria.com.br\/en\/wp-json\/wp\/v2\/posts\/63113","targetHints":{"allow":["GET"]}}],"collection":[{"href":"https:\/\/www2.comunitaria.com.br\/en\/wp-json\/wp\/v2\/posts"}],"about":[{"href":"https:\/\/www2.comunitaria.com.br\/en\/wp-json\/wp\/v2\/types\/post"}],"author":[{"embeddable":true,"href":"https:\/\/www2.comunitaria.com.br\/en\/wp-json\/wp\/v2\/users\/2"}],"replies":[{"embeddable":true,"href":"https:\/\/www2.comunitaria.com.br\/en\/wp-json\/wp\/v2\/comments?post=63113"}],"version-history":[{"count":0,"href":"https:\/\/www2.comunitaria.com.br\/en\/wp-json\/wp\/v2\/posts\/63113\/revisions"}],"wp:featuredmedia":[{"embeddable":true,"href":"https:\/\/www2.comunitaria.com.br\/en\/wp-json\/wp\/v2\/media\/63114"}],"wp:attachment":[{"href":"https:\/\/www2.comunitaria.com.br\/en\/wp-json\/wp\/v2\/media?parent=63113"}],"wp:term":[{"taxonomy":"category","embeddable":true,"href":"https:\/\/www2.comunitaria.com.br\/en\/wp-json\/wp\/v2\/categories?post=63113"},{"taxonomy":"post_tag","embeddable":true,"href":"https:\/\/www2.comunitaria.com.br\/en\/wp-json\/wp\/v2\/tags?post=63113"}],"curies":[{"name":"wp","href":"https:\/\/api.w.org\/{rel}","templated":true}]}}