{"id":62971,"date":"2024-07-17T17:13:54","date_gmt":"2024-07-17T19:13:54","guid":{"rendered":"https:\/\/www2.comunitaria.com.br\/?p=62971"},"modified":"2024-07-17T17:13:54","modified_gmt":"2024-07-17T19:13:54","slug":"cnj-afasta-desembargador-que-falou-em-mulheres-loucas-atras-de-homens","status":"publish","type":"post","link":"https:\/\/www2.comunitaria.com.br\/en\/cnj-afasta-desembargador-que-falou-em-mulheres-loucas-atras-de-homens\/","title":{"rendered":"CNJ afasta desembargador que falou em mulheres loucas atr\u00e1s de homens"},"content":{"rendered":"<p style=\"text-align: justify;\">O Conselho Nacional de Justi\u00e7a (CNJ) determinou nesta quarta-feira (17) o afastamento do desembargador do Tribunal de Justi\u00e7a do Paran\u00e1 (TJPR) Lu\u00eds Cesar de Paula Esp\u00edndola.<\/p>\n<p style=\"text-align: justify;\">A medida foi tomada pelo corregedor nacional de Justi\u00e7a, ministro Lu\u00eds Felipe Salom\u00e3o, que decidiu investigar o magistrado por &#8220;discurso potencialmente preconceituoso e mis\u00f3gino&#8221; durante uma sess\u00e3o de julgamento realizada no dia 3 de julho.<\/p>\n<p style=\"text-align: justify;\">Durante o julgamento sobre ass\u00e9dio envolvendo uma menor de 12 anos, o desembargador disse que as &#8220;mulheres est\u00e3o loucas atr\u00e1s dos homens&#8221; e criticou o que chamou de &#8220;discurso feminista desatualizado&#8221;. Na sess\u00e3o, o magistrado tamb\u00e9m votou contra a concess\u00e3o de medida protetiva \u00e0 adolescente.<\/p>\n<p style=\"text-align: justify;\">&#8220;Se Vossa Excel\u00eancia sair na rua hoje, quem est\u00e1 assediando, quem est\u00e1 correndo atr\u00e1s de homens s\u00e3o as mulheres, porque n\u00e3o tem homem. Hoje em dia, o que existe \u00e9 que as mulheres est\u00e3o loucas atr\u00e1s dos homens, porque s\u00e3o muito poucos. A mulherada est\u00e1 louca atr\u00e1s de homem&#8221;. afirmou.<\/p>\n<p style=\"text-align: justify;\">O afastamento foi motivado por uma a\u00e7\u00e3o da seccional da Ordem dos Advogados do Brasil (OAB) no Paran\u00e1. No entendimento do corregedor, o desembargador n\u00e3o pode continuar no cargo, exercendo a presid\u00eancia da 12\u00aa C\u00e2mara C\u00edvel, destinada ao julgamento de causas de fam\u00edlia.<\/p>\n<p style=\"text-align: justify;\">&#8220;Diante da gravidade do caso e a premente necessidade de prevenir situa\u00e7\u00f5es futuras em caso de perman\u00eancia do desembargador \u00e0&nbsp;frente da C\u00e2mara que atua nesta mesma mat\u00e9ria, com atitudes reiteradas de contrariedade \u00e0s pol\u00edticas e normativos encampados por este conselho&#8221;, afirmou o ministro.<\/p>\n<p style=\"text-align: justify;\">Em nota divulgada ap\u00f3s o epis\u00f3dio, o desembargador disse que n\u00e3o teve a inten\u00e7\u00e3o de &#8220;menosprezar o comportamento feminino&#8221;.<\/p>\n<p style=\"text-align: justify;\">&#8220;Esclare\u00e7o que nunca houve a inten\u00e7\u00e3o de menosprezar o comportamento feminino nas declara\u00e7\u00f5es proferidas por mim durante a sess\u00e3o da 12\u00aa C\u00e2mara C\u00edvel do tribunal. Afinal, sempre defendi a igualdade entre homens e mulheres, tanto em minha vida pessoal quanto em minhas decis\u00f5es. Lamento profundamente o ocorrido e me solidarizo com todas e todos que se sentiram ofendidos com a divulga\u00e7\u00e3o parcial do v\u00eddeo da sess\u00e3o&#8221;, declarou.<\/p>\n<p><em>Fonte: Ag\u00eancia Brasil<\/em><\/p>\n<p><em>Foto: Rafa Neddermeyer\/Ag\u00eancia Brasil<a href=\"https:\/\/www2.comunitaria.com.br\/en\/cnj-afasta-desembargador-que-falou-em-mulheres-loucas-atras-de-homens\/20231102_134202\/\" rel=\"attachment wp-att-62972\"><img loading=\"lazy\" decoding=\"async\" class=\"aligncenter size-large wp-image-62972\" src=\"http:\/\/www2.comunitaria.com.br\/wp-content\/uploads\/2024\/07\/20231102_134202-1024x613.webp\" alt=\"\" width=\"1024\" height=\"613\" srcset=\"https:\/\/www2.comunitaria.com.br\/wp-content\/uploads\/2024\/07\/20231102_134202-1024x613.webp 1024w, https:\/\/www2.comunitaria.com.br\/wp-content\/uploads\/2024\/07\/20231102_134202-300x179.webp 300w, https:\/\/www2.comunitaria.com.br\/wp-content\/uploads\/2024\/07\/20231102_134202-768x459.webp 768w, https:\/\/www2.comunitaria.com.br\/wp-content\/uploads\/2024\/07\/20231102_134202.webp 1170w\" sizes=\"auto, (max-width: 1024px) 100vw, 1024px\" \/><\/a><\/em><\/p>","protected":false},"excerpt":{"rendered":"<p>O Conselho Nacional de Justi\u00e7a (CNJ) determinou nesta quarta-feira (17) o afastamento do desembargador do Tribunal de Justi\u00e7a do Paran\u00e1 (TJPR) Lu\u00eds Cesar de Paula Esp\u00edndola. A medida foi tomada&#8230;<\/p>","protected":false},"author":2,"featured_media":62972,"comment_status":"closed","ping_status":"closed","sticky":false,"template":"","format":"standard","meta":{"ngg_post_thumbnail":0,"footnotes":""},"categories":[47,33],"tags":[6289],"class_list":["post-62971","post","type-post","status-publish","format-standard","has-post-thumbnail","hentry","category-brasil","category-noticias","tag-conselho-nacional-de-justica"],"amp_enabled":true,"_links":{"self":[{"href":"https:\/\/www2.comunitaria.com.br\/en\/wp-json\/wp\/v2\/posts\/62971","targetHints":{"allow":["GET"]}}],"collection":[{"href":"https:\/\/www2.comunitaria.com.br\/en\/wp-json\/wp\/v2\/posts"}],"about":[{"href":"https:\/\/www2.comunitaria.com.br\/en\/wp-json\/wp\/v2\/types\/post"}],"author":[{"embeddable":true,"href":"https:\/\/www2.comunitaria.com.br\/en\/wp-json\/wp\/v2\/users\/2"}],"replies":[{"embeddable":true,"href":"https:\/\/www2.comunitaria.com.br\/en\/wp-json\/wp\/v2\/comments?post=62971"}],"version-history":[{"count":0,"href":"https:\/\/www2.comunitaria.com.br\/en\/wp-json\/wp\/v2\/posts\/62971\/revisions"}],"wp:featuredmedia":[{"embeddable":true,"href":"https:\/\/www2.comunitaria.com.br\/en\/wp-json\/wp\/v2\/media\/62972"}],"wp:attachment":[{"href":"https:\/\/www2.comunitaria.com.br\/en\/wp-json\/wp\/v2\/media?parent=62971"}],"wp:term":[{"taxonomy":"category","embeddable":true,"href":"https:\/\/www2.comunitaria.com.br\/en\/wp-json\/wp\/v2\/categories?post=62971"},{"taxonomy":"post_tag","embeddable":true,"href":"https:\/\/www2.comunitaria.com.br\/en\/wp-json\/wp\/v2\/tags?post=62971"}],"curies":[{"name":"wp","href":"https:\/\/api.w.org\/{rel}","templated":true}]}}