{"id":62942,"date":"2024-07-17T15:17:54","date_gmt":"2024-07-17T17:17:54","guid":{"rendered":"https:\/\/www2.comunitaria.com.br\/?p=62942"},"modified":"2024-07-17T15:17:54","modified_gmt":"2024-07-17T17:17:54","slug":"politica-nacional-aldir-blanc-oficina-capacitara-produtores-e-trabalhadores-culturais","status":"publish","type":"post","link":"https:\/\/www2.comunitaria.com.br\/en\/politica-nacional-aldir-blanc-oficina-capacitara-produtores-e-trabalhadores-culturais\/","title":{"rendered":"Pol\u00edtica Nacional Aldir Blanc: oficina capacitar\u00e1 produtores e trabalhadores culturais"},"content":{"rendered":"<p style=\"text-align: justify;\">Acontecer\u00e1 no dia 3 de agosto uma oficina de forma\u00e7\u00e3o para capacita\u00e7\u00e3o de produtores e trabalhadores culturais do munic\u00edpio. O evento ser\u00e1 realizado no Audit\u00f3rio da C\u00e2mara de Vereadores, das 9h \u00e0s 12h e das 13h30 \u00e0s 16h30.<\/p>\n<p style=\"text-align: justify;\">A capacita\u00e7\u00e3o busca preparar os agentes culturais para o edital da Pol\u00edtica Nacional Aldir Blanc de Fomento \u00e0 Cultura (PNAB 2024), lan\u00e7ado nesta segunda-feira (15). A atividade \u00e9 realizada pela Secretaria de Educa\u00e7\u00e3o e Cultura e ministrada pelo palestrante Marco Aur\u00e9lio Alves.<\/p>\n<p style=\"text-align: justify;\">As inscri\u00e7\u00f5es para a oficina j\u00e1 est\u00e3o abertas e s\u00e3o gratuitas. Para participar, basta preencher o formul\u00e1rio de inscri\u00e7\u00e3o, clicando aqui. (<a href=\"https:\/\/forms.gle\/rR2YPv29KkvERjLC7\">https:\/\/forms.gle\/rR2YPv29KkvERjLC7<\/a>)<\/p>\n<p style=\"text-align: justify;\">Al\u00e9m de orientar os participantes sobre como participar dos editais e elaborar projetos culturais de acordo com os crit\u00e9rios estabelecidos, a oficina \u00e9 uma oportunidade para esclarecer d\u00favidas sobre o processo de inscri\u00e7\u00e3o e vale tamb\u00e9m como crit\u00e9rio de pontua\u00e7\u00e3o para os participantes do edital.<\/p>\n<p style=\"text-align: justify;\">Para mais informa\u00e7\u00f5es sobre a oficina de forma\u00e7\u00e3o e o edital da PNAB 2024, contate o Departamento de Cultura por meio do telefone da Prefeitura Municipal, 3744-5050, ou pelo e-mail <a href=\"mailto:culturafw@yahoo.com\">culturafw@yahoo.com<\/a>.<\/p>\n<p style=\"text-align: justify;\"><strong>Sobre o edital PNAB 2024<\/strong><\/p>\n<p style=\"text-align: justify;\">Foi lan\u00e7ado nesta segunda-feira (15) o edital da Pol\u00edtica Nacional Aldir Blanc de Fomento \u00e0 Cultura (PNAB 2024) para os produtores de Frederico Westphalen. O edital contemplar\u00e1 17 projetos em tr\u00eas categorias: master, s\u00eanior e j\u00fanior<\/p>\n<p style=\"text-align: justify;\">As inscri\u00e7\u00f5es estar\u00e3o abertas at\u00e9 o dia 6 de agosto e podem ser realizadas presencialmente, no Departamento de Cultura da Prefeitura de FW, das 8h30min \u00e0s 11h30min e das 13h30min \u00e0s 17 horas, ou on-line, pelo e-mail <a href=\"mailto:culturafw@yahoo.com\">culturafw@yahoo.com<\/a>.<\/p>\n<p style=\"text-align: justify;\"><strong>Servi\u00e7o<\/strong><\/p>\n<p style=\"text-align: justify;\">Oficina de forma\u00e7\u00e3o para capacita\u00e7\u00e3o de produtores e trabalhadores culturais<br \/>\nQuando: 3 de agosto<br \/>\nLocal: Audit\u00f3rio da C\u00e2mara de Vereadores, Rua do Com\u00e9rcio, 970<br \/>\nHor\u00e1rio: 9h \u00e0s 12h e das 13h30 \u00e0s 16h30<\/p>\n<p style=\"text-align: justify;\"><strong>Inscri\u00e7\u00f5es<\/strong><br \/>\nPreencha o formul\u00e1rio de inscri\u00e7\u00e3o. (<a href=\"https:\/\/forms.gle\/rR2YPv29KkvERjLC7)\">https:\/\/forms.gle\/rR2YPv29KkvERjLC7)<\/a><\/p>\n<p style=\"text-align: justify;\"><strong>D\u00favidas<\/strong><br \/>\nContate o Departamento de Cultura por meio do telefone da Prefeitura Municipal, 3744-5050, ou pelo e-mail <a href=\"mailto:culturafw@yahoo.com\">culturafw@yahoo.com<\/a><\/p>\n<p style=\"text-align: justify;\"><em>Fonte: Marina Oliveira \/ Ascom<a href=\"https:\/\/www2.comunitaria.com.br\/en\/politica-nacional-aldir-blanc-oficina-capacitara-produtores-e-trabalhadores-culturais\/imagem-do-whatsapp-de-2024-07-17-as-14-07-03_2c49c930\/\" rel=\"attachment wp-att-62944\"><img loading=\"lazy\" decoding=\"async\" class=\"aligncenter size-large wp-image-62944\" src=\"http:\/\/www2.comunitaria.com.br\/wp-content\/uploads\/2024\/07\/Imagem-do-WhatsApp-de-2024-07-17-as-14.07.03_2c49c930-1024x1024.jpg\" alt=\"\" width=\"1024\" height=\"1024\" srcset=\"https:\/\/www2.comunitaria.com.br\/wp-content\/uploads\/2024\/07\/Imagem-do-WhatsApp-de-2024-07-17-as-14.07.03_2c49c930-1024x1024.jpg 1024w, https:\/\/www2.comunitaria.com.br\/wp-content\/uploads\/2024\/07\/Imagem-do-WhatsApp-de-2024-07-17-as-14.07.03_2c49c930-300x300.jpg 300w, https:\/\/www2.comunitaria.com.br\/wp-content\/uploads\/2024\/07\/Imagem-do-WhatsApp-de-2024-07-17-as-14.07.03_2c49c930-150x150.jpg 150w, https:\/\/www2.comunitaria.com.br\/wp-content\/uploads\/2024\/07\/Imagem-do-WhatsApp-de-2024-07-17-as-14.07.03_2c49c930-768x768.jpg 768w, https:\/\/www2.comunitaria.com.br\/wp-content\/uploads\/2024\/07\/Imagem-do-WhatsApp-de-2024-07-17-as-14.07.03_2c49c930-65x65.jpg 65w, https:\/\/www2.comunitaria.com.br\/wp-content\/uploads\/2024\/07\/Imagem-do-WhatsApp-de-2024-07-17-as-14.07.03_2c49c930.jpg 1080w\" sizes=\"auto, (max-width: 1024px) 100vw, 1024px\" \/><\/a><\/em><\/p>","protected":false},"excerpt":{"rendered":"<p>Acontecer\u00e1 no dia 3 de agosto uma oficina de forma\u00e7\u00e3o para capacita\u00e7\u00e3o de produtores e trabalhadores culturais do munic\u00edpio. O evento ser\u00e1 realizado no Audit\u00f3rio da C\u00e2mara de Vereadores, das&#8230;<\/p>","protected":false},"author":2,"featured_media":62944,"comment_status":"closed","ping_status":"closed","sticky":false,"template":"","format":"standard","meta":{"ngg_post_thumbnail":0,"footnotes":""},"categories":[47,44,46,42,28,33,43],"tags":[6037,6278,5299],"class_list":["post-62942","post","type-post","status-publish","format-standard","has-post-thumbnail","hentry","category-brasil","category-educacao","category-estado","category-fred-west","category-destaque","category-noticias","category-regiao","tag-aldir-blanc","tag-oficina-de-formacao","tag-prefeitura-de-frederico-westphalen"],"amp_enabled":true,"_links":{"self":[{"href":"https:\/\/www2.comunitaria.com.br\/en\/wp-json\/wp\/v2\/posts\/62942","targetHints":{"allow":["GET"]}}],"collection":[{"href":"https:\/\/www2.comunitaria.com.br\/en\/wp-json\/wp\/v2\/posts"}],"about":[{"href":"https:\/\/www2.comunitaria.com.br\/en\/wp-json\/wp\/v2\/types\/post"}],"author":[{"embeddable":true,"href":"https:\/\/www2.comunitaria.com.br\/en\/wp-json\/wp\/v2\/users\/2"}],"replies":[{"embeddable":true,"href":"https:\/\/www2.comunitaria.com.br\/en\/wp-json\/wp\/v2\/comments?post=62942"}],"version-history":[{"count":0,"href":"https:\/\/www2.comunitaria.com.br\/en\/wp-json\/wp\/v2\/posts\/62942\/revisions"}],"wp:featuredmedia":[{"embeddable":true,"href":"https:\/\/www2.comunitaria.com.br\/en\/wp-json\/wp\/v2\/media\/62944"}],"wp:attachment":[{"href":"https:\/\/www2.comunitaria.com.br\/en\/wp-json\/wp\/v2\/media?parent=62942"}],"wp:term":[{"taxonomy":"category","embeddable":true,"href":"https:\/\/www2.comunitaria.com.br\/en\/wp-json\/wp\/v2\/categories?post=62942"},{"taxonomy":"post_tag","embeddable":true,"href":"https:\/\/www2.comunitaria.com.br\/en\/wp-json\/wp\/v2\/tags?post=62942"}],"curies":[{"name":"wp","href":"https:\/\/api.w.org\/{rel}","templated":true}]}}