{"id":62896,"date":"2024-07-15T16:29:28","date_gmt":"2024-07-15T18:29:28","guid":{"rendered":"https:\/\/www2.comunitaria.com.br\/?p=62896"},"modified":"2024-07-15T16:29:29","modified_gmt":"2024-07-15T18:29:29","slug":"brasil-registrou-187-episodios-de-violencia-politica-no-1-semestre","status":"publish","type":"post","link":"https:\/\/www2.comunitaria.com.br\/en\/brasil-registrou-187-episodios-de-violencia-politica-no-1-semestre\/","title":{"rendered":"Brasil registrou 187 epis\u00f3dios de viol\u00eancia pol\u00edtica no 1\u00b0 semestre"},"content":{"rendered":"<p style=\"text-align: justify;\">O Brasil registrou 187 registros de&nbsp;viol\u00eancia contra lideran\u00e7as pol\u00edticas&nbsp;no primeiro semestre deste ano.<\/p>\n<p style=\"text-align: justify;\">O dado faz parte de levantamento feito pela&nbsp;<strong>CNN<\/strong>&nbsp;com base nos relat\u00f3rios produzidos pelo Observat\u00f3rio da Viol\u00eancia Pol\u00edtica e Eleitoral da Universidade Federal do Estado do Rio de Janeiro (Unirio).<\/p>\n<p style=\"text-align: justify;\">De janeiro a junho deste ano, o m\u00eas com maior n\u00famero de epis\u00f3dios foi maio, com 51&nbsp;registros de viol\u00eancia&nbsp;contra deputados, prefeitos, vereadores e lideran\u00e7as.<\/p>\n<p style=\"text-align: justify;\">Os casos de viol\u00eancia se referem a amea\u00e7as, agress\u00f5es, homic\u00eddios, atentados ou sequestros. As amea\u00e7as e agress\u00f5es s\u00e3o os epis\u00f3dios mais frequentes.<\/p>\n<p style=\"text-align: justify;\">Ao todo, no per\u00edodo, houve 43 assassinatos, de pol\u00edticos e familiares, com destaque para ocorr\u00eancias nos estados do Rio de Janeiro (6), Bahia (4) e Cear\u00e1 (4).<\/p>\n<p style=\"text-align: justify;\">Um deles, por exemplo, foi o assassinato de uma pr\u00e9-candidata a vereadora em Nova Igua\u00e7u (RJ), Juliana Lira de Souza,&nbsp;conhecida como \u201cNega Juh\u201d.<\/p>\n<p style=\"text-align: justify;\">Os partidos mais atingidos por&nbsp;epis\u00f3dios de viol\u00eancia&nbsp;foram o PL (21), o PT (16), o PSB (11) e o PP (11).<\/p>\n<p style=\"text-align: justify;\"><em>Fonte: CNN Brasil<\/em><\/p>\n<p style=\"text-align: justify;\"><em>Foto: Ricardo Stuckert<a href=\"https:\/\/www2.comunitaria.com.br\/en\/brasil-registrou-187-episodios-de-violencia-politica-no-1-semestre\/52888006738_94d6232368_c\/\" rel=\"attachment wp-att-62897\"><img loading=\"lazy\" decoding=\"async\" class=\"aligncenter size-full wp-image-62897\" src=\"http:\/\/www2.comunitaria.com.br\/wp-content\/uploads\/2024\/07\/52888006738_94d6232368_c.webp\" alt=\"\" width=\"420\" height=\"240\" srcset=\"https:\/\/www2.comunitaria.com.br\/wp-content\/uploads\/2024\/07\/52888006738_94d6232368_c.webp 420w, https:\/\/www2.comunitaria.com.br\/wp-content\/uploads\/2024\/07\/52888006738_94d6232368_c-300x171.webp 300w\" sizes=\"auto, (max-width: 420px) 100vw, 420px\" \/><\/a><\/em><\/p>","protected":false},"excerpt":{"rendered":"<p>O Brasil registrou 187 registros de&nbsp;viol\u00eancia contra lideran\u00e7as pol\u00edticas&nbsp;no primeiro semestre deste ano. O dado faz parte de levantamento feito pela&nbsp;CNN&nbsp;com base nos relat\u00f3rios produzidos pelo Observat\u00f3rio da Viol\u00eancia Pol\u00edtica&#8230;<\/p>","protected":false},"author":2,"featured_media":62897,"comment_status":"closed","ping_status":"closed","sticky":false,"template":"","format":"standard","meta":{"ngg_post_thumbnail":0,"footnotes":""},"categories":[47,33],"tags":[6268],"class_list":["post-62896","post","type-post","status-publish","format-standard","has-post-thumbnail","hentry","category-brasil","category-noticias","tag-violencia-politica"],"amp_enabled":true,"_links":{"self":[{"href":"https:\/\/www2.comunitaria.com.br\/en\/wp-json\/wp\/v2\/posts\/62896","targetHints":{"allow":["GET"]}}],"collection":[{"href":"https:\/\/www2.comunitaria.com.br\/en\/wp-json\/wp\/v2\/posts"}],"about":[{"href":"https:\/\/www2.comunitaria.com.br\/en\/wp-json\/wp\/v2\/types\/post"}],"author":[{"embeddable":true,"href":"https:\/\/www2.comunitaria.com.br\/en\/wp-json\/wp\/v2\/users\/2"}],"replies":[{"embeddable":true,"href":"https:\/\/www2.comunitaria.com.br\/en\/wp-json\/wp\/v2\/comments?post=62896"}],"version-history":[{"count":0,"href":"https:\/\/www2.comunitaria.com.br\/en\/wp-json\/wp\/v2\/posts\/62896\/revisions"}],"wp:featuredmedia":[{"embeddable":true,"href":"https:\/\/www2.comunitaria.com.br\/en\/wp-json\/wp\/v2\/media\/62897"}],"wp:attachment":[{"href":"https:\/\/www2.comunitaria.com.br\/en\/wp-json\/wp\/v2\/media?parent=62896"}],"wp:term":[{"taxonomy":"category","embeddable":true,"href":"https:\/\/www2.comunitaria.com.br\/en\/wp-json\/wp\/v2\/categories?post=62896"},{"taxonomy":"post_tag","embeddable":true,"href":"https:\/\/www2.comunitaria.com.br\/en\/wp-json\/wp\/v2\/tags?post=62896"}],"curies":[{"name":"wp","href":"https:\/\/api.w.org\/{rel}","templated":true}]}}