{"id":62784,"date":"2024-07-10T17:40:51","date_gmt":"2024-07-10T19:40:51","guid":{"rendered":"https:\/\/www2.comunitaria.com.br\/?p=62784"},"modified":"2024-07-10T17:47:10","modified_gmt":"2024-07-10T19:47:10","slug":"construcao-de-memorial-em-homenagem-as-vitimas-da-boate-kiss-comeca-apos-11-anos-do-incendio-em-santa-maria","status":"publish","type":"post","link":"https:\/\/www2.comunitaria.com.br\/en\/construcao-de-memorial-em-homenagem-as-vitimas-da-boate-kiss-comeca-apos-11-anos-do-incendio-em-santa-maria\/","title":{"rendered":"Constru\u00e7\u00e3o de memorial em homenagem \u00e0s v\u00edtimas da boate Kiss come\u00e7a ap\u00f3s 11 anos do inc\u00eandio em Santa Maria"},"content":{"rendered":"<p>Come\u00e7a nesta quarta-feira (10) a constru\u00e7\u00e3o de um memorial da&nbsp;Boate Kiss&nbsp;em homenagem \u00e0s&nbsp;<strong>242 v\u00edtimas que morreram no inc\u00eandio, aos 636 feridos e aos familiares deles<\/strong>. As obras come\u00e7am ap\u00f3s&nbsp;<span class=\"highlight highlighted\">11 anos e seis meses da trag\u00e9dia<\/span>, que ocorreu em 27 de janeiro de 2013, em&nbsp;Santa Maria, na Regi\u00e3o Central do RS.<\/p>\n<div id=\"chunk-6dl6q\">\n<div class=\"mc-column content-text active-extra-styles\" data-block-type=\"unstyled\" data-block-weight=\"16\" data-block-id=\"5\">\n<p class=\"content-text__container\" data-track-category=\"Link no Texto\" data-track-links=\"\" data-mrf-recirculation=\"Article links\">A estrutura ser\u00e1 erguida no mesmo pr\u00e9dio onde funcionava a boate, no centro da cidade.<\/p>\n<\/div>\n<\/div>\n<div id=\"chunk-cnevd\">\n<div class=\"mc-column content-text active-extra-styles\" data-block-type=\"unstyled\" data-block-weight=\"40\" data-block-id=\"6\">\n<p class=\"content-text__container\" data-track-category=\"Link no Texto\" data-track-links=\"\" data-mrf-recirculation=\"Article links\">Um ato simb\u00f3lico, \u00e0s 9h, deve marcar o in\u00edcio das obras, com a&nbsp;<strong>remo\u00e7\u00e3o do letreiro e da porta principal<\/strong>. Familiares, sobreviventes, entes p\u00fablicos e moradores do munic\u00edpio devem acompanhar o in\u00edcio dos trabalhos, previsto para durar at\u00e9 as 17h.<\/p>\n<\/div>\n<\/div>\n<div id=\"chunk-29bbr\">\n<blockquote>\n<div class=\"mc-column content-text active-extra-styles\" data-block-type=\"raw\" data-block-weight=\"50\" data-block-id=\"8\">&#8220;A gente entende que o memorial, para al\u00e9m de uma constru\u00e7\u00e3o feita de tijolo e cimento, \u00e9 uma constru\u00e7\u00e3o que se inicia na palavra e carrega muito a hist\u00f3ria consigo&#8221;, afirma o presidente da Associa\u00e7\u00e3o dos Familiares de V\u00edtimas e Sobreviventes da Trag\u00e9dia de Santa Maria (AVTSM), Gabriel Rovadoschi Barros.<\/div>\n<\/blockquote>\n<\/div>\n<div data-block-type=\"raw\" data-block-weight=\"50\" data-block-id=\"8\">\n<div id=\"chunk-f1u9l\">\n<div class=\"mc-column content-text active-extra-styles\" data-block-type=\"unstyled\" data-block-weight=\"39\" data-block-id=\"10\">\n<p class=\"content-text__container\" data-track-category=\"Link no Texto\" data-track-links=\"\" data-mrf-recirculation=\"Article links\">Ele afirma que, al\u00e9m do letreiro e do port\u00e3o, outros objetos ser\u00e3o retirados para compor um acervo. Esses outros materiais devem formar uma exposi\u00e7\u00e3o itinerante, que tem como proposta&nbsp;<span class=\"highlight highlighted\">preservar a mem\u00f3ria e conscientizar as pessoas sobre a trag\u00e9dia<\/span>.<\/p>\n<\/div>\n<\/div>\n<div id=\"chunk-9splm\">\n<div class=\"mc-column content-text active-extra-styles\" data-block-type=\"unstyled\" data-block-weight=\"6\" data-block-id=\"11\">\n<p class=\"content-text__container\" data-track-category=\"Link no Texto\" data-track-links=\"\" data-mrf-recirculation=\"Article links\">A<strong>&nbsp;primeira etapa&nbsp;<\/strong>das obras inclui:<\/p>\n<\/div>\n<\/div>\n<div id=\"chunk-22qsf\">\n<div class=\"mc-column content-text active-extra-styles\" data-block-type=\"raw\" data-block-weight=\"39\" data-block-id=\"12\">\n<ul class=\"content-unordered-list\" data-mrf-recirculation=\"Recomendado\">\n<li><strong>Defini\u00e7\u00e3o dos itens<\/strong>&nbsp;que far\u00e3o parte do acervo do memorial da AVTSM;<\/li>\n<li><strong>Remo\u00e7\u00e3o do telhado<\/strong>;<\/li>\n<li><strong>Classifica\u00e7\u00e3o dos res\u00edduos<\/strong>&nbsp;que permanecem no local para retirada de uma empresa especializada;<\/li>\n<li>Abertura de um&nbsp;<strong>espa\u00e7o na entrada central<\/strong>&nbsp;para ingresso de m\u00e1quinas.<\/li>\n<\/ul>\n<\/div>\n<\/div>\n<div id=\"chunk-eu3rq\">\n<div class=\"mc-column content-text active-extra-styles\" data-block-type=\"unstyled\" data-block-weight=\"19\" data-block-id=\"13\">\n<p class=\"content-text__container\" data-track-category=\"Link no Texto\" data-track-links=\"\" data-mrf-recirculation=\"Article links\">Nos \u00faltimos dias, a empresa respons\u00e1vel fez a remo\u00e7\u00e3o de alguns itens e colocou tapumes em torno da fachada.<\/p>\n<\/div>\n<\/div>\n<div id=\"chunk-1n4gm\">\n<div class=\"mc-column content-text active-extra-styles\" data-block-type=\"unstyled\" data-block-weight=\"11\" data-block-id=\"14\">\n<p class=\"content-text__container\" data-track-category=\"Link no Texto\" data-track-links=\"\" data-mrf-recirculation=\"Article links\">O prazo para a entrega do memorial \u00e9 de&nbsp;<strong>oito meses<\/strong>.<\/p>\n<\/div>\n<\/div>\n<div id=\"chunk-2lqm5\">\n<div class=\"mc-column content-text active-extra-styles\" data-block-type=\"raw\" data-block-weight=\"1\" data-block-id=\"15\">\n<div class=\"content-intertitle\">\n<h4>Projeto<\/h4>\n<div id=\"chunk-3u4i8\">\n<div class=\"mc-column content-text active-extra-styles\" data-block-type=\"unstyled\" data-block-weight=\"32\" data-block-id=\"18\">\n<p class=\"content-text__container\" data-track-category=\"Link no Texto\" data-track-links=\"\" data-mrf-recirculation=\"Article links\">O&nbsp;projeto vencedor do memorial \u00e9 do arquiteto paulista Felipe Zene Motta, que prop\u00f4s a constru\u00e7\u00e3o de um jardim central e de um \u00fanico pavimento que seja de f\u00e1cil constru\u00e7\u00e3o e manuten\u00e7\u00e3o.<\/p>\n<\/div>\n<\/div>\n<div id=\"chunk-oda5\">\n<div class=\"mc-column content-text active-extra-styles\" data-block-type=\"unstyled\" data-block-weight=\"67\" data-block-id=\"19\">\n<p class=\"content-text__container\" data-track-category=\"Link no Texto\" data-track-links=\"\" data-mrf-recirculation=\"Article links\">O memorial ter\u00e1 uma&nbsp;<strong>\u00e1rea de 383,65 metros quadrados<\/strong>. Ser\u00e3o tr\u00eas salas (um audit\u00f3rio com capacidade para 142 pessoas, uma sala multiuso e uma sala que ser\u00e1 a sede da AVTSM). Al\u00e9m disso, o espa\u00e7o contar\u00e1 com um jardim circular ao centro com 242 pilares de madeira em volta \u2013 cada um representa uma v\u00edtima. Elas conter\u00e3o o nome de cada v\u00edtima e um suporte de flores.<\/p>\n<\/div>\n<\/div>\n<div id=\"chunk-6lmu7\">\n<div class=\"mc-column content-text active-extra-styles\" data-block-type=\"raw\" data-block-weight=\"64\" data-block-id=\"20\">\n<blockquote class=\"content-blockquote theme-border-color-primary-before\"><p>&#8220;Hoje ficou aquela ru\u00edna de boate, aquele monstro que todo mundo passa e remete imediatamente \u00e0 trag\u00e9dia. E por mais que o memorial tenha o objetivo de transformar aquele lugar numa coisa que transmita uma paz para os familiares, que d\u00ea algum tipo de conforto se \u00e9 que isso \u00e9 poss\u00edvel para eles, essa mem\u00f3ria da trag\u00e9dia n\u00e3o pode ser apagada&#8221;, afirma o arquiteto.<\/p><\/blockquote>\n<\/div>\n<\/div>\n<div id=\"chunk-fh0ke\">\n<div class=\"mc-column content-text active-extra-styles\" data-block-type=\"unstyled\" data-block-weight=\"43\" data-block-id=\"21\">\n<p class=\"content-text__container\" data-track-category=\"Link no Texto\" data-track-links=\"\" data-mrf-recirculation=\"Article links\">O projeto foi escolhido por meio de um concurso, em 10 de abril de 2018, entre 121 propostas inscritas de 14 estados brasileiros. A iniciativa foi realizado no dia em que a trag\u00e9dia completou cinco anos, em 27 de janeiro de 2018.<\/p>\n<\/div>\n<\/div>\n<div id=\"chunk-fbj0\">\n<div class=\"mc-column content-text active-extra-styles\" data-block-type=\"raw\" data-block-weight=\"2\" data-block-id=\"23\">\n<div class=\"content-intertitle\">\n<h4>Or\u00e7amento milion\u00e1rio<\/h4>\n<\/div>\n<\/div>\n<\/div>\n<div id=\"chunk-ssd1\">\n<div class=\"mc-column content-text active-extra-styles\" data-block-type=\"unstyled\" data-block-weight=\"26\" data-block-id=\"24\">\n<p class=\"content-text__container\" data-track-category=\"Link no Texto\" data-track-links=\"\" data-mrf-recirculation=\"Article links\">A empresa respons\u00e1vel pela execu\u00e7\u00e3o da obra \u00e9 a INFA Incorporadora Farroupilha, de Triunfo, que venceu a licita\u00e7\u00e3o.&nbsp;<span class=\"highlight highlighted\">O custo do projeto \u00e9 de R$ 4.870.004,68<\/span>.<\/p>\n<\/div>\n<\/div>\n<div id=\"chunk-6d6e7\">\n<div class=\"mc-column content-text active-extra-styles\" data-block-type=\"unstyled\" data-block-weight=\"38\" data-block-id=\"25\">\n<p class=\"content-text__container\" data-track-category=\"Link no Texto\" data-track-links=\"\" data-mrf-recirculation=\"Article links\">Parte do valor ser\u00e1 custeada com verbas do Fundo para Reconstitui\u00e7\u00e3o de Bens Lesados (FRBL) do MPRS, que, em maio de 2023,&nbsp;<strong>oficializou o repasse de R$ 4 milh\u00f5es<\/strong>. O restante ser\u00e1 pago pela Prefeitura de Santa Maria.<\/p>\n<\/div>\n<\/div>\n<div id=\"chunk-6vmv0\">\n<div class=\"mc-column content-text active-extra-styles\" data-block-type=\"unstyled\" data-block-weight=\"58\" data-block-id=\"26\">\n<blockquote>\n<p class=\"content-text__container\" data-track-category=\"Link no Texto\" data-track-links=\"\" data-mrf-recirculation=\"Article links\">&#8220;Este memorial, al\u00e9m dele lembrar a trag\u00e9dia e homenagear as v\u00edtimas, tamb\u00e9m vai ser um marco \u00e0 preven\u00e7\u00e3o, porque ele j\u00e1 vem com um pr\u00e9-aviso que, a partir de agora, dessa era da constru\u00e7\u00e3o do Memorial \u00e0s v\u00edtimas da Kiss, a associa\u00e7\u00e3o vai intensificar a quest\u00e3o da preven\u00e7\u00e3o&#8221;, afirma o pai de uma das v\u00edtimas, Fl\u00e1vio Silva.<\/p>\n<\/blockquote>\n<h4>Caso Kiss<\/h4>\n<div id=\"chunk-2ffj4\">\n<div class=\"mc-column content-text active-extra-styles\" data-block-type=\"unstyled\" data-block-weight=\"59\" data-block-id=\"30\">\n<p class=\"content-text__container\" data-track-category=\"Link no Texto\" data-track-links=\"\" data-mrf-recirculation=\"Article links\">Na madrugada de 27 de janeiro de 2013, em um domingo, um inc\u00eandio atingiu a boate Kiss, no centro de Santa Maria.&nbsp;<span class=\"highlight highlighted\">242 pessoas morreram e outras 636 ficaram feridas<\/span>, ap\u00f3s fagulhas de dispositivos pirot\u00e9cnicos atingirem a espuma ac\u00fastica que revestia o teto da boate. Uma fuma\u00e7a t\u00f3xica se espalhou pela casa noturna ao pegar fogo (veja a cronologia).<\/p>\n<\/div>\n<\/div>\n<div id=\"chunk-9kbuq\">\n<div class=\"mc-column content-text active-extra-styles\" data-block-type=\"unstyled\" data-block-weight=\"12\" data-block-id=\"31\">\n<p class=\"content-text__container\" data-track-category=\"Link no Texto\" data-track-links=\"\" data-mrf-recirculation=\"Article links\">Em dezembro de 2021, o tribunal do j\u00fari&nbsp;condenou quatro r\u00e9us:<\/p>\n<\/div>\n<\/div>\n<div id=\"chunk-caqge\">\n<div class=\"mc-column content-text active-extra-styles\" data-block-type=\"raw\" data-block-weight=\"64\" data-block-id=\"32\">\n<ul class=\"content-unordered-list\" data-mrf-recirculation=\"Recomendado\">\n<li><strong>Elissandro Callegaro Spohr<\/strong>&nbsp;(empres\u00e1rio e s\u00f3cio da casa noturna): 22 anos e seis meses de reclus\u00e3o;<\/li>\n<li><strong>Mauro Londero Hoffmann<\/strong>&nbsp;(empres\u00e1rio e s\u00f3cio da casa noturna): 19 anos e seis meses;<\/li>\n<li><strong>Marcelo de Jesus dos Santos<\/strong>&nbsp;(vocalista da banda que levantou o artefato pirot\u00e9cnico): 18 anos de pris\u00e3o;<\/li>\n<li><strong>Luciano Augusto Bonilha Le\u00e3o<\/strong>&nbsp;(produtor que comprou e ativou o fogo de artif\u00edcio): 18 anos de pris\u00e3o.<\/li>\n<\/ul>\n<\/div>\n<\/div>\n<div id=\"chunk-a5tt6\">\n<div class=\"mc-column content-text active-extra-styles\" data-block-type=\"unstyled\" data-block-weight=\"53\" data-block-id=\"33\">\n<p class=\"content-text__container\" data-track-category=\"Link no Texto\" data-track-links=\"\" data-mrf-recirculation=\"Article links\">No entanto, o&nbsp;Tribunal de Justi\u00e7a do Rio Grande do Sul anulou o j\u00fari&nbsp;em 3 de agosto de 2022 alegando irregularidades na escolha dos jurados, reuni\u00e3o entre o juiz presidente do j\u00fari e os jurados, ilegalidades nos quesitos elaborados e suposta mudan\u00e7a da acusa\u00e7\u00e3o na r\u00e9plica, o que n\u00e3o \u00e9 permitido.<\/p>\n<\/div>\n<\/div>\n<div id=\"chunk-1r2gn\">\n<div class=\"mc-column content-text active-extra-styles\" data-block-type=\"unstyled\" data-block-weight=\"26\" data-block-id=\"34\">\n<p class=\"content-text__container\" data-track-category=\"Link no Texto\" data-track-links=\"\" data-mrf-recirculation=\"Article links\">Em 5 de setembro de 2023, a&nbsp;Sexta Turma do Superior Tribunal de Justi\u00e7a (STJ) manteve a anula\u00e7\u00e3o do j\u00fari por quatro votos a um.<\/p>\n<\/div>\n<\/div>\n<div id=\"chunk-deov9\">\n<div class=\"mc-column content-text active-extra-styles\" data-block-type=\"unstyled\" data-block-weight=\"46\" data-block-id=\"36\">\n<p class=\"content-text__container\" data-track-category=\"Link no Texto\" data-track-links=\"\" data-mrf-recirculation=\"Article links\">Em 2 de maio deste ano, a&nbsp;Procuradoria-Geral da Rep\u00fablica (PGR) pediu ao Supremo Tribunal Federal o reestabelecimento da condena\u00e7\u00e3o dos quatro r\u00e9us. A Procuradoria alega que as nulidades apontadas pelo Tribunal durante an\u00e1lise do caso pelo tribunal do j\u00fari n\u00e3o causaram preju\u00edzo aos acusados.<\/p>\n<\/div>\n<\/div>\n<div id=\"chunk-9p2mb\">\n<div class=\"mc-column content-text active-extra-styles\" data-block-type=\"unstyled\" data-block-weight=\"9\" data-block-id=\"37\">\n<p class=\"content-text__container\" data-track-category=\"Link no Texto\" data-track-links=\"\" data-mrf-recirculation=\"Article links\"><strong>Os quatro r\u00e9us aguardam o j\u00fari em liberdade<\/strong>.<\/p>\n<p data-track-category=\"Link no Texto\" data-track-links=\"\" data-mrf-recirculation=\"Article links\"><em>Fonte: g1 RS<\/em><\/p>\n<p data-track-category=\"Link no Texto\" data-track-links=\"\" data-mrf-recirculation=\"Article links\"><em>Foto: Gabriel Haesbaert<\/em><\/p>\n<p data-track-category=\"Link no Texto\" data-track-links=\"\" data-mrf-recirculation=\"Article links\"><a href=\"https:\/\/www2.comunitaria.com.br\/en\/construcao-de-memorial-em-homenagem-as-vitimas-da-boate-kiss-comeca-apos-11-anos-do-incendio-em-santa-maria\/attachment\/17136375\/\" rel=\"attachment wp-att-62789\"><img loading=\"lazy\" decoding=\"async\" class=\"aligncenter size-full wp-image-62789\" src=\"http:\/\/www2.comunitaria.com.br\/wp-content\/uploads\/2024\/07\/17136375.jpg\" alt=\"\" width=\"700\" height=\"466\" srcset=\"https:\/\/www2.comunitaria.com.br\/wp-content\/uploads\/2024\/07\/17136375.jpg 700w, https:\/\/www2.comunitaria.com.br\/wp-content\/uploads\/2024\/07\/17136375-300x200.jpg 300w\" sizes=\"auto, (max-width: 700px) 100vw, 700px\" \/><\/a><\/p>\n<\/div>\n<\/div>\n<\/div>\n<\/div>\n<\/div>\n<\/div>\n<\/div>\n<\/div>","protected":false},"excerpt":{"rendered":"<p>Come\u00e7a nesta quarta-feira (10) a constru\u00e7\u00e3o de um memorial da&nbsp;Boate Kiss&nbsp;em homenagem \u00e0s&nbsp;242 v\u00edtimas que morreram no inc\u00eandio, aos 636 feridos e aos familiares deles. As obras come\u00e7am ap\u00f3s&nbsp;11 anos&#8230;<\/p>","protected":false},"author":2,"featured_media":62789,"comment_status":"closed","ping_status":"closed","sticky":false,"template":"","format":"standard","meta":{"ngg_post_thumbnail":0,"footnotes":""},"categories":[47,46,33,43],"tags":[2373,6243,1104],"class_list":["post-62784","post","type-post","status-publish","format-standard","has-post-thumbnail","hentry","category-brasil","category-estado","category-noticias","category-regiao","tag-boate-kiss","tag-memorial","tag-santa-maria"],"amp_enabled":true,"_links":{"self":[{"href":"https:\/\/www2.comunitaria.com.br\/en\/wp-json\/wp\/v2\/posts\/62784","targetHints":{"allow":["GET"]}}],"collection":[{"href":"https:\/\/www2.comunitaria.com.br\/en\/wp-json\/wp\/v2\/posts"}],"about":[{"href":"https:\/\/www2.comunitaria.com.br\/en\/wp-json\/wp\/v2\/types\/post"}],"author":[{"embeddable":true,"href":"https:\/\/www2.comunitaria.com.br\/en\/wp-json\/wp\/v2\/users\/2"}],"replies":[{"embeddable":true,"href":"https:\/\/www2.comunitaria.com.br\/en\/wp-json\/wp\/v2\/comments?post=62784"}],"version-history":[{"count":0,"href":"https:\/\/www2.comunitaria.com.br\/en\/wp-json\/wp\/v2\/posts\/62784\/revisions"}],"wp:featuredmedia":[{"embeddable":true,"href":"https:\/\/www2.comunitaria.com.br\/en\/wp-json\/wp\/v2\/media\/62789"}],"wp:attachment":[{"href":"https:\/\/www2.comunitaria.com.br\/en\/wp-json\/wp\/v2\/media?parent=62784"}],"wp:term":[{"taxonomy":"category","embeddable":true,"href":"https:\/\/www2.comunitaria.com.br\/en\/wp-json\/wp\/v2\/categories?post=62784"},{"taxonomy":"post_tag","embeddable":true,"href":"https:\/\/www2.comunitaria.com.br\/en\/wp-json\/wp\/v2\/tags?post=62784"}],"curies":[{"name":"wp","href":"https:\/\/api.w.org\/{rel}","templated":true}]}}