{"id":62782,"date":"2024-07-10T17:13:44","date_gmt":"2024-07-10T19:13:44","guid":{"rendered":"https:\/\/www2.comunitaria.com.br\/?p=62782"},"modified":"2024-07-10T17:13:45","modified_gmt":"2024-07-10T19:13:45","slug":"produtores-rurais-do-rs-pedem-mais-credito-e-farao-manifestacao","status":"publish","type":"post","link":"https:\/\/www2.comunitaria.com.br\/en\/produtores-rurais-do-rs-pedem-mais-credito-e-farao-manifestacao\/","title":{"rendered":"Produtores rurais do RS pedem mais cr\u00e9dito e far\u00e3o manifesta\u00e7\u00e3o"},"content":{"rendered":"<p style=\"text-align: justify;\">Produtores rurais do Rio Grande do Sul planejam uma manifesta\u00e7\u00e3o para pedir por ajuda financeira, cr\u00e9dito e mais prazo para pagar suas d\u00edvidas. O movimento SOS Agro RS, que representa grande parte dos pequenos produtores, dever\u00e1 fazer uma manifesta\u00e7\u00e3o em Porto Alegre no dia 19 de julho.<\/p>\n<p style=\"text-align: justify;\"><strong>O que o agro reivindica<\/strong><\/p>\n<p style=\"text-align: justify;\">Movimento diz que produtores est\u00e3o endividados. Com uma seca em 2022, muitos precisaram pedir empr\u00e9stimos banc\u00e1rios em 2022. Hoje, est\u00e3o sem acesso a cr\u00e9dito. E, com a enchente neste ano, a situa\u00e7\u00e3o ficou ainda mais prec\u00e1ria. &#8220;Se n\u00e3o tem como pagar suas d\u00edvidas, muito menos ter\u00e3o cr\u00e9dito para comprar insumos para a pr\u00f3xima lavoura&#8221;, diz texto.<\/p>\n<p style=\"text-align: justify;\">Pedidos s\u00e3o de acesso a cr\u00e9dito, redu\u00e7\u00e3o de juros e mais prazo para pagar. Al\u00e9m disso, pedem revis\u00e3o do seguro agr\u00edcola, j\u00e1 que o custo aumentou. Texto \u00e9 assinado pela Farsul (Federa\u00e7\u00e3o da Agricultura do Rio Grande do Sul) e Fetag (Federa\u00e7\u00e3o dos Trabalhadores na Agricultura no Rio Grande do Sul).<\/p>\n<p style=\"text-align: justify;\">Outras demandas s\u00e3o prazo de 15 anos para o pagamento de d\u00edvidas criado ao longo dos anos (com tr\u00eas anos de car\u00eancia), e taxas de juros mais flex\u00edveis. Segundo Gustavo Thompson Flores, presidente da Associa\u00e7\u00e3o dos Arrozeiros de Alegrete, a renegocia\u00e7\u00e3o \u00e9 necess\u00e1ria, pois com d\u00edvidas, n\u00e3o \u00e9 poss\u00edvel ter acesso a novos cr\u00e9ditos. &#8220;Estamos sem reservas e nosso patrim\u00f4nio ficou comprometido. Ou seja, n\u00e3o temos mais garantias. O que vamos fazer se a grande maioria perdeu suas casas, moradias constru\u00eddas por nossos antepassados, 50, 70 anos atr\u00e1s?&#8221;, declara.<\/p>\n<p style=\"text-align: justify;\">Segundo estimativa do SOS Agro RS, s\u00f3 no meio rural, a trag\u00e9dia clim\u00e1tica prejudicou quase 20 mil fam\u00edlias. Na agroind\u00fastria, a proje\u00e7\u00e3o \u00e9 que cerca de 200 empreendimentos tenham sido atingidos.<\/p>\n<p style=\"text-align: justify;\"><strong>Produtores de arroz e governo fecham acordos<\/strong><\/p>\n<p style=\"text-align: justify;\">Produtores devem garantir abastecimento. J\u00e1 em reuni\u00e3o realizada no in\u00edcio da noite da quarta-feira, 3 de julho, em Bras\u00edlia (DF), representantes do setor arrozeiro e do governo federal fecharam acordos para garantir abastecimento de arroz no mercado nacional. Conforme o presidente da Federa\u00e7\u00e3o das Associa\u00e7\u00f5es de Arrozeiros do Rio Grande do Sul (Federarroz), Alexandre Velho, negocia\u00e7\u00e3o foi travata entre ministros da Agricultura, Carlos F\u00e1varo, e do Desenvolvimento Agr\u00e1rio, Paulo Teixeira, al\u00e9m do presidente da Companhia Nacional de Abastecimento (Conab), Edegar Pretto, um monitoramento dos pre\u00e7os nas pra\u00e7as brasileiras.<\/p>\n<p style=\"text-align: justify;\">Haver\u00e1 monitoramento dos pre\u00e7os. &#8220;Vamos orientar os produtores a abastecer a ind\u00fastria, trazendo tranquilidade para os consumidores&#8221;, disse Alexandre.<\/p>\n<p style=\"text-align: justify;\"><strong>Setor tamb\u00e9m criticou leil\u00e3o do arroz<\/strong><\/p>\n<p style=\"text-align: justify;\">Leil\u00e3o era desnecess\u00e1rio, diz setor. O presidente da Farsul (Federa\u00e7\u00e3o da Agricultura do Rio Grande do Sul), Gede\u00e3o Silveira Pereira afirma que o leil\u00e3o nunca deveria ter existido, sendo totalmente desnecess\u00e1rio. &#8220;O que n\u00f3s tivemos foi um problema de log\u00edstica, um pequeno desabastecimento devido \u00e0s enchentes. Muitas pessoas foram aos supermercados e compraram v\u00e1rios pacotes de arroz. Mas, tudo voltou ao normal, os pre\u00e7os recuaram e o mercado est\u00e1 abastecido&#8221;, diz ele. O presidente do Irga (Instituto Rio Grandense do Arroz), Rodrigo Machado, declarou que a safra ga\u00facha tinha capacidade de garantir o abastecimento do pa\u00eds, sem justificativa para a importa\u00e7\u00e3o de arroz no Brasil.<\/p>\n<p style=\"text-align: justify;\">O dirigente destacou outras desvantagens para a importa\u00e7\u00e3o neste momento, com a alta do d\u00f3lar. &#8220;Isto prejudicaria o arrozeiro que j\u00e1 perdeu duas safras nos \u00faltimos anos com a seca. O produtor est\u00e1 vulner\u00e1vel, n\u00e3o tem capacidade de renegocia\u00e7\u00e3o de suas d\u00edvidas&#8221;, declara.<\/p>\n<p style=\"text-align: justify;\">Gede\u00e3o revela que o pre\u00e7o do arroz, que havia subido, retrocedeu e hoje est\u00e1 estabilizado. O valor est\u00e1 a R$ 110 o saco de 50Kg do arroz com casca, refer\u00eancia do mercado para o produtor.<\/p>\n<p style=\"text-align: justify;\">Leil\u00e3o poderia prejudicar pr\u00f3xima safra. &#8220;(Importa\u00e7\u00e3o ou continuidade dos leil\u00f5es) poderiam trazer uma inseguran\u00e7a, inclusive uma amea\u00e7a ao tamanho da \u00e1rea plantada de arroz para a pr\u00f3xima safra&#8221;, disse Velho.<\/p>\n<p style=\"text-align: justify;\"><strong>O que aconteceu com o leil\u00e3o de arroz<\/strong><\/p>\n<p style=\"text-align: justify;\">Leil\u00e3o foi cancelado. Uma das edi\u00e7\u00f5es do leil\u00e3o foi cancelada por alta nos pre\u00e7os. J\u00e1 outra porque vencedores eram de outros setores, sem experi\u00eancia no setor de arroz.<\/p>\n<p style=\"text-align: justify;\">Empresas n\u00e3o tinham experi\u00eancia. Ap\u00f3s o leil\u00e3o, opositores ao governo, sobretudo a ex-ministra da Agricultura Tereza Cristina, atualmente senadora pelo PP-MS, levantaram suspeitas sobre a participa\u00e7\u00e3o de empresas desconhecidas do mercado e que arremataram alguns lotes. Das quatro companhias vencedoras, apenas uma \u2014 a Zafira Trading \u2014 \u00e9 uma empresa do ramo. Tamb\u00e9m arremataram o leil\u00e3o uma fabricante de sorvetes, uma mercearia de bairro especializada em queijo e uma locadora de ve\u00edculos.&nbsp;<\/p>\n<p style=\"text-align: justify;\">Leil\u00e3o tinha suspeitas de irregularidades, disse presidente Lula. O secret\u00e1rio de Pol\u00edtica Agr\u00edcola, Neri Geller, pediu demiss\u00e3o. O diretor da Conab (Companhia Nacional de Abastecimento) respons\u00e1vel pelo leil\u00e3o, Thiago Jos\u00e9 dos Santos, foi exonerado no dia 25 pelo conselho de administra\u00e7\u00e3o da companhia. Mais recentemente, o ministro da Agricultura e Pecu\u00e1ria, Carlos F\u00e1varo, disse que n\u00e3o via necessidade de fazer uma nova edi\u00e7\u00e3o do leil\u00e3o.<\/p>\n<p style=\"text-align: justify;\"><em>Fonte: Uol<\/em><\/p>\n<p style=\"text-align: justify;\"><em>Foto: Tomaz Silva\/Ag\u00eancia Brasil<\/em><a href=\"https:\/\/www2.comunitaria.com.br\/en\/produtores-rurais-do-rs-pedem-mais-credito-e-farao-manifestacao\/d3288bd0-3384-467c-8a40-018777b6effa\/\" rel=\"attachment wp-att-62783\"><img loading=\"lazy\" decoding=\"async\" class=\"aligncenter size-full wp-image-62783\" src=\"http:\/\/www2.comunitaria.com.br\/wp-content\/uploads\/2024\/07\/d3288bd0-3384-467c-8a40-018777b6effa.jpeg\" alt=\"\" width=\"768\" height=\"459\" srcset=\"https:\/\/www2.comunitaria.com.br\/wp-content\/uploads\/2024\/07\/d3288bd0-3384-467c-8a40-018777b6effa.jpeg 768w, https:\/\/www2.comunitaria.com.br\/wp-content\/uploads\/2024\/07\/d3288bd0-3384-467c-8a40-018777b6effa-300x179.jpeg 300w\" sizes=\"auto, (max-width: 768px) 100vw, 768px\" \/><\/a><\/p>\n<p style=\"text-align: justify;\">&nbsp;<\/p>","protected":false},"excerpt":{"rendered":"<p>Produtores rurais do Rio Grande do Sul planejam uma manifesta\u00e7\u00e3o para pedir por ajuda financeira, cr\u00e9dito e mais prazo para pagar suas d\u00edvidas. O movimento SOS Agro RS, que representa&#8230;<\/p>","protected":false},"author":2,"featured_media":62783,"comment_status":"closed","ping_status":"closed","sticky":false,"template":"","format":"standard","meta":{"ngg_post_thumbnail":0,"footnotes":""},"categories":[47,46,42,33,43],"tags":[591,3651,1192],"class_list":["post-62782","post","type-post","status-publish","format-standard","has-post-thumbnail","hentry","category-brasil","category-estado","category-fred-west","category-noticias","category-regiao","tag-agricultura","tag-produtores-rurais","tag-rio-grande-do-sul"],"amp_enabled":true,"_links":{"self":[{"href":"https:\/\/www2.comunitaria.com.br\/en\/wp-json\/wp\/v2\/posts\/62782","targetHints":{"allow":["GET"]}}],"collection":[{"href":"https:\/\/www2.comunitaria.com.br\/en\/wp-json\/wp\/v2\/posts"}],"about":[{"href":"https:\/\/www2.comunitaria.com.br\/en\/wp-json\/wp\/v2\/types\/post"}],"author":[{"embeddable":true,"href":"https:\/\/www2.comunitaria.com.br\/en\/wp-json\/wp\/v2\/users\/2"}],"replies":[{"embeddable":true,"href":"https:\/\/www2.comunitaria.com.br\/en\/wp-json\/wp\/v2\/comments?post=62782"}],"version-history":[{"count":0,"href":"https:\/\/www2.comunitaria.com.br\/en\/wp-json\/wp\/v2\/posts\/62782\/revisions"}],"wp:featuredmedia":[{"embeddable":true,"href":"https:\/\/www2.comunitaria.com.br\/en\/wp-json\/wp\/v2\/media\/62783"}],"wp:attachment":[{"href":"https:\/\/www2.comunitaria.com.br\/en\/wp-json\/wp\/v2\/media?parent=62782"}],"wp:term":[{"taxonomy":"category","embeddable":true,"href":"https:\/\/www2.comunitaria.com.br\/en\/wp-json\/wp\/v2\/categories?post=62782"},{"taxonomy":"post_tag","embeddable":true,"href":"https:\/\/www2.comunitaria.com.br\/en\/wp-json\/wp\/v2\/tags?post=62782"}],"curies":[{"name":"wp","href":"https:\/\/api.w.org\/{rel}","templated":true}]}}