{"id":62711,"date":"2024-07-05T16:38:04","date_gmt":"2024-07-05T18:38:04","guid":{"rendered":"https:\/\/www2.comunitaria.com.br\/?p=62711"},"modified":"2024-07-05T16:49:36","modified_gmt":"2024-07-05T18:49:36","slug":"secretaria-da-agricultura-realiza-a-18a-entrega-da-patrulha-agricola-no-municipio","status":"publish","type":"post","link":"https:\/\/www2.comunitaria.com.br\/en\/secretaria-da-agricultura-realiza-a-18a-entrega-da-patrulha-agricola-no-municipio\/","title":{"rendered":"Secretaria da Agricultura realiza a 18\u00aa entrega da patrulha agr\u00edcola no munic\u00edpio"},"content":{"rendered":"<p style=\"text-align: justify;\">Na noite de quarta-feira (3), a Prefeitura Municipal de Frederico Westphalen, por meio da Secretaria Municipal da Agricultura, realizou a 18\u00aa entrega da patrulha agr\u00edcola no munic\u00edpio. Foram beneficiados com o maquin\u00e1rio os moradores das Linhas 21 de Abril e Alto da Colina.<\/p>\n<p style=\"text-align: justify;\">A entrega aconteceu na associa\u00e7\u00e3o dos moradores das comunidades que ficar\u00e1 respons\u00e1vel por gerenciar o uso do maquin\u00e1rio. Estiveram presentes no local representantes da Prefeitura Municipal, da Secretaria da Agricultura e os agricultores que utilizar\u00e3o as m\u00e1quinas.<\/p>\n<p style=\"text-align: justify;\">Os equipamentos disponibilizados nesta patrulha agr\u00edcola foram um enleirador, um pulverizador, uma grade aradora, uma carreta agr\u00edcola basculante met\u00e1lica, uma plataforma basculante e uma ro\u00e7adeira tratorizada. A aquisi\u00e7\u00e3o do maquin\u00e1rio foi realizada pela prefeitura com recursos destinados pelos deputados Dionilso Marcon e Paulo Pimenta, e contrapartida municipal.<\/p>\n<p style=\"text-align: justify;\">Al\u00e9m das quest\u00f5es agr\u00edcolas, as m\u00e1quinas tamb\u00e9m ser\u00e3o utilizadas na manuten\u00e7\u00e3o urbana e para servi\u00e7os em geral, como na conserva\u00e7\u00e3o das vias e restaura\u00e7\u00f5es.<\/p>\n<p><em>Fonte: Marina Oliveira\/Ascom<\/em><\/p>\n<p style=\"text-align: justify;\"><a href=\"https:\/\/www2.comunitaria.com.br\/en\/secretaria-da-agricultura-realiza-a-18a-entrega-da-patrulha-agricola-no-municipio\/imagem-do-whatsapp-de-2024-07-05-as-15-44-12_9555b540\/\" rel=\"attachment wp-att-62714\"><img loading=\"lazy\" decoding=\"async\" class=\"aligncenter size-large wp-image-62714\" src=\"http:\/\/www2.comunitaria.com.br\/wp-content\/uploads\/2024\/07\/Imagem-do-WhatsApp-de-2024-07-05-as-15.44.12_9555b540-1024x798.jpg\" alt=\"\" width=\"1024\" height=\"798\" srcset=\"https:\/\/www2.comunitaria.com.br\/wp-content\/uploads\/2024\/07\/Imagem-do-WhatsApp-de-2024-07-05-as-15.44.12_9555b540-1024x798.jpg 1024w, https:\/\/www2.comunitaria.com.br\/wp-content\/uploads\/2024\/07\/Imagem-do-WhatsApp-de-2024-07-05-as-15.44.12_9555b540-300x234.jpg 300w, https:\/\/www2.comunitaria.com.br\/wp-content\/uploads\/2024\/07\/Imagem-do-WhatsApp-de-2024-07-05-as-15.44.12_9555b540-768x598.jpg 768w, https:\/\/www2.comunitaria.com.br\/wp-content\/uploads\/2024\/07\/Imagem-do-WhatsApp-de-2024-07-05-as-15.44.12_9555b540-1200x935.jpg 1200w, https:\/\/www2.comunitaria.com.br\/wp-content\/uploads\/2024\/07\/Imagem-do-WhatsApp-de-2024-07-05-as-15.44.12_9555b540.jpg 1502w\" sizes=\"auto, (max-width: 1024px) 100vw, 1024px\" \/><\/a> <em><a href=\"https:\/\/www2.comunitaria.com.br\/en\/secretaria-da-agricultura-realiza-a-18a-entrega-da-patrulha-agricola-no-municipio\/imagem-do-whatsapp-de-2024-07-05-as-15-30-24_9c522471\/\" rel=\"attachment wp-att-62713\"><img loading=\"lazy\" decoding=\"async\" class=\"aligncenter size-large wp-image-62713\" src=\"http:\/\/www2.comunitaria.com.br\/wp-content\/uploads\/2024\/07\/Imagem-do-WhatsApp-de-2024-07-05-as-15.30.24_9c522471-1024x768.jpg\" alt=\"\" width=\"1024\" height=\"768\" srcset=\"https:\/\/www2.comunitaria.com.br\/wp-content\/uploads\/2024\/07\/Imagem-do-WhatsApp-de-2024-07-05-as-15.30.24_9c522471-1024x768.jpg 1024w, https:\/\/www2.comunitaria.com.br\/wp-content\/uploads\/2024\/07\/Imagem-do-WhatsApp-de-2024-07-05-as-15.30.24_9c522471-300x225.jpg 300w, https:\/\/www2.comunitaria.com.br\/wp-content\/uploads\/2024\/07\/Imagem-do-WhatsApp-de-2024-07-05-as-15.30.24_9c522471-768x576.jpg 768w, https:\/\/www2.comunitaria.com.br\/wp-content\/uploads\/2024\/07\/Imagem-do-WhatsApp-de-2024-07-05-as-15.30.24_9c522471-1536x1152.jpg 1536w, https:\/\/www2.comunitaria.com.br\/wp-content\/uploads\/2024\/07\/Imagem-do-WhatsApp-de-2024-07-05-as-15.30.24_9c522471-1200x900.jpg 1200w, https:\/\/www2.comunitaria.com.br\/wp-content\/uploads\/2024\/07\/Imagem-do-WhatsApp-de-2024-07-05-as-15.30.24_9c522471.jpg 1680w\" sizes=\"auto, (max-width: 1024px) 100vw, 1024px\" \/><\/a><a href=\"https:\/\/www2.comunitaria.com.br\/en\/secretaria-da-agricultura-realiza-a-18a-entrega-da-patrulha-agricola-no-municipio\/imagem-do-whatsapp-de-2024-07-05-as-15-30-24_56209e11\/\" rel=\"attachment wp-att-62712\"><img loading=\"lazy\" decoding=\"async\" class=\"aligncenter size-large wp-image-62712\" src=\"http:\/\/www2.comunitaria.com.br\/wp-content\/uploads\/2024\/07\/Imagem-do-WhatsApp-de-2024-07-05-as-15.30.24_56209e11-1024x768.jpg\" alt=\"\" width=\"1024\" height=\"768\" srcset=\"https:\/\/www2.comunitaria.com.br\/wp-content\/uploads\/2024\/07\/Imagem-do-WhatsApp-de-2024-07-05-as-15.30.24_56209e11-1024x768.jpg 1024w, https:\/\/www2.comunitaria.com.br\/wp-content\/uploads\/2024\/07\/Imagem-do-WhatsApp-de-2024-07-05-as-15.30.24_56209e11-300x225.jpg 300w, https:\/\/www2.comunitaria.com.br\/wp-content\/uploads\/2024\/07\/Imagem-do-WhatsApp-de-2024-07-05-as-15.30.24_56209e11-768x576.jpg 768w, https:\/\/www2.comunitaria.com.br\/wp-content\/uploads\/2024\/07\/Imagem-do-WhatsApp-de-2024-07-05-as-15.30.24_56209e11-1536x1152.jpg 1536w, https:\/\/www2.comunitaria.com.br\/wp-content\/uploads\/2024\/07\/Imagem-do-WhatsApp-de-2024-07-05-as-15.30.24_56209e11-1200x900.jpg 1200w, https:\/\/www2.comunitaria.com.br\/wp-content\/uploads\/2024\/07\/Imagem-do-WhatsApp-de-2024-07-05-as-15.30.24_56209e11.jpg 1680w\" sizes=\"auto, (max-width: 1024px) 100vw, 1024px\" \/><\/a><\/em><\/p>","protected":false},"excerpt":{"rendered":"<p>Na noite de quarta-feira (3), a Prefeitura Municipal de Frederico Westphalen, por meio da Secretaria Municipal da Agricultura, realizou a 18\u00aa entrega da patrulha agr\u00edcola no munic\u00edpio. Foram beneficiados com o maquin\u00e1rio os moradores das Linhas 21 de Abril e Alto da Colina. A entrega aconteceu na associa\u00e7\u00e3o dos moradores das comunidades que ficar\u00e1 respons\u00e1vel<\/p>\n<div class=\"read-more-wrapper\"><a class=\"read-more\" href=\"https:\/\/www2.comunitaria.com.br\/en\/secretaria-da-agricultura-realiza-a-18a-entrega-da-patrulha-agricola-no-municipio\/\" title=\"Read More\"> <span class=\"button\">Read More<\/span><\/a><\/div>","protected":false},"author":2,"featured_media":62714,"comment_status":"closed","ping_status":"closed","sticky":false,"template":"","format":"standard","meta":{"ngg_post_thumbnail":0,"footnotes":""},"categories":[47,46,42,33,43],"tags":[82],"class_list":["post-62711","post","type-post","status-publish","format-standard","has-post-thumbnail","hentry","category-brasil","category-estado","category-fred-west","category-noticias","category-regiao","tag-frederico-westphalen"],"amp_enabled":true,"_links":{"self":[{"href":"https:\/\/www2.comunitaria.com.br\/en\/wp-json\/wp\/v2\/posts\/62711","targetHints":{"allow":["GET"]}}],"collection":[{"href":"https:\/\/www2.comunitaria.com.br\/en\/wp-json\/wp\/v2\/posts"}],"about":[{"href":"https:\/\/www2.comunitaria.com.br\/en\/wp-json\/wp\/v2\/types\/post"}],"author":[{"embeddable":true,"href":"https:\/\/www2.comunitaria.com.br\/en\/wp-json\/wp\/v2\/users\/2"}],"replies":[{"embeddable":true,"href":"https:\/\/www2.comunitaria.com.br\/en\/wp-json\/wp\/v2\/comments?post=62711"}],"version-history":[{"count":0,"href":"https:\/\/www2.comunitaria.com.br\/en\/wp-json\/wp\/v2\/posts\/62711\/revisions"}],"wp:featuredmedia":[{"embeddable":true,"href":"https:\/\/www2.comunitaria.com.br\/en\/wp-json\/wp\/v2\/media\/62714"}],"wp:attachment":[{"href":"https:\/\/www2.comunitaria.com.br\/en\/wp-json\/wp\/v2\/media?parent=62711"}],"wp:term":[{"taxonomy":"category","embeddable":true,"href":"https:\/\/www2.comunitaria.com.br\/en\/wp-json\/wp\/v2\/categories?post=62711"},{"taxonomy":"post_tag","embeddable":true,"href":"https:\/\/www2.comunitaria.com.br\/en\/wp-json\/wp\/v2\/tags?post=62711"}],"curies":[{"name":"wp","href":"https:\/\/api.w.org\/{rel}","templated":true}]}}