{"id":62702,"date":"2024-07-05T15:26:57","date_gmt":"2024-07-05T17:26:57","guid":{"rendered":"https:\/\/www2.comunitaria.com.br\/?p=62702"},"modified":"2024-07-05T15:26:58","modified_gmt":"2024-07-05T17:26:58","slug":"rs-mais-5-621-familias-recebem-auxilio-reconstrucao-nesta-sexta-feira","status":"publish","type":"post","link":"https:\/\/www2.comunitaria.com.br\/en\/rs-mais-5-621-familias-recebem-auxilio-reconstrucao-nesta-sexta-feira\/","title":{"rendered":"RS: mais 5.621 fam\u00edlias recebem Aux\u00edlio Reconstru\u00e7\u00e3o nesta sexta-feira"},"content":{"rendered":"<p style=\"text-align: justify;\">Mais 5.621 fam\u00edlias desabrigadas ou desalojadas por enchentes do Rio Grande do Sul recebem, nesta sexta-feira (5), a parcela \u00fanica do Aux\u00edlio Reconstru\u00e7\u00e3o para ajudar na recupera\u00e7\u00e3o de bens perdidos.<\/p>\n<p style=\"text-align: justify;\">Desde a cria\u00e7\u00e3o do benef\u00edcio,&nbsp;em maio &#8211;&nbsp;Medida Provis\u00f3ria n\u00ba 1.219&nbsp;&#8211;&nbsp;mais de 255,8 mil fam\u00edlias receberam o benef\u00edcio, o que equivale ao dep\u00f3sito total de R$ 1,3 bilh\u00e3o em contas banc\u00e1rias dos benefici\u00e1rios na Caixa Econ\u00f4mica Federal (CEF).<\/p>\n<p style=\"text-align: justify;\">Ao todo, 274,7 mil fam\u00edlias de 117 munic\u00edpios ga\u00fachos&nbsp;em situa\u00e7\u00e3o de calamidade p\u00fablica, reconhecida pelo governo federal devido \u00e0s fortes chuvas,&nbsp;foram habilitadas no programa. Deste total, cerca de 22 mil fam\u00edlias ainda precisam confirmar as informa\u00e7\u00f5es inseridas pela prefeitura no&nbsp;<a href=\"http:\/\/www.gov.br\/pt-br\/servicos\/receber-o-auxilio-reconstrucao\" target=\"_blank\" rel=\"noopener\">site<\/a>&nbsp;para receber o valor de R$ 5.100.<\/p>\n<p style=\"text-align: justify;\">O socorro pode ser usado da maneira que as v\u00edtimas do desastre clim\u00e1tico quiserem. N\u00e3o h\u00e1 crit\u00e9rio definido para uso do recurso federal.<\/p>\n<h4 style=\"text-align: justify;\">Prefeituras<\/h4>\n<p style=\"text-align: justify;\">O cadastramento feito pelas prefeituras \u00e9 o primeiro passo para solicitar o benef\u00edcio somente as afetados pelos temporais, que ficaram desabrigados ou perderam bens.<\/p>\n<p style=\"text-align: justify;\">O poder p\u00fablico municipal deve cadastrar pelo&nbsp;<a href=\"https:\/\/www.gov.br\/pt-br\/servicos\/cadastrar-familias-auxilio-reconstrucao\" target=\"_blank\" rel=\"noopener\">site oficial<\/a>&nbsp;os dados das fam\u00edlias residentes em \u00e1reas efetivamente atingidas pelas enchentes, que abandonaram suas casas,&nbsp;de forma tempor\u00e1ria ou definitiva, nos munic\u00edpios com reconhecimento da situa\u00e7\u00e3o de calamidade ou emerg\u00eancia, devidamente reconhecido em portaria do Minist\u00e9rio da Integra\u00e7\u00e3o e do Desenvolvimento Regional.<\/p>\n<p style=\"text-align: justify;\">Ao todo, 444 cidades tiveram a situa\u00e7\u00e3o de emerg\u00eancia ou de estado de calamidade p\u00fablica reconhecida pelo governo federal e podem solicitar o benef\u00edcio para as fam\u00edlias residentes em \u00e1rea efetivamente atingida pelas enchentes.<\/p>\n<p style=\"text-align: justify;\">Os moradores do Rio Grande do Sul podem conferir,&nbsp;<a href=\"https:\/\/www.gov.br\/mdr\/pt-br\/auxilioreconstrucao\/reconhecimentos-vigentes-lista-completa.pdf%C2%A0\" target=\"_blank\" rel=\"noopener\">neste link<\/a>,&nbsp;se o munic\u00edpio onde reside est\u00e1 na lista das cidades aptas a fazer&nbsp;cadastros da popula\u00e7\u00e3o afetada.<\/p>\n<p style=\"text-align: justify;\">O prazo final para cadastro de novas fam\u00edlias para receberem benef\u00edcio foi&nbsp;prorrogado&nbsp;pelo governo federal e terminar\u00e1 no pr\u00f3ximo dia 12.<\/p>\n<p style=\"text-align: justify;\"><em>Fonte: Ag\u00eancia Brasil<\/em><\/p>\n<p style=\"text-align: justify;\"><em>Foto: Bruno Peres\/Ag\u00eancia Brasil<\/em><a href=\"https:\/\/www2.comunitaria.com.br\/en\/rs-mais-5-621-familias-recebem-auxilio-reconstrucao-nesta-sexta-feira\/_mg_5363\/\" rel=\"attachment wp-att-62703\"><br \/>\n<img loading=\"lazy\" decoding=\"async\" class=\"aligncenter size-large wp-image-62703\" src=\"http:\/\/www2.comunitaria.com.br\/wp-content\/uploads\/2024\/07\/mg_5363-1024x613.webp\" alt=\"\" width=\"1024\" height=\"613\" srcset=\"https:\/\/www2.comunitaria.com.br\/wp-content\/uploads\/2024\/07\/mg_5363-1024x613.webp 1024w, https:\/\/www2.comunitaria.com.br\/wp-content\/uploads\/2024\/07\/mg_5363-300x179.webp 300w, https:\/\/www2.comunitaria.com.br\/wp-content\/uploads\/2024\/07\/mg_5363-768x459.webp 768w, https:\/\/www2.comunitaria.com.br\/wp-content\/uploads\/2024\/07\/mg_5363.webp 1170w\" sizes=\"auto, (max-width: 1024px) 100vw, 1024px\" \/><\/a><\/p>","protected":false},"excerpt":{"rendered":"<p>Mais 5.621 fam\u00edlias desabrigadas ou desalojadas por enchentes do Rio Grande do Sul recebem, nesta sexta-feira (5), a parcela \u00fanica do Aux\u00edlio Reconstru\u00e7\u00e3o para ajudar na recupera\u00e7\u00e3o de bens perdidos&#8230;.<\/p>","protected":false},"author":2,"featured_media":62703,"comment_status":"closed","ping_status":"closed","sticky":false,"template":"","format":"standard","meta":{"ngg_post_thumbnail":0,"footnotes":""},"categories":[47,46,42,33,43],"tags":[6223,1192],"class_list":["post-62702","post","type-post","status-publish","format-standard","has-post-thumbnail","hentry","category-brasil","category-estado","category-fred-west","category-noticias","category-regiao","tag-auxilio-reconstrucao","tag-rio-grande-do-sul"],"amp_enabled":true,"_links":{"self":[{"href":"https:\/\/www2.comunitaria.com.br\/en\/wp-json\/wp\/v2\/posts\/62702","targetHints":{"allow":["GET"]}}],"collection":[{"href":"https:\/\/www2.comunitaria.com.br\/en\/wp-json\/wp\/v2\/posts"}],"about":[{"href":"https:\/\/www2.comunitaria.com.br\/en\/wp-json\/wp\/v2\/types\/post"}],"author":[{"embeddable":true,"href":"https:\/\/www2.comunitaria.com.br\/en\/wp-json\/wp\/v2\/users\/2"}],"replies":[{"embeddable":true,"href":"https:\/\/www2.comunitaria.com.br\/en\/wp-json\/wp\/v2\/comments?post=62702"}],"version-history":[{"count":0,"href":"https:\/\/www2.comunitaria.com.br\/en\/wp-json\/wp\/v2\/posts\/62702\/revisions"}],"wp:featuredmedia":[{"embeddable":true,"href":"https:\/\/www2.comunitaria.com.br\/en\/wp-json\/wp\/v2\/media\/62703"}],"wp:attachment":[{"href":"https:\/\/www2.comunitaria.com.br\/en\/wp-json\/wp\/v2\/media?parent=62702"}],"wp:term":[{"taxonomy":"category","embeddable":true,"href":"https:\/\/www2.comunitaria.com.br\/en\/wp-json\/wp\/v2\/categories?post=62702"},{"taxonomy":"post_tag","embeddable":true,"href":"https:\/\/www2.comunitaria.com.br\/en\/wp-json\/wp\/v2\/tags?post=62702"}],"curies":[{"name":"wp","href":"https:\/\/api.w.org\/{rel}","templated":true}]}}