{"id":62692,"date":"2024-07-05T12:47:10","date_gmt":"2024-07-05T14:47:10","guid":{"rendered":"https:\/\/www2.comunitaria.com.br\/?p=62692"},"modified":"2024-07-05T12:47:11","modified_gmt":"2024-07-05T14:47:11","slug":"se-confirmada-la-nina-pode-persistir-por-anos-diz-especialista","status":"publish","type":"post","link":"https:\/\/www2.comunitaria.com.br\/en\/se-confirmada-la-nina-pode-persistir-por-anos-diz-especialista\/","title":{"rendered":"Se confirmada, La Ni\u00f1a pode persistir por anos, diz especialista"},"content":{"rendered":"<p style=\"text-align: justify;\">Ap\u00f3s um El Ni\u00f1o excepcionalmente forte, respons\u00e1vel por fazer ebulir as m\u00e9dias globais de temperatura, vem a\u00ed o La Ni\u00f1a. Apesar do comportamento oposto, resfriando as \u00e1guas do Pac\u00edfico, especialistas alertam que o fen\u00f4meno n\u00e3o deve promover um refresco nas temperaturas \u2014 e ainda pode persistir por anos, intensificando os efeitos das mudan\u00e7as clim\u00e1ticas.<\/p>\n<p style=\"text-align: justify;\">De acordo com a Organiza\u00e7\u00e3o Meteorol\u00f3gica Mundial, com o arrefecimento do El Ni\u00f1o, existe 70% de chance de que o fen\u00f4meno oposto se estabele\u00e7a entre agosto e novembro. Essa mudan\u00e7a, no entanto, n\u00e3o de atenuar o aquecimento global. \u201cO fim do El Ni\u00f1o n\u00e3o significa uma pausa nas altera\u00e7\u00f5es clim\u00e1ticas a longo prazo, uma vez que o nosso planeta continuar\u00e1 a aquecer devido aos gases com efeito de estufa, que ret\u00eam o calor&#8221;, disse o secret\u00e1rio-geral da institui\u00e7\u00e3o, Ko Barrett.<\/p>\n<p style=\"text-align: justify;\"><strong>O que causa a La Ni\u00f1a?<\/strong><\/p>\n<p style=\"text-align: justify;\">A manifesta\u00e7\u00e3o se d\u00e1 pelo mesmo mecanismo que o El Ni\u00f1o. \u201cA La Ni\u00f1a ocorre quando os ventos al\u00edsios se intensificam, deslocando a camada superficial de \u00e1gua quente do Pac\u00edfico e consequentemente, promovendo seu resfriamento\u201d, afirma a professora de Oceanografia e Clima da Universidade Federal de Santa Catarina (UFSC) e Coordenadora dos Grupos de trabalho sobre Risco Clim\u00e1tico e Ondas de Calor Marinhas do Programa Mundial de Pesquisas Clim\u00e1ticas da ONU, Regina Rodrigues.&nbsp;<\/p>\n<p style=\"text-align: justify;\">Ventos al\u00edsios s\u00e3o massas de ar que se deslocam de maneira persistente dos tr\u00f3picos para o equador. Quando esse evento arrefece, as \u00e1guas no Pac\u00edfico ficam acima da m\u00e9dia, causando o El Ni\u00f1o. Por outro lado, quando a corrente se fortalece, as temperaturas diminuem, levando ao fen\u00f4meno oposto.&nbsp;<\/p>\n<p style=\"text-align: justify;\"><strong>A La Ni\u00f1a vai diminuir o calor?<\/strong><\/p>\n<p style=\"text-align: justify;\">No Brasil, a principal consequ\u00eancia da La Ni\u00f1a \u00e9 nos extremos do pa\u00eds. \u201cO fen\u00f4meno causa secas na Regi\u00e3o Sul e aumenta a intensidade das chuvas na Regi\u00e3o Norte, \u00e0s vezes atingindo tamb\u00e9m parte do Nordeste&#8221;, explica Rodrigues.<\/p>\n<p style=\"text-align: justify;\">Embora o fen\u00f4meno cause uma diminui\u00e7\u00e3o na temperatura m\u00e9dia global, a especialista alerta que n\u00e3o haver\u00e1 uma ameniza\u00e7\u00e3o das temperaturas no Brasil. \u201cComo o La Ni\u00f1a afeta a temperatura do Pac\u00edfico, que ocupa uma grande \u00e1rea do globo, a m\u00e9dia diminui, mas localmente o efeito n\u00e3o \u00e9 esse&#8221;, diz Rodrigues. &#8220;O que vai acontecer, na verdade, \u00e9 um aumento das temperaturas no Sul, j\u00e1 que, sem nuvens no c\u00e9u, existe um aumento da incid\u00eancia de radia\u00e7\u00e3o solar na regi\u00e3o&#8221;.<\/p>\n<p style=\"text-align: justify;\"><strong>Como as mudan\u00e7as clim\u00e1ticas v\u00e3o afetar o La Ni\u00f1a?<\/strong><\/p>\n<p style=\"text-align: justify;\">Ao longo do El Ni\u00f1o, muito se falou sobre a converg\u00eancia entre os efeitos do fen\u00f4meno natural e do aquecimento global, intensificando os eventos extremos decorrentes das mudan\u00e7as clim\u00e1ticas. Durante o La Ni\u00f1a isso n\u00e3o ser\u00e1 diferente.&nbsp;<\/p>\n<p style=\"text-align: justify;\">De acordo com a especialista, embora a intensidade do La Ni\u00f1a n\u00e3o apresente varia\u00e7\u00f5es, como ocorre com o seu contraponto, as mudan\u00e7as clim\u00e1ticas podem fazer com que o fen\u00f4meno dure mais tempo do que o usual. \u201cN\u00f3s vimos isso no \u00faltimo La Ni\u00f1a, que durou de 2020 a 2022, causando seca e um preju\u00edzo de mais de 70 bilh\u00f5es de reais para o agroneg\u00f3cio no Sul\u201d, diz Rodrigues.&nbsp;<\/p>\n<p style=\"text-align: justify;\">Por enquanto, ainda n\u00e3o \u00e9 poss\u00edvel dizer quanto tempo o La Ni\u00f1a vai durar, mas caso se prolongue, como ocorreu na \u00faltima vez, os efeitos mais intensos v\u00e3o ser observados especialmente no Rio Grande do Sul.<\/p>\n<p style=\"text-align: justify;\">Isso acontece porque, al\u00e9m da estiagem, o estado tamb\u00e9m pode testemunhar recordes de temperatura causados pela maior incid\u00eancia de radia\u00e7\u00e3o solar, em combina\u00e7\u00e3o com os efeitos do aquecimento global. As chuvas intensas e prolongadas tamb\u00e9m podem causar transtornos na Regi\u00e3o Norte.&nbsp;<\/p>\n<p style=\"text-align: justify;\"><strong>E o resto do pa\u00eds?<\/strong><\/p>\n<p style=\"text-align: justify;\">Segundo os especialistas, os efeitos dessa gangorra \u2014 que promete se tornar mais constante em decorr\u00eancia das mudan\u00e7as clim\u00e1ticas, sem os cl\u00e1ssicos per\u00edodos de neutralidade \u2014 s\u00e3o mais proeminentes nas bordas norte e sul, enquanto no centro do pa\u00eds os extremos s\u00e3o causados predominantemente pelo aquecimento global, com pouco efeito de El Ni\u00f1o ou La Ni\u00f1a.&nbsp;<\/p>\n<p style=\"text-align: justify;\"><em>Fonte: Veja<\/em><\/p>\n<p style=\"text-align: justify;\"><em>Foto: agroinsight<\/em><\/p>\n<p><a href=\"https:\/\/www2.comunitaria.com.br\/en\/se-confirmada-la-nina-pode-persistir-por-anos-diz-especialista\/montagens\/\" rel=\"attachment wp-att-62693\"><img loading=\"lazy\" decoding=\"async\" class=\"aligncenter size-large wp-image-62693\" src=\"http:\/\/www2.comunitaria.com.br\/wp-content\/uploads\/2024\/07\/MONTAGENS-1024x576.png\" alt=\"\" width=\"1024\" height=\"576\" srcset=\"https:\/\/www2.comunitaria.com.br\/wp-content\/uploads\/2024\/07\/MONTAGENS-1024x576.png 1024w, https:\/\/www2.comunitaria.com.br\/wp-content\/uploads\/2024\/07\/MONTAGENS-300x169.png 300w, https:\/\/www2.comunitaria.com.br\/wp-content\/uploads\/2024\/07\/MONTAGENS-768x432.png 768w, https:\/\/www2.comunitaria.com.br\/wp-content\/uploads\/2024\/07\/MONTAGENS-1536x864.png 1536w, https:\/\/www2.comunitaria.com.br\/wp-content\/uploads\/2024\/07\/MONTAGENS-1200x675.png 1200w, https:\/\/www2.comunitaria.com.br\/wp-content\/uploads\/2024\/07\/MONTAGENS-260x145.png 260w, https:\/\/www2.comunitaria.com.br\/wp-content\/uploads\/2024\/07\/MONTAGENS.png 1680w\" sizes=\"auto, (max-width: 1024px) 100vw, 1024px\" \/><\/a><\/p>","protected":false},"excerpt":{"rendered":"<p>Ap\u00f3s um El Ni\u00f1o excepcionalmente forte, respons\u00e1vel por fazer ebulir as m\u00e9dias globais de temperatura, vem a\u00ed o La Ni\u00f1a. Apesar do comportamento oposto, resfriando as \u00e1guas do Pac\u00edfico, especialistas&#8230;<\/p>","protected":false},"author":2,"featured_media":62693,"comment_status":"closed","ping_status":"closed","sticky":false,"template":"","format":"standard","meta":{"ngg_post_thumbnail":0,"footnotes":""},"categories":[47,46,42,33,43],"tags":[980,6229,5324,1026],"class_list":["post-62692","post","type-post","status-publish","format-standard","has-post-thumbnail","hentry","category-brasil","category-estado","category-fred-west","category-noticias","category-regiao","tag-clima","tag-fenomenos-climaticos","tag-la-nina","tag-meio-ambiente"],"amp_enabled":true,"_links":{"self":[{"href":"https:\/\/www2.comunitaria.com.br\/en\/wp-json\/wp\/v2\/posts\/62692","targetHints":{"allow":["GET"]}}],"collection":[{"href":"https:\/\/www2.comunitaria.com.br\/en\/wp-json\/wp\/v2\/posts"}],"about":[{"href":"https:\/\/www2.comunitaria.com.br\/en\/wp-json\/wp\/v2\/types\/post"}],"author":[{"embeddable":true,"href":"https:\/\/www2.comunitaria.com.br\/en\/wp-json\/wp\/v2\/users\/2"}],"replies":[{"embeddable":true,"href":"https:\/\/www2.comunitaria.com.br\/en\/wp-json\/wp\/v2\/comments?post=62692"}],"version-history":[{"count":0,"href":"https:\/\/www2.comunitaria.com.br\/en\/wp-json\/wp\/v2\/posts\/62692\/revisions"}],"wp:featuredmedia":[{"embeddable":true,"href":"https:\/\/www2.comunitaria.com.br\/en\/wp-json\/wp\/v2\/media\/62693"}],"wp:attachment":[{"href":"https:\/\/www2.comunitaria.com.br\/en\/wp-json\/wp\/v2\/media?parent=62692"}],"wp:term":[{"taxonomy":"category","embeddable":true,"href":"https:\/\/www2.comunitaria.com.br\/en\/wp-json\/wp\/v2\/categories?post=62692"},{"taxonomy":"post_tag","embeddable":true,"href":"https:\/\/www2.comunitaria.com.br\/en\/wp-json\/wp\/v2\/tags?post=62692"}],"curies":[{"name":"wp","href":"https:\/\/api.w.org\/{rel}","templated":true}]}}