{"id":62595,"date":"2024-07-01T11:43:32","date_gmt":"2024-07-01T13:43:32","guid":{"rendered":"https:\/\/www2.comunitaria.com.br\/?p=62595"},"modified":"2024-07-01T11:43:33","modified_gmt":"2024-07-01T13:43:33","slug":"30-anos-do-plano-real-r-1-em-1994-equivale-a-mais-de-r-8-hoje","status":"publish","type":"post","link":"https:\/\/www2.comunitaria.com.br\/en\/30-anos-do-plano-real-r-1-em-1994-equivale-a-mais-de-r-8-hoje\/","title":{"rendered":"30 anos do Plano Real: R$ 1 em 1994 equivale a mais de R$ 8 hoje"},"content":{"rendered":"<p style=\"text-align: justify;\">Tr\u00eas d\u00e9cadas ap\u00f3s o lan\u00e7amento do Plano Real, comemorado nesta segunda-feira (1\u00ba), a infla\u00e7\u00e3o acumulada no per\u00edodo foi de 708%, segundo a calculadora do Banco Central (BC).<\/p>\n<p style=\"text-align: justify;\">Em termos pr\u00e1ticos, isso quer dizer que algo que se comprava com R$ 1 a partir de julho de 1994 equivale a atuais R$ 8,08, com base na&nbsp;\u00faltima divulga\u00e7\u00e3o do \u00cdndice de Pre\u00e7os ao Consumidor Amplo (IPCA), em maio.<\/p>\n<p style=\"text-align: justify;\">A perda de peso da moeda tamb\u00e9m \u00e9 observada em compara\u00e7\u00e3o \u00e0s c\u00e9dulas lan\u00e7adas em 1994.<\/p>\n<p style=\"text-align: justify;\">Uma nota de R$ 5 h\u00e1 30 anos equivale a R$ 40,40 hoje, enquanto R$ 10 s\u00e3o corrigidos a 80,80.<\/p>\n<p style=\"text-align: justify;\">Seguindo a conta, a c\u00e9dula R$ 50 em 1994 \u00e9 o mesmo que R$ 404,01, j\u00e1 R$ 100 correspondem a R$ 808,02.<\/p>\n<h3 style=\"text-align: justify;\">30 anos de consolida\u00e7\u00e3o<\/h3>\n<p style=\"text-align: justify;\">A varia\u00e7\u00e3o acima de 700% do valor do real em 30 anos chama a aten\u00e7\u00e3o, por\u00e9m, olhando os dados hist\u00f3ricos, \u00e9 apenas uma fra\u00e7\u00e3o da realidade brasileira entre os anos 1980 e in\u00edcio da d\u00e9cada de 1990.<\/p>\n<p style=\"text-align: justify;\">Era a \u00e9poca da hiperinfla\u00e7\u00e3o, com ritmo fren\u00e9tico de avan\u00e7o dos pre\u00e7os que corro\u00eda o poder de compra dos brasileiros.<\/p>\n<p style=\"text-align: justify;\">Para ilustrar este quadro,&nbsp;em 1984, a infla\u00e7\u00e3o anual do pa\u00eds registrou uma alta acumulada de 215,27%. Nos anos subsequentes, o \u00edndice seguiu a galope at\u00e9 alcan\u00e7ar impressionantes 2.477,15%, em 1993.<\/p>\n<p style=\"text-align: justify;\">A consolida\u00e7\u00e3o do Plano Real derrubou drasticamente a varia\u00e7\u00e3o de pre\u00e7os, mostram os dados do Instituto Brasileiro de Geografia e Estat\u00edstica (IBGE).<\/p>\n<p style=\"text-align: justify;\">Desde 1995 \u2014 primeiro ano cheio ap\u00f3s a implementa\u00e7\u00e3o da nova moeda \u2014 o IPCA encerrou o ano acima de dois d\u00edgitos em quatro ocasi\u00f5es: 1995 (22,41%), 2002 (12,53%), 2015 (10,67%) e 2021 (10,06%).<\/p>\n<p style=\"text-align: justify;\">Em 2023, o indicador fechou o ano com&nbsp;avan\u00e7o de 4,62%.<\/p>\n<p style=\"text-align: justify;\"><em>Fonte: CNN Brasil<\/em><\/p>\n<p style=\"text-align: justify;\"><em>Foto: Marcelo Casal Jr.\/Ag\u00eancia Brasil<a href=\"https:\/\/www2.comunitaria.com.br\/en\/30-anos-do-plano-real-r-1-em-1994-equivale-a-mais-de-r-8-hoje\/real_moeda_08\/\" rel=\"attachment wp-att-62596\"><img loading=\"lazy\" decoding=\"async\" class=\"aligncenter size-full wp-image-62596\" src=\"http:\/\/www2.comunitaria.com.br\/wp-content\/uploads\/2024\/07\/real_moeda_08.webp\" alt=\"\" width=\"420\" height=\"240\" srcset=\"https:\/\/www2.comunitaria.com.br\/wp-content\/uploads\/2024\/07\/real_moeda_08.webp 420w, https:\/\/www2.comunitaria.com.br\/wp-content\/uploads\/2024\/07\/real_moeda_08-300x171.webp 300w\" sizes=\"auto, (max-width: 420px) 100vw, 420px\" \/><\/a><\/em><\/p>","protected":false},"excerpt":{"rendered":"<p>Tr\u00eas d\u00e9cadas ap\u00f3s o lan\u00e7amento do Plano Real, comemorado nesta segunda-feira (1\u00ba), a infla\u00e7\u00e3o acumulada no per\u00edodo foi de 708%, segundo a calculadora do Banco Central (BC). Em termos pr\u00e1ticos,&#8230;<\/p>","protected":false},"author":2,"featured_media":62596,"comment_status":"closed","ping_status":"closed","sticky":false,"template":"","format":"standard","meta":{"ngg_post_thumbnail":0,"footnotes":""},"categories":[46,42,33,43],"tags":[1503,384,6214],"class_list":["post-62595","post","type-post","status-publish","format-standard","has-post-thumbnail","hentry","category-estado","category-fred-west","category-noticias","category-regiao","tag-banco-central","tag-economia-2","tag-plano-real"],"amp_enabled":true,"_links":{"self":[{"href":"https:\/\/www2.comunitaria.com.br\/en\/wp-json\/wp\/v2\/posts\/62595","targetHints":{"allow":["GET"]}}],"collection":[{"href":"https:\/\/www2.comunitaria.com.br\/en\/wp-json\/wp\/v2\/posts"}],"about":[{"href":"https:\/\/www2.comunitaria.com.br\/en\/wp-json\/wp\/v2\/types\/post"}],"author":[{"embeddable":true,"href":"https:\/\/www2.comunitaria.com.br\/en\/wp-json\/wp\/v2\/users\/2"}],"replies":[{"embeddable":true,"href":"https:\/\/www2.comunitaria.com.br\/en\/wp-json\/wp\/v2\/comments?post=62595"}],"version-history":[{"count":0,"href":"https:\/\/www2.comunitaria.com.br\/en\/wp-json\/wp\/v2\/posts\/62595\/revisions"}],"wp:featuredmedia":[{"embeddable":true,"href":"https:\/\/www2.comunitaria.com.br\/en\/wp-json\/wp\/v2\/media\/62596"}],"wp:attachment":[{"href":"https:\/\/www2.comunitaria.com.br\/en\/wp-json\/wp\/v2\/media?parent=62595"}],"wp:term":[{"taxonomy":"category","embeddable":true,"href":"https:\/\/www2.comunitaria.com.br\/en\/wp-json\/wp\/v2\/categories?post=62595"},{"taxonomy":"post_tag","embeddable":true,"href":"https:\/\/www2.comunitaria.com.br\/en\/wp-json\/wp\/v2\/tags?post=62595"}],"curies":[{"name":"wp","href":"https:\/\/api.w.org\/{rel}","templated":true}]}}