{"id":62526,"date":"2024-06-28T11:04:05","date_gmt":"2024-06-28T13:04:05","guid":{"rendered":"https:\/\/www2.comunitaria.com.br\/?p=62526"},"modified":"2024-06-28T11:04:06","modified_gmt":"2024-06-28T13:04:06","slug":"em-primeira-onda-de-frio-do-inverno-rs-tem-previsao-de-temperaturas-negativas-e-geada-ate-inicio-de-julho","status":"publish","type":"post","link":"https:\/\/www2.comunitaria.com.br\/en\/em-primeira-onda-de-frio-do-inverno-rs-tem-previsao-de-temperaturas-negativas-e-geada-ate-inicio-de-julho\/","title":{"rendered":"Em primeira onda de frio do inverno, RS tem previs\u00e3o de temperaturas negativas e geada at\u00e9 in\u00edcio de julho"},"content":{"rendered":"<p style=\"text-align: justify;\">A&nbsp;<strong>primeira onda de frio do inverno&nbsp;<\/strong>deste ano chega ao Rio Grande do Sul neste final de semana, causando&nbsp;<span class=\"highlight highlighted\">temperaturas m\u00ednimas negativas e geada<\/span>. O fen\u00f4meno est\u00e1 associado a uma frente fria que atinge toda a Regi\u00e3o Sul do pa\u00eds desde o in\u00edcio da semana.<\/p>\n<p style=\"text-align: justify;\">O frio deve se&nbsp;<strong>intensificar&nbsp;<\/strong>nas regi\u00f5es mais altas do estado, como a Serra do RS, se estendendo pelo menos at\u00e9 o in\u00edcio de julho. No domingo (30), em&nbsp;<strong>S\u00e3o Jos\u00e9 dos Ausentes<\/strong>, a m\u00ednima pode atingir<strong>&nbsp;-6\u00baC<\/strong>&nbsp;e em&nbsp;<strong>Caxias do Sul<\/strong>,&nbsp;<strong>0\u00baC<\/strong>, segundo a Climatempo.<\/p>\n<blockquote><p>&#8220;Essa frente fria \u00e9 continental, ou seja, ela vai avan\u00e7ar pelo continente. E, atr\u00e1s dessa frente fria, tem uma massa de ar bem frio tamb\u00e9m. Essa massa de ar vai ser respons\u00e1vel por essa onda de frio que deve ocorrer por toda a Regi\u00e3o Sul entre os dias 28 e 2 de julho&#8221;, explica a meteorologista Alana Gabriele Lopes Ara\u00fajo.<\/p><\/blockquote>\n<p style=\"text-align: justify;\">Segundo a especialista, um ciclone extratropical em forma\u00e7\u00e3o no oceano contribuiu para a ocorr\u00eancia de chuvas em algumas regi\u00f5es do estado na quarta-feira (26), como no Norte, no Litoral Norte e na Regi\u00e3o Metropolitana de Porto Alegre.<\/p>\n<h3 style=\"text-align: justify;\">Forma\u00e7\u00e3o de geada<\/h3>\n<div id=\"chunk-4ds06\" style=\"text-align: justify;\">\n<div class=\"mc-column content-text active-extra-styles\" data-block-type=\"unstyled\" data-block-weight=\"45\" data-block-id=\"12\">\n<p class=\"content-text__container\" data-track-category=\"Link no Texto\" data-track-links=\"\" data-mrf-recirculation=\"Article links\">Com a queda brusca da temperatura, o estado deve ter registros de&nbsp;<strong>geada&nbsp;<\/strong>j\u00e1 na quinta-feira (27) nas regi\u00f5es da Fronteira Oeste, na Serra e na divisa com o estado de Santa Catarina. Nos munic\u00edpios dessas localidades, a temperatura pode ficar&nbsp;<strong>pr\u00f3xima de 0\u00baC<\/strong>.<\/p>\n<\/div>\n<\/div>\n<div id=\"chunk-d1c0b\">\n<div class=\"mc-column content-text active-extra-styles\" data-block-type=\"unstyled\" data-block-weight=\"41\" data-block-id=\"13\">\n<p class=\"content-text__container\" style=\"text-align: justify;\" data-track-category=\"Link no Texto\" data-track-links=\"\" data-mrf-recirculation=\"Article links\">A geada \u00e9 um fen\u00f4meno recorrente no inverno em que&nbsp;<strong>camadas finas de gelo<\/strong>&nbsp;ficam retidas sobre superf\u00edcies, como plantas e autom\u00f3veis. O impacto da geada pode causar danos \u00e0 agricultura, queda da produtividade e, em alguns casos, perdas de culturas.<\/p>\n<h3 style=\"text-align: justify;\">Previs\u00e3o do tempo<\/h3>\n<div id=\"chunk-cqp3q\" style=\"text-align: justify;\">\n<div class=\"mc-column content-text active-extra-styles\" data-block-type=\"unstyled\" data-block-weight=\"58\" data-block-id=\"16\">\n<p class=\"content-text__container\" data-track-category=\"Link no Texto\" data-track-links=\"\" data-mrf-recirculation=\"Article links\">Uma&nbsp;<strong>massa de ar frio<\/strong>&nbsp;<strong>polar&nbsp;<\/strong>associada \u00e0<strong>&nbsp;frente fria<\/strong>&nbsp;deve causar temperaturas baixas em todo o estado. Nesta quinta-feira (27),<span class=\"highlight highlighted\">&nbsp;a capital ga\u00facha deve registrar m\u00ednima de 7\u00baC e m\u00e1xima de 17\u00baC<\/span>. Em Rio Grande, na Regi\u00e3o Sul, as temperaturas devem variar entre 5\u00baC e 16\u00baC. Em S\u00e3o Jos\u00e9 dos Ausentes, a m\u00ednima prevista \u00e9 de -1\u00baC.<\/p>\n<\/div>\n<\/div>\n<div id=\"chunk-8ps26\" style=\"text-align: justify;\">\n<div class=\"mc-column content-text active-extra-styles\" data-block-type=\"unstyled\" data-block-weight=\"62\" data-block-id=\"18\">\n<p class=\"content-text__container\" data-track-category=\"Link no Texto\" data-track-links=\"\" data-mrf-recirculation=\"Article links\">Na&nbsp;<strong>sexta<\/strong>&nbsp;(28) ainda deve&nbsp;<strong>chover&nbsp;<\/strong>no estado, devido ao deslocamento da frente fria. Ainda sim, as temperaturas seguir\u00e3o baixas. Em Uruguaiana, na Fronteira Sul, a m\u00ednima prevista \u00e9 de 8\u00baC e a m\u00e1xima, 18\u00baC. J\u00e1 em Torres, no Litoral Norte, a m\u00ednima \u00e9 de 10\u00baC. J\u00e1 em J\u00falio de Castilhos, na Regi\u00e3o Central, os moradores devem come\u00e7ar o dia com 5\u00baC.<\/p>\n<\/div>\n<\/div>\n<div id=\"chunk-931hr\" style=\"text-align: justify;\">\n<div class=\"mc-column content-text active-extra-styles\" data-block-type=\"unstyled\" data-block-weight=\"58\" data-block-id=\"19\">\n<p class=\"content-text__container\" data-track-category=\"Link no Texto\" data-track-links=\"\" data-mrf-recirculation=\"Article links\">No&nbsp;<strong>s\u00e1bado<\/strong>&nbsp;(29), a previs\u00e3o \u00e9 que o ar polar avance sobre toda a regi\u00e3o, causando recordes de temperaturas m\u00ednimas no estado. Em Gramado, na Serra do RS, a previs\u00e3o \u00e9 que o dia comece com 3\u00baC, assim como em Pelotas, na Regi\u00e3o Sul. J\u00e1 em Ca\u00e7apava no Sul, na Regi\u00e3o Central, a m\u00ednima prevista \u00e9 de -1\u00baC.<\/p>\n<\/div>\n<\/div>\n<div id=\"chunk-8udpp\">\n<div class=\"row medium-uncollapsed content-media content-photo\" data-block-type=\"backstage-photo\" data-block-id=\"20\">\n<div class=\"mc-column  content-media__container\">\n<div class=\"content-media-container glb-skeleton-box\" style=\"text-align: justify;\"><em>Fonte: g1 RS<\/em><\/div>\n<div><em>Foto:Arquivo&nbsp; Pessoal<\/em><a href=\"https:\/\/www2.comunitaria.com.br\/en\/em-primeira-onda-de-frio-do-inverno-rs-tem-previsao-de-temperaturas-negativas-e-geada-ate-inicio-de-julho\/g1-47\/\" rel=\"attachment wp-att-62527\"><img loading=\"lazy\" decoding=\"async\" class=\"aligncenter size-full wp-image-62527\" src=\"http:\/\/www2.comunitaria.com.br\/wp-content\/uploads\/2024\/06\/g1-47-.avif\" alt=\"\" width=\"640\" height=\"360\"><\/a><\/div>\n<\/div>\n<\/div>\n<\/div>\n<\/div>\n<\/div>","protected":false},"excerpt":{"rendered":"<p>A&nbsp;primeira onda de frio do inverno&nbsp;deste ano chega ao Rio Grande do Sul neste final de semana, causando&nbsp;temperaturas m\u00ednimas negativas e geada. O fen\u00f4meno est\u00e1 associado a uma frente fria&#8230;<\/p>","protected":false},"author":2,"featured_media":62527,"comment_status":"closed","ping_status":"closed","sticky":false,"template":"","format":"standard","meta":{"ngg_post_thumbnail":0,"footnotes":""},"categories":[47,44,46,42,28,33,43,35],"tags":[82,6201,179],"class_list":["post-62526","post","type-post","status-publish","format-standard","has-post-thumbnail","hentry","category-brasil","category-educacao","category-estado","category-fred-west","category-destaque","category-noticias","category-regiao","category-variedades","tag-frederico-westphalen","tag-inverno-2024","tag-previsao-do-tempo-2"],"amp_enabled":true,"_links":{"self":[{"href":"https:\/\/www2.comunitaria.com.br\/en\/wp-json\/wp\/v2\/posts\/62526","targetHints":{"allow":["GET"]}}],"collection":[{"href":"https:\/\/www2.comunitaria.com.br\/en\/wp-json\/wp\/v2\/posts"}],"about":[{"href":"https:\/\/www2.comunitaria.com.br\/en\/wp-json\/wp\/v2\/types\/post"}],"author":[{"embeddable":true,"href":"https:\/\/www2.comunitaria.com.br\/en\/wp-json\/wp\/v2\/users\/2"}],"replies":[{"embeddable":true,"href":"https:\/\/www2.comunitaria.com.br\/en\/wp-json\/wp\/v2\/comments?post=62526"}],"version-history":[{"count":0,"href":"https:\/\/www2.comunitaria.com.br\/en\/wp-json\/wp\/v2\/posts\/62526\/revisions"}],"wp:featuredmedia":[{"embeddable":true,"href":"https:\/\/www2.comunitaria.com.br\/en\/wp-json\/wp\/v2\/media\/62527"}],"wp:attachment":[{"href":"https:\/\/www2.comunitaria.com.br\/en\/wp-json\/wp\/v2\/media?parent=62526"}],"wp:term":[{"taxonomy":"category","embeddable":true,"href":"https:\/\/www2.comunitaria.com.br\/en\/wp-json\/wp\/v2\/categories?post=62526"},{"taxonomy":"post_tag","embeddable":true,"href":"https:\/\/www2.comunitaria.com.br\/en\/wp-json\/wp\/v2\/tags?post=62526"}],"curies":[{"name":"wp","href":"https:\/\/api.w.org\/{rel}","templated":true}]}}