{"id":62410,"date":"2024-06-21T11:19:34","date_gmt":"2024-06-21T13:19:34","guid":{"rendered":"https:\/\/www2.comunitaria.com.br\/?p=62410"},"modified":"2024-06-21T11:19:35","modified_gmt":"2024-06-21T13:19:35","slug":"moradores-do-rs-podem-se-inscrever-ate-nesta-sexta-feira-para-o-enem-2024","status":"publish","type":"post","link":"https:\/\/www2.comunitaria.com.br\/en\/moradores-do-rs-podem-se-inscrever-ate-nesta-sexta-feira-para-o-enem-2024\/","title":{"rendered":"Moradores do RS podem se inscrever at\u00e9 nesta sexta-feira para o Enem 2024"},"content":{"rendered":"<p>As inscri\u00e7\u00f5es do Exame Nacional do Ensino M\u00e9dio (Enem) 2024 seguem abertas at\u00e9 esta sexta-feira (21) exclusivamente para os moradores do Rio Grande do Sul, devido a situa\u00e7\u00e3o de calamidade p\u00fablica que atingiu o estado, em maio.<\/p>\n<p>Desde domingo (16), as inscri\u00e7\u00f5es foram reabertas&nbsp;online e devem ser feitas por meio da&nbsp;<a href=\"https:\/\/enem.inep.gov.br\/participante\/#!\/\" target=\"_blank\" rel=\"noopener\">P\u00e1gina do Participante<\/a>, com o login \u00fanico no&nbsp;<a href=\"https:\/\/sso.acesso.gov.br\/login?client_id=enem.inep.gov.br%2Fparticipante&amp;authorization_id=19035c55d12\" target=\"_blank\" rel=\"noopener\">portal<\/a>&nbsp;do governo federal do Gov.br. O participante que esquecer a senha cadastrada ter\u00e1 a op\u00e7\u00e3o de recuper\u00e1-la no mesmo&nbsp;site.<\/p>\n<p>Al\u00e9m de se inscrever, os participantes tamb\u00e9m podem solicitar tratamento pelo nome social (se for o caso) e atendimento especializado, com recursos de acessibilidade \u00e0s pessoas com defici\u00eancia (PcD).<\/p>\n<p>No per\u00edodo regular de inscri\u00e7\u00e3o, que terminou na sexta-feira (14), o Instituto Nacional de Estudos e Pesquisas Educacionais An\u00edsio Teixeira (Inep) registrou mais de 259 mil inscri\u00e7\u00f5es de candidatos do Rio Grande do Sul.<\/p>\n<h3>Isen\u00e7\u00e3o<\/h3>\n<p>Todos os moradores do Rio Grande do Sul t\u00eam direito a fazer a prova gratuitamente, porque o governo federal isentou este p\u00fablico do pagamento da taxa de inscri\u00e7\u00e3o de R$ 85, devido \u00e0s enchentes.<\/p>\n<p>Por\u00e9m, o Minist\u00e9rio da Educa\u00e7\u00e3o (MEC) e o Inep alertam que a isen\u00e7\u00e3o da taxa n\u00e3o garante a participa\u00e7\u00e3o no Enem 2024. Os moradores do Rio Grande do Sul interessados devem fazer a inscri\u00e7\u00e3o&nbsp;online&nbsp;para confirmar a presen\u00e7a nos dois dias de provas do exame.<\/p>\n<h3>Datas<\/h3>\n<p>As provas objetivas e a reda\u00e7\u00e3o ser\u00e3o aplicadas em todos os estados e no Distrito Federal nos dois primeiros domingos de novembro, dias 3 e 10.<\/p>\n<p>O Minist\u00e9rio da Educa\u00e7\u00e3o, no entanto, avalia a necessidade de aplica\u00e7\u00e3o das provas no Rio Grande do Sul em uma nova data.<\/p>\n<p>O&nbsp;edital do Enem 2024&nbsp;determinou que, no primeiro dia de provas, ser\u00e3o aplicadas as de linguagens, ci\u00eancias humanas e suas tecnologias, al\u00e9m da reda\u00e7\u00e3o. E o participante responder\u00e1 a quest\u00f5es da prova de l\u00edngua estrangeira (ingl\u00eas ou espanhol) escolhida na inscri\u00e7\u00e3o. A aplica\u00e7\u00e3o ter\u00e1 5 horas e 30 minutos de dura\u00e7\u00e3o.<\/p>\n<p>No segundo e \u00faltimo dia do Enem, ser\u00e3o aplicadas as provas de ci\u00eancias da natureza e suas tecnologias e matem\u00e1tica. A aplica\u00e7\u00e3o ter\u00e1 5 horas de dura\u00e7\u00e3o.<\/p>\n<p><a href=\"https:\/\/www2.comunitaria.com.br\/en\/moradores-do-rs-podem-se-inscrever-ate-nesta-sexta-feira-para-o-enem-2024\/raf08902\/\" rel=\"attachment wp-att-62411\"><img loading=\"lazy\" decoding=\"async\" class=\"aligncenter size-large wp-image-62411\" src=\"http:\/\/www2.comunitaria.com.br\/wp-content\/uploads\/2024\/06\/raf08902-1024x613.webp\" alt=\"\" width=\"1024\" height=\"613\" srcset=\"https:\/\/www2.comunitaria.com.br\/wp-content\/uploads\/2024\/06\/raf08902-1024x613.webp 1024w, https:\/\/www2.comunitaria.com.br\/wp-content\/uploads\/2024\/06\/raf08902-300x179.webp 300w, https:\/\/www2.comunitaria.com.br\/wp-content\/uploads\/2024\/06\/raf08902-768x459.webp 768w, https:\/\/www2.comunitaria.com.br\/wp-content\/uploads\/2024\/06\/raf08902.webp 1170w\" sizes=\"auto, (max-width: 1024px) 100vw, 1024px\" \/><\/a><\/p>\n<p>&nbsp;<\/p>\n<p><em>Fonte e foto: Ag\u00eancia Brasil<\/em><\/p>","protected":false},"excerpt":{"rendered":"<p>As inscri\u00e7\u00f5es do Exame Nacional do Ensino M\u00e9dio (Enem) 2024 seguem abertas at\u00e9 esta sexta-feira (21) exclusivamente para os moradores do Rio Grande do Sul, devido a situa\u00e7\u00e3o de calamidade&#8230;<\/p>","protected":false},"author":2,"featured_media":62411,"comment_status":"closed","ping_status":"closed","sticky":false,"template":"","format":"standard","meta":{"ngg_post_thumbnail":0,"footnotes":""},"categories":[47,44,46,42,28,33,43,35],"tags":[413,6183],"class_list":["post-62410","post","type-post","status-publish","format-standard","has-post-thumbnail","hentry","category-brasil","category-educacao","category-estado","category-fred-west","category-destaque","category-noticias","category-regiao","category-variedades","tag-educacao-2","tag-enem-2024"],"amp_enabled":true,"_links":{"self":[{"href":"https:\/\/www2.comunitaria.com.br\/en\/wp-json\/wp\/v2\/posts\/62410","targetHints":{"allow":["GET"]}}],"collection":[{"href":"https:\/\/www2.comunitaria.com.br\/en\/wp-json\/wp\/v2\/posts"}],"about":[{"href":"https:\/\/www2.comunitaria.com.br\/en\/wp-json\/wp\/v2\/types\/post"}],"author":[{"embeddable":true,"href":"https:\/\/www2.comunitaria.com.br\/en\/wp-json\/wp\/v2\/users\/2"}],"replies":[{"embeddable":true,"href":"https:\/\/www2.comunitaria.com.br\/en\/wp-json\/wp\/v2\/comments?post=62410"}],"version-history":[{"count":0,"href":"https:\/\/www2.comunitaria.com.br\/en\/wp-json\/wp\/v2\/posts\/62410\/revisions"}],"wp:featuredmedia":[{"embeddable":true,"href":"https:\/\/www2.comunitaria.com.br\/en\/wp-json\/wp\/v2\/media\/62411"}],"wp:attachment":[{"href":"https:\/\/www2.comunitaria.com.br\/en\/wp-json\/wp\/v2\/media?parent=62410"}],"wp:term":[{"taxonomy":"category","embeddable":true,"href":"https:\/\/www2.comunitaria.com.br\/en\/wp-json\/wp\/v2\/categories?post=62410"},{"taxonomy":"post_tag","embeddable":true,"href":"https:\/\/www2.comunitaria.com.br\/en\/wp-json\/wp\/v2\/tags?post=62410"}],"curies":[{"name":"wp","href":"https:\/\/api.w.org\/{rel}","templated":true}]}}