{"id":62264,"date":"2024-06-10T12:51:46","date_gmt":"2024-06-10T14:51:46","guid":{"rendered":"https:\/\/www2.comunitaria.com.br\/?p=62264"},"modified":"2024-06-10T12:51:46","modified_gmt":"2024-06-10T14:51:46","slug":"sala-do-empreendedor-de-frederico-westphalen-esta-com-inscricoes-abertas-para-tres-novos-cursos-gratuitos","status":"publish","type":"post","link":"https:\/\/www2.comunitaria.com.br\/en\/sala-do-empreendedor-de-frederico-westphalen-esta-com-inscricoes-abertas-para-tres-novos-cursos-gratuitos\/","title":{"rendered":"Sala do Empreendedor de Frederico Westphalen est\u00e1 com inscri\u00e7\u00f5es abertas para tr\u00eas novos cursos gratuitos"},"content":{"rendered":"<p>Est\u00e3o abertas as inscri\u00e7\u00f5es para os cursos de t\u00e9cnicas de gar\u00e7om, empreendedorismo digital e de t\u00e9cnicas administrativas, oferecidos pela Sala do Empreendedor de Frederico Westphalen. As capacita\u00e7\u00f5es s\u00e3o gratuitas e iniciam neste m\u00eas.<\/p>\n<p>A capacita\u00e7\u00e3o em t\u00e9cnicas de gar\u00e7om come\u00e7a no dia 17 de junho, segunda-feira, e vai at\u00e9 o dia 30 de julho. As aulas acontecem das 19 \u00e0s 22 horas, nas segundas e ter\u00e7as-feiras, na Igreja Evang\u00e9lica da Confiss\u00e3o Luterana, rua Rui Barbosa, esquina com Carlos Gomes. No total, h\u00e1 20 vagas dispon\u00edveis.<\/p>\n<p>O curso de t\u00e9cnicas administrativas inicia em 19 de junho e tem previs\u00e3o para encerrar em 31 de julho. A carga hor\u00e1ria \u00e9 de 40 horas e as aulas acontecer\u00e3o na URI-FW, nas segundas e quartas-feiras, das 19h \u00e0s 22h. Tanto o curso de t\u00e9cnicas de gar\u00e7om, quanto o de t\u00e9cnicas administrativas, s\u00e3o fornecidos em parceria com o Governo do Estado, pelo Programa Qualifica\u00e7\u00e3o RS.<\/p>\n<p>Al\u00e9m desses, tamb\u00e9m h\u00e1 vagas para o curso de empreendedorismo digital. A carga hor\u00e1ria \u00e9 de 60 horas e in\u00edcio est\u00e1 marcado para 24 de junho, com previs\u00e3o de encerramento em 26 de agosto. As aulas acontecem das 19h \u00e0s 22h, nas segundas e quartas-feiras, no Centro T\u00eaxtil e da Moda (CVT), localizado na rua 21 de Abril, 75.<\/p>\n<p>Para realizar a inscri\u00e7\u00e3o no curso desejado, basta ir at\u00e9 a Sala do Empreendedor, na rua Jos\u00e9 Ca\u00f1ellas 220, ou ent\u00e3o contatar o WhatsApp (55) 99610-9732.<\/p>\n<p>Fonte: ASCOM Prefeitura de Frederico Westphalen&nbsp;<\/p>","protected":false},"excerpt":{"rendered":"<p>Est\u00e3o abertas as inscri\u00e7\u00f5es para os cursos de t\u00e9cnicas de gar\u00e7om, empreendedorismo digital e de t\u00e9cnicas administrativas, oferecidos pela Sala do Empreendedor de Frederico Westphalen. As capacita\u00e7\u00f5es s\u00e3o gratuitas e&#8230;<\/p>","protected":false},"author":2,"featured_media":62265,"comment_status":"closed","ping_status":"closed","sticky":false,"template":"","format":"standard","meta":{"ngg_post_thumbnail":0,"footnotes":""},"categories":[42],"tags":[],"class_list":["post-62264","post","type-post","status-publish","format-standard","has-post-thumbnail","hentry","category-fred-west"],"amp_enabled":true,"_links":{"self":[{"href":"https:\/\/www2.comunitaria.com.br\/en\/wp-json\/wp\/v2\/posts\/62264","targetHints":{"allow":["GET"]}}],"collection":[{"href":"https:\/\/www2.comunitaria.com.br\/en\/wp-json\/wp\/v2\/posts"}],"about":[{"href":"https:\/\/www2.comunitaria.com.br\/en\/wp-json\/wp\/v2\/types\/post"}],"author":[{"embeddable":true,"href":"https:\/\/www2.comunitaria.com.br\/en\/wp-json\/wp\/v2\/users\/2"}],"replies":[{"embeddable":true,"href":"https:\/\/www2.comunitaria.com.br\/en\/wp-json\/wp\/v2\/comments?post=62264"}],"version-history":[{"count":0,"href":"https:\/\/www2.comunitaria.com.br\/en\/wp-json\/wp\/v2\/posts\/62264\/revisions"}],"wp:featuredmedia":[{"embeddable":true,"href":"https:\/\/www2.comunitaria.com.br\/en\/wp-json\/wp\/v2\/media\/62265"}],"wp:attachment":[{"href":"https:\/\/www2.comunitaria.com.br\/en\/wp-json\/wp\/v2\/media?parent=62264"}],"wp:term":[{"taxonomy":"category","embeddable":true,"href":"https:\/\/www2.comunitaria.com.br\/en\/wp-json\/wp\/v2\/categories?post=62264"},{"taxonomy":"post_tag","embeddable":true,"href":"https:\/\/www2.comunitaria.com.br\/en\/wp-json\/wp\/v2\/tags?post=62264"}],"curies":[{"name":"wp","href":"https:\/\/api.w.org\/{rel}","templated":true}]}}