{"id":62163,"date":"2024-05-21T15:20:08","date_gmt":"2024-05-21T17:20:08","guid":{"rendered":"https:\/\/www2.comunitaria.com.br\/?p=62163"},"modified":"2024-05-21T15:22:02","modified_gmt":"2024-05-21T17:22:02","slug":"integrantes-de-faccao-criminosa-sao-condenados-a-ate-18-anos-de-prisao-em-frederico-westphalen","status":"publish","type":"post","link":"https:\/\/www2.comunitaria.com.br\/en\/integrantes-de-faccao-criminosa-sao-condenados-a-ate-18-anos-de-prisao-em-frederico-westphalen\/","title":{"rendered":"Integrantes de fac\u00e7\u00e3o criminosa s\u00e3o condenados a at\u00e9 18 anos de pris\u00e3o em Frederico Westphalen"},"content":{"rendered":"<p>Quatro integrantes de fac\u00e7\u00e3o criminosa denunciados pelo Minist\u00e9rio P\u00fablico do Rio Grande do Sul (MPRS) foram condenados em Frederico Westphalen a at\u00e9 18 anos de pris\u00e3o, em regime fechado. Os delitos s\u00e3o posse irregular e porte ilegal de armas de fogo de uso permitido e restrito, al\u00e9m de tr\u00e1fico de drogas, recepta\u00e7\u00e3o e adultera\u00e7\u00e3o de sinal identificador de ve\u00edculo.<\/p>\n<p>Os crimes ocorreram no m\u00eas de junho de 2023, quando diversos v\u00eddeos, que passaram a ser amplamente compartilhados em aplicativos de mensagem, principalmente pelo WhatsApp, mostravam integrantes de uma fac\u00e7\u00e3o com grande n\u00famero de armamento dentro de ve\u00edculos em diversas localidades do munic\u00edpio. O objetivo dos r\u00e9us era provocar criminosos de um grupo rival.<\/p>\n<p>De acordo com o promotor de Justi\u00e7a Thiago Lu\u00eds Reinert, os crimes foram elucidados ap\u00f3s uma \u00e1gil e integrada atua\u00e7\u00e3o da Brigada Militar e Pol\u00edcia Civil. \u201cPoucos dias ap\u00f3s a divulga\u00e7\u00e3o dos v\u00eddeos, foram identificados os indiv\u00edduos e cumpridos mandados de busca e apreens\u00e3o. Na ocasi\u00e3o, foram localizadas espingardas e diversas pistolas calibre 9 mil\u00edmetros de origem estrangeira, modificadas para disparos em rajada, al\u00e9m de grande quantidade de drogas\u201d, destaca o promotor.<\/p>\n<p>Fonte: MPRS<\/p>","protected":false},"excerpt":{"rendered":"<p>Quatro integrantes de fac\u00e7\u00e3o criminosa denunciados pelo Minist\u00e9rio P\u00fablico do Rio Grande do Sul (MPRS) foram condenados em Frederico Westphalen a at\u00e9 18 anos de pris\u00e3o, em regime fechado. Os&#8230;<\/p>","protected":false},"author":2,"featured_media":62164,"comment_status":"closed","ping_status":"closed","sticky":false,"template":"","format":"standard","meta":{"ngg_post_thumbnail":0,"footnotes":""},"categories":[42,28,33],"tags":[],"class_list":["post-62163","post","type-post","status-publish","format-standard","has-post-thumbnail","hentry","category-fred-west","category-destaque","category-noticias"],"amp_enabled":true,"_links":{"self":[{"href":"https:\/\/www2.comunitaria.com.br\/en\/wp-json\/wp\/v2\/posts\/62163","targetHints":{"allow":["GET"]}}],"collection":[{"href":"https:\/\/www2.comunitaria.com.br\/en\/wp-json\/wp\/v2\/posts"}],"about":[{"href":"https:\/\/www2.comunitaria.com.br\/en\/wp-json\/wp\/v2\/types\/post"}],"author":[{"embeddable":true,"href":"https:\/\/www2.comunitaria.com.br\/en\/wp-json\/wp\/v2\/users\/2"}],"replies":[{"embeddable":true,"href":"https:\/\/www2.comunitaria.com.br\/en\/wp-json\/wp\/v2\/comments?post=62163"}],"version-history":[{"count":0,"href":"https:\/\/www2.comunitaria.com.br\/en\/wp-json\/wp\/v2\/posts\/62163\/revisions"}],"wp:featuredmedia":[{"embeddable":true,"href":"https:\/\/www2.comunitaria.com.br\/en\/wp-json\/wp\/v2\/media\/62164"}],"wp:attachment":[{"href":"https:\/\/www2.comunitaria.com.br\/en\/wp-json\/wp\/v2\/media?parent=62163"}],"wp:term":[{"taxonomy":"category","embeddable":true,"href":"https:\/\/www2.comunitaria.com.br\/en\/wp-json\/wp\/v2\/categories?post=62163"},{"taxonomy":"post_tag","embeddable":true,"href":"https:\/\/www2.comunitaria.com.br\/en\/wp-json\/wp\/v2\/tags?post=62163"}],"curies":[{"name":"wp","href":"https:\/\/api.w.org\/{rel}","templated":true}]}}