{"id":62098,"date":"2024-05-07T12:13:40","date_gmt":"2024-05-07T14:13:40","guid":{"rendered":"https:\/\/www2.comunitaria.com.br\/?p=62098"},"modified":"2024-05-07T12:22:37","modified_gmt":"2024-05-07T14:22:37","slug":"62098-2","status":"publish","type":"post","link":"https:\/\/www2.comunitaria.com.br\/en\/62098-2\/","title":{"rendered":"Prefeitura disponibiliza plataforma para cadastrar volunt\u00e1rios dispostos a ajudar locais atingidos pelas chuvas"},"content":{"rendered":"<p>A Prefeitura de Frederico Westphalen lan\u00e7ou, nesta ter\u00e7a-feira (6), uma plataforma voltada ao cadastramento de volunt\u00e1rios dispostos a fornecer ajuda para os locais atingidos pelas chuvas que atingiram o Estado nos \u00faltimos dias. O sistema foi desenvolvido em parceria com o Instituto Federal Farroupilha, campus de Frederico Westphalen (IFFar-FW).<\/p>\n<div class=\"descricao rvfs-4\" data-rvfs=\"4\">\n<p><a href=\"https:\/\/sites.google.com\/view\/sosfrederico\/in%C3%ADcio\">Acesse a plataforma aqui.<\/a><\/p>\n<p><strong>Como vai funcionar o cadastro<\/strong><\/p>\n<p>No site, os cidad\u00e3os interessados em contribuir como volunt\u00e1rios poder\u00e3o preencher uma ficha de inscri\u00e7\u00e3o e inserir informa\u00e7\u00f5es sobre a disponibilidade de hor\u00e1rios para atuarem no voluntariado, bem como destacar em qual \u00e1rea gostaria de contribuir. Os inscritos ainda poder\u00e3o dizer se pretendem atuar na regi\u00e3o de Frederico Westphalen ou em qualquer lugar do Rio Grande do Sul.<\/p>\n<p>O sistema vai alimentar um banco de dados que ser\u00e1 gerenciado pela Secretaria de Assist\u00eancia Social e Habita\u00e7\u00e3o (SMASH). Cada inscrito ser\u00e1 contatado pela SMASH para ajudar em uma determinada localidade quando houver uma demanda ligada \u00e0 \u00e1rea de atua\u00e7\u00e3o do volunt\u00e1rio.<\/p>\n<p>H\u00e1 diversas atividades fundamentais neste momento, seja nas cidades da regi\u00e3o ou em outras \u00e1reas do Estado que foram afetadas com mais severidade. S\u00e3o necess\u00e1rios volunt\u00e1rios para a organiza\u00e7\u00e3o e embalagem das doa\u00e7\u00f5es, na log\u00edstica de entrega dos itens arrecadados, na assist\u00eancia m\u00e9dica e psicol\u00f3gica para os atingidos e em atividades de limpeza e carpintaria, por exemplo.<\/p>\n<p><strong>Site tamb\u00e9m orienta sobre doa\u00e7\u00f5es<\/strong><br \/>\nA plataforma tamb\u00e9m servir\u00e1 como local para orienta\u00e7\u00e3o quanto \u00e0s doa\u00e7\u00f5es dos itens que ser\u00e3o destinados \u00e0s fam\u00edlias atingidas. H\u00e1 uma lista com os itens mais necess\u00e1rios no momento e os pontos de arrecada\u00e7\u00e3o de donativos.<\/p>\n<p>A Prefeitura de FW mant\u00e9m um ponto de arrecada\u00e7\u00e3o aberto todos os dias da semana, das 8 \u00e0s 12 horas e das 13h30min \u00e0s 17h30min, no Centro de Eventos do Parque de Exposi\u00e7\u00f5es Monsenhor Vitor Batistella. Os itens est\u00e3o sendo entregues para as cidades da regi\u00e3o afetadas pelas chuvas e para outras localidades do estado que sofreram com o desastre clim\u00e1tico.<\/p>\n<\/div>\n<div data-rvfs=\"4\">&nbsp;<\/div>\n<div data-rvfs=\"4\">&nbsp;<\/div>\n<div class=\"fonte\">Fonte: Jo\u00e3o Victor Cassol\/Ascom<\/div>","protected":false},"excerpt":{"rendered":"<p>A Prefeitura de Frederico Westphalen lan\u00e7ou, nesta ter\u00e7a-feira (6), uma plataforma voltada ao cadastramento de volunt\u00e1rios dispostos a fornecer ajuda para os locais atingidos pelas chuvas que atingiram o Estado nos \u00faltimos dias. O sistema foi desenvolvido em parceria com o Instituto Federal Farroupilha, campus de Frederico Westphalen (IFFar-FW). Acesse a plataforma aqui. Como vai<\/p>\n<div class=\"read-more-wrapper\"><a class=\"read-more\" href=\"https:\/\/www2.comunitaria.com.br\/en\/62098-2\/\" title=\"Read More\"> <span class=\"button\">Read More<\/span><\/a><\/div>","protected":false},"author":2,"featured_media":62099,"comment_status":"closed","ping_status":"closed","sticky":false,"template":"","format":"standard","meta":{"ngg_post_thumbnail":0,"footnotes":""},"categories":[28],"tags":[],"class_list":["post-62098","post","type-post","status-publish","format-standard","has-post-thumbnail","hentry","category-destaque"],"amp_enabled":true,"_links":{"self":[{"href":"https:\/\/www2.comunitaria.com.br\/en\/wp-json\/wp\/v2\/posts\/62098","targetHints":{"allow":["GET"]}}],"collection":[{"href":"https:\/\/www2.comunitaria.com.br\/en\/wp-json\/wp\/v2\/posts"}],"about":[{"href":"https:\/\/www2.comunitaria.com.br\/en\/wp-json\/wp\/v2\/types\/post"}],"author":[{"embeddable":true,"href":"https:\/\/www2.comunitaria.com.br\/en\/wp-json\/wp\/v2\/users\/2"}],"replies":[{"embeddable":true,"href":"https:\/\/www2.comunitaria.com.br\/en\/wp-json\/wp\/v2\/comments?post=62098"}],"version-history":[{"count":0,"href":"https:\/\/www2.comunitaria.com.br\/en\/wp-json\/wp\/v2\/posts\/62098\/revisions"}],"wp:featuredmedia":[{"embeddable":true,"href":"https:\/\/www2.comunitaria.com.br\/en\/wp-json\/wp\/v2\/media\/62099"}],"wp:attachment":[{"href":"https:\/\/www2.comunitaria.com.br\/en\/wp-json\/wp\/v2\/media?parent=62098"}],"wp:term":[{"taxonomy":"category","embeddable":true,"href":"https:\/\/www2.comunitaria.com.br\/en\/wp-json\/wp\/v2\/categories?post=62098"},{"taxonomy":"post_tag","embeddable":true,"href":"https:\/\/www2.comunitaria.com.br\/en\/wp-json\/wp\/v2\/tags?post=62098"}],"curies":[{"name":"wp","href":"https:\/\/api.w.org\/{rel}","templated":true}]}}