{"id":62062,"date":"2024-04-30T09:52:41","date_gmt":"2024-04-30T11:52:41","guid":{"rendered":"https:\/\/www2.comunitaria.com.br\/?p=62062"},"modified":"2024-04-30T14:11:09","modified_gmt":"2024-04-30T16:11:09","slug":"jailson-zatta-sera-tecnico-interino-do-uniao-diante-do-veranopolis","status":"publish","type":"post","link":"https:\/\/www2.comunitaria.com.br\/en\/jailson-zatta-sera-tecnico-interino-do-uniao-diante-do-veranopolis\/","title":{"rendered":"Jailson Zatta ser\u00e1 t\u00e9cnico interino do Uni\u00e3o diante do Veran\u00f3polis"},"content":{"rendered":"<p>Ap\u00f3s demiss\u00e3o do t\u00e9cnico H\u00e9lio Vieira o Uni\u00e3o Frederiquense trabalha para anunciar um novo comandante da casamata no entanto, para o jogo desta quarta-feira diante do Veran\u00f3polis na Arena, o comandante interino ser\u00e1 o auxiliar Jailson Zatta.&nbsp;<\/p>\n<p>A semana tamb\u00e9m come\u00e7ou com despensa de atleta. O lateral esquerdo Mateus Costa n\u00e3o faz mais parte do elenco. Segundo a dire\u00e7\u00e3o a dispensa se deu por motivos t\u00e9cnicos.&nbsp;<\/p>\n<p>O jogo entre Uni\u00e3o e Veran\u00f3polis acontece nesta quarta-feira , \u00e0s 17h.&nbsp;<\/p>","protected":false},"excerpt":{"rendered":"<p>Ap\u00f3s demiss\u00e3o do t\u00e9cnico H\u00e9lio Vieira o Uni\u00e3o Frederiquense trabalha para anunciar um novo comandante da casamata no entanto, para o jogo desta quarta-feira diante do Veran\u00f3polis na Arena, o comandante interino ser\u00e1 o auxiliar Jailson Zatta.&nbsp; A semana tamb\u00e9m come\u00e7ou com despensa de atleta. O lateral esquerdo Mateus Costa n\u00e3o faz mais parte do<\/p>\n<div class=\"read-more-wrapper\"><a class=\"read-more\" href=\"https:\/\/www2.comunitaria.com.br\/en\/jailson-zatta-sera-tecnico-interino-do-uniao-diante-do-veranopolis\/\" title=\"Read More\"> <span class=\"button\">Read More<\/span><\/a><\/div>","protected":false},"author":2,"featured_media":62063,"comment_status":"closed","ping_status":"closed","sticky":false,"template":"","format":"standard","meta":{"ngg_post_thumbnail":0,"footnotes":""},"categories":[28,33],"tags":[],"class_list":["post-62062","post","type-post","status-publish","format-standard","has-post-thumbnail","hentry","category-destaque","category-noticias"],"amp_enabled":true,"_links":{"self":[{"href":"https:\/\/www2.comunitaria.com.br\/en\/wp-json\/wp\/v2\/posts\/62062","targetHints":{"allow":["GET"]}}],"collection":[{"href":"https:\/\/www2.comunitaria.com.br\/en\/wp-json\/wp\/v2\/posts"}],"about":[{"href":"https:\/\/www2.comunitaria.com.br\/en\/wp-json\/wp\/v2\/types\/post"}],"author":[{"embeddable":true,"href":"https:\/\/www2.comunitaria.com.br\/en\/wp-json\/wp\/v2\/users\/2"}],"replies":[{"embeddable":true,"href":"https:\/\/www2.comunitaria.com.br\/en\/wp-json\/wp\/v2\/comments?post=62062"}],"version-history":[{"count":0,"href":"https:\/\/www2.comunitaria.com.br\/en\/wp-json\/wp\/v2\/posts\/62062\/revisions"}],"wp:featuredmedia":[{"embeddable":true,"href":"https:\/\/www2.comunitaria.com.br\/en\/wp-json\/wp\/v2\/media\/62063"}],"wp:attachment":[{"href":"https:\/\/www2.comunitaria.com.br\/en\/wp-json\/wp\/v2\/media?parent=62062"}],"wp:term":[{"taxonomy":"category","embeddable":true,"href":"https:\/\/www2.comunitaria.com.br\/en\/wp-json\/wp\/v2\/categories?post=62062"},{"taxonomy":"post_tag","embeddable":true,"href":"https:\/\/www2.comunitaria.com.br\/en\/wp-json\/wp\/v2\/tags?post=62062"}],"curies":[{"name":"wp","href":"https:\/\/api.w.org\/{rel}","templated":true}]}}