{"id":62039,"date":"2024-04-15T09:39:55","date_gmt":"2024-04-15T11:39:55","guid":{"rendered":"https:\/\/www2.comunitaria.com.br\/?p=62039"},"modified":"2024-04-15T09:39:55","modified_gmt":"2024-04-15T11:39:55","slug":"conab-estima-producao-453-maior-no-rs","status":"publish","type":"post","link":"https:\/\/www2.comunitaria.com.br\/en\/conab-estima-producao-453-maior-no-rs\/","title":{"rendered":"Conab estima produ\u00e7\u00e3o 45,3% maior no RS"},"content":{"rendered":"<p><strong>A Companhia Nacional de Abastecimento (Conab)<\/strong> divulgou na \u00faltima quinta-feira a s\u00e9tima estimativa da <a href=\"https:\/\/www.correiodopovo.com.br\/not%C3%ADcias\/rural\/oscila%C3%A7%C3%B5es-clim%C3%A1ticas-provocam-queda-na-colheita-do-arroz-e-preocupa-produtores-em-nova-santa-rita-1.1482662\" target=\"_blank\" rel=\"noopener\"><strong>safra de gr\u00e3os<\/strong><\/a>&nbsp;2023\/2024. O levantamento aponta nova queda e projeta a produ\u00e7\u00e3o de 294,1 milh\u00f5es de toneladas, tombo de 8% na compara\u00e7\u00e3o com a safra recorde de 2022\/2023. Para o Rio Grande do Sul, a Conab calcula a produ\u00e7\u00e3o de 40,09 milh\u00f5es de toneladas de gr\u00e3os, 45,3% superior em compara\u00e7\u00e3o com a safra 2022\/23, afetada por estiagens.<\/p>\n<p>No estado ga\u00facho, a colheita de gr\u00e3os tem avan\u00e7ado em todas as culturas. As perspectivas s\u00e3o de produ\u00e7\u00e3o de 21,89 milh\u00f5es de toneladas de soja, 68,1% a mais do que na safra passada, em \u00e1rea plantada de 6,67 milh\u00f5es de hectares, 1,8% superior \u00e0 temporada anterior.<\/p>\n<blockquote><p>\u201cEssa recupera\u00e7\u00e3o coloca o Estado na posi\u00e7\u00e3o de segundo maior produtor do gr\u00e3o no pa\u00eds, ficando atr\u00e1s apenas do Mato Grosso\u201d, afirma o presidente da Conab, Edegar Pretto.<\/p><\/blockquote>\n<p>A estatal projeta a colheita de 5,13 milh\u00f5es de toneladas de milho (37,5% acima do resultado anterior), em \u00e1rea plantada 2% menor do que no ciclo passado, totalizando 814,9 mil hectares. No trigo, a \u00e1rea semeada caiu 6,5%, registrando 1,4 milh\u00f5es de hectares, o que deve gerar produ\u00e7\u00e3o de 4,38 milh\u00f5es de toneladas de trigo, crescimento de 51,1% na compara\u00e7\u00e3o com o per\u00edodo anterior.<\/p>\n<p>Para o arroz, a estimativa \u00e9 de produ\u00e7\u00e3o de 7,47 milh\u00f5es de toneladas de arroz, alta de 7,8%, em \u00e1rea plantada 4% superior, chegando a 900,6 mil hectares. Na cultura do feij\u00e3o, a Conab espera a produ\u00e7\u00e3o de 77,8 mil toneladas de feij\u00e3o no Estado, incremento de 10% na produ\u00e7\u00e3o e de 1,9% na \u00e1rea plantada, atingindo 48,5 mil hectares.<\/p>","protected":false},"excerpt":{"rendered":"<p>A Companhia Nacional de Abastecimento (Conab) divulgou na \u00faltima quinta-feira a s\u00e9tima estimativa da safra de gr\u00e3os&nbsp;2023\/2024. O levantamento aponta nova queda e projeta a produ\u00e7\u00e3o de 294,1 milh\u00f5es de toneladas, tombo de 8% na compara\u00e7\u00e3o com a safra recorde de 2022\/2023. Para o Rio Grande do Sul, a Conab calcula a produ\u00e7\u00e3o de 40,09<\/p>\n<div class=\"read-more-wrapper\"><a class=\"read-more\" href=\"https:\/\/www2.comunitaria.com.br\/en\/conab-estima-producao-453-maior-no-rs\/\" title=\"Read More\"> <span class=\"button\">Read More<\/span><\/a><\/div>","protected":false},"author":2,"featured_media":62040,"comment_status":"closed","ping_status":"closed","sticky":false,"template":"","format":"standard","meta":{"ngg_post_thumbnail":0,"footnotes":""},"categories":[33],"tags":[],"class_list":["post-62039","post","type-post","status-publish","format-standard","has-post-thumbnail","hentry","category-noticias"],"amp_enabled":true,"_links":{"self":[{"href":"https:\/\/www2.comunitaria.com.br\/en\/wp-json\/wp\/v2\/posts\/62039","targetHints":{"allow":["GET"]}}],"collection":[{"href":"https:\/\/www2.comunitaria.com.br\/en\/wp-json\/wp\/v2\/posts"}],"about":[{"href":"https:\/\/www2.comunitaria.com.br\/en\/wp-json\/wp\/v2\/types\/post"}],"author":[{"embeddable":true,"href":"https:\/\/www2.comunitaria.com.br\/en\/wp-json\/wp\/v2\/users\/2"}],"replies":[{"embeddable":true,"href":"https:\/\/www2.comunitaria.com.br\/en\/wp-json\/wp\/v2\/comments?post=62039"}],"version-history":[{"count":0,"href":"https:\/\/www2.comunitaria.com.br\/en\/wp-json\/wp\/v2\/posts\/62039\/revisions"}],"wp:featuredmedia":[{"embeddable":true,"href":"https:\/\/www2.comunitaria.com.br\/en\/wp-json\/wp\/v2\/media\/62040"}],"wp:attachment":[{"href":"https:\/\/www2.comunitaria.com.br\/en\/wp-json\/wp\/v2\/media?parent=62039"}],"wp:term":[{"taxonomy":"category","embeddable":true,"href":"https:\/\/www2.comunitaria.com.br\/en\/wp-json\/wp\/v2\/categories?post=62039"},{"taxonomy":"post_tag","embeddable":true,"href":"https:\/\/www2.comunitaria.com.br\/en\/wp-json\/wp\/v2\/tags?post=62039"}],"curies":[{"name":"wp","href":"https:\/\/api.w.org\/{rel}","templated":true}]}}