{"id":62027,"date":"2024-04-02T10:01:58","date_gmt":"2024-04-02T12:01:58","guid":{"rendered":"https:\/\/www2.comunitaria.com.br\/?p=62027"},"modified":"2024-04-02T10:01:58","modified_gmt":"2024-04-02T12:01:58","slug":"governador-eduardo-leite-deve-apresentar-novo-projeto-que-aumenta-o-icms","status":"publish","type":"post","link":"https:\/\/www2.comunitaria.com.br\/en\/governador-eduardo-leite-deve-apresentar-novo-projeto-que-aumenta-o-icms\/","title":{"rendered":"Governador Eduardo Leite deve apresentar novo projeto que aumenta o ICMS"},"content":{"rendered":"<div class=\"article-paragraph\">\n<p>O governador&nbsp;<strong>Eduardo Leite deve protocolar ainda nesta semana na Assembleia Legislativa um projeto de lei prevendo o aumento na al\u00edquota geral de ICMS de 17% para 19%<\/strong>&nbsp;no Rio Grande do Sul. A proposta \u00e9 a&nbsp;<strong>alternativa ao corte de incentivos fiscais<\/strong>, que entraria em vigor nesta segunda-feira (1\u00ba) mas foi adiado pelo governo por 30 dias.<\/p>\n<\/div>\n<div class=\"article-paragraph\">\n<p>A informa\u00e7\u00e3o foi repassada pelo&nbsp;<strong>Pal\u00e1cio Piratini<\/strong>&nbsp;ao empres\u00e1rio Nei M\u00e2nica, presidente da cooperativa Cotrijal. M\u00e2nica lidera um movimento de 27 entidades que solicitam ao governo a eleva\u00e7\u00e3o da al\u00edquota geral em troca da desist\u00eancia da revis\u00e3o dos benef\u00edcios setoriais.<\/p>\n<\/div>\n<div class=\"article-paragraph\">\n<p>De acordo com M\u00e2nica,<strong>&nbsp;Leite deve chamar os deputados da base aliada para uma reuni\u00e3o antes de submeter o projeto ao Legislativo.<\/strong><\/p>\n<div class=\"article-paragraph\">\n<p>\u2014 O governador vai chamar os deputados para fazer esclarecimentos, e n\u00f3s<em>&nbsp;(entidades)<\/em>&nbsp;tamb\u00e9m vamos esclarecer aos deputados e \u00e0 sociedade que a melhor op\u00e7\u00e3o \u00e9 pela modal \u2014 disse o empres\u00e1rio.<\/p>\n<\/div>\n<div class=\"article-paragraph\">\n<p>O secret\u00e1rio-chefe da Casa Civil, Artur Lemos, evita estipular prazo, mas confirma que essa \u00e9 a &#8220;expectativa&#8221;:<\/p>\n<\/div>\n<div class=\"article-paragraph\">\n<p>\u2014 Recebemos a proposta na semana passada, nesta semana estamos discutindo e, estando apta, a gente encaminha.<\/p>\n<\/div>\n<div class=\"article-paragraph\">\n<p>O projeto a ser submetido por<strong>&nbsp;Leite<\/strong>&nbsp;seguir\u00e1 a linha do que sugeriu o grupo de entidades.<\/p>\n<\/div>\n<div class=\"article-paragraph\">\n<p><strong>O ajuste na al\u00edquota precisa de aprova\u00e7\u00e3o na Assembleia e s\u00f3 pode vigorar a partir de 2025.<\/strong>&nbsp;J\u00e1 o corte de incentivos fiscais, que aumenta o imposto para alguns produtos e setores econ\u00f4micos, pode ser feito por meio de decreto do governador e teria validade imediata.<\/p>\n<\/div>\n<div class=\"article-paragraph\">\n<p>\u2014 S\u00f3 estamos tratando desse tema porque compreendemos que, para a sustentabilidade do futuro do Estado, precis\u00e1vamos enfrent\u00e1-lo em raz\u00e3o da queda na arrecada\u00e7\u00e3o \u2014 ressaltou o chefe da Casa Civil.<\/p>\n<\/div>\n<div class=\"article-paragraph\">\n<p>Lemos se refere \u00e0 redu\u00e7\u00e3o abrupta do<strong>&nbsp;ICMS&nbsp;<\/strong>dos combust\u00edveis, energia, e telecomunica\u00e7\u00f5es,&nbsp;<strong>aprovada pelo Congresso Nacional&nbsp;em 2022<\/strong>, que retirou dinheiro do caixa de Estados e munic\u00edpios.<\/p>\n<\/div>\n<div class=\"article-paragraph\">\n<p>Assim que come\u00e7ar a tramitar, o projeto de lei dever\u00e1 dominar os debates na Assembleia. Em regime de urg\u00eancia, passar\u00e1 a trancar a pauta de vota\u00e7\u00f5es em 30 dias.<\/p>\n<\/div>\n<div class=\"article-paragraph\">\n<p><strong>O aumento da al\u00edquota geral era o &#8220;plano A&#8221; do Pal\u00e1cio Piratini<\/strong>, mas n\u00e3o avan\u00e7ou na Assembleia no ano passado por falta de apoio \u2014 na \u00e9poca, o governo prop\u00f4s a eleva\u00e7\u00e3o para 19,5%. Assim,&nbsp;<strong>Leite optou pelo &#8220;plano B&#8221;, o corte de incentivos fiscais que entraria em vigor nesta segunda<\/strong>.<\/p>\n<\/div>\n<div class=\"article-paragraph\">\n<p>Diante da alternativa sugerida pelas entidades, o governador concordou em&nbsp;<strong>adiar a vig\u00eancia dos decretos por um m\u00eas<\/strong>, prazo praticamente id\u00eantico ao que a Assembleia ter\u00e1 para votar o projeto.<\/p>\n<\/div>\n<div class=\"article-paragraph\">\n<h2><strong>Assunto divide setor produtivo<\/strong><\/h2>\n<\/div>\n<div class=\"article-paragraph\">\n<p>A majora\u00e7\u00e3o da al\u00edquota modal do ICMS em troca da manuten\u00e7\u00e3o dos incentivos fiscais \u00e9 apoiada por um grupo de 27 organiza\u00e7\u00f5es, ligadas sobretudo \u00e0 agricultura.&nbsp;<strong>Al\u00e9m das 24 que assinaram o documento apresentado na quarta-feira passada, outras tr\u00eas o&nbsp;subscreveram posteriormente.<\/strong><\/p>\n<\/div>\n<div class=\"article-paragraph\">\n<p>Porta-voz das entidades, Nei M\u00e2nica argumenta que a op\u00e7\u00e3o seria menos prejudicial \u00e0 economia, j\u00e1 que diluiria o custo em diferentes segmentos.<\/p>\n<\/div>\n<div class=\"article-paragraph\">\n<p>\u2014 Temos s\u00f3 dois caminhos, e se algu\u00e9m acha que o governador est\u00e1 blefando, est\u00e1 muito enganado \u2014 afirmou.<\/p>\n<\/div>\n<div class=\"article-paragraph\">\n<p>Por outro lado, h\u00e1 forte rejei\u00e7\u00e3o \u00e0 ideia entre as maiores federa\u00e7\u00f5es empresariais do Estado. Nesta segunda,&nbsp;<strong>protesto convocado pela Federasul reuniu um grupo de empres\u00e1rios e pol\u00edticos em frente ao Pal\u00e1cio Piratini<\/strong>.<\/p>\n<\/div>\n<div class=\"article-paragraph\">\n<p>Anfitri\u00e3o do ato, o presidente da Federasul, Rodrigo Sousa Costa, lembrou que Leite se comprometeu a n\u00e3o aumentar impostos durante a campanha eleitoral de 2022 e disse que o contingente do setor produtivo&nbsp;que defende a eleva\u00e7\u00e3o da al\u00edquota modal \u00e9 minorit\u00e1rio.<\/p>\n<\/div>\n<div class=\"article-paragraph\">\n<p>\u2014N\u00e3o \u00e9 porque um grupo de entidades se sentiu intimidado que toda a sociedade civil vai se afrouxar e se render a uma amea\u00e7a e uma intimida\u00e7\u00e3o \u2014 declarou.<\/p>\n<\/div>\n<div class=\"article-paragraph\">\n<p>O dirigente empresarial tamb\u00e9m contesta os argumentos do governo e diz que a arrecada\u00e7\u00e3o do RS tem crescido neste ano, na compara\u00e7\u00e3o com 2023.<\/p>\n<\/div>\n<div class=\"article-paragraph\">\n<h2><strong>Contenda pol\u00edtica<\/strong><\/h2>\n<\/div>\n<div class=\"article-paragraph\">\n<p>A despeito do pedido das entidades, o Pal\u00e1cio Piratini deve enfrentar percal\u00e7os para aprovar o projeto em plen\u00e1rio.<\/p>\n<\/div>\n<div class=\"article-paragraph\">\n<p>Para al\u00e9m da dificuldade natural em convencer os deputados a aprovarem o aumento de imposto,<strong>&nbsp;pesa contra o Piratini o fato de a maioria dos aliados j\u00e1 ter se manifestado contra a alta do ICMS no ano passado<\/strong>.<\/p>\n<\/div>\n<\/div>","protected":false},"excerpt":{"rendered":"<p>O governador&nbsp;Eduardo Leite deve protocolar ainda nesta semana na Assembleia Legislativa um projeto de lei prevendo o aumento na al\u00edquota geral de ICMS de 17% para 19%&nbsp;no Rio Grande do Sul. A proposta \u00e9 a&nbsp;alternativa ao corte de incentivos fiscais, que entraria em vigor nesta segunda-feira (1\u00ba) mas foi adiado pelo governo por 30 dias.<\/p>\n<div class=\"read-more-wrapper\"><a class=\"read-more\" href=\"https:\/\/www2.comunitaria.com.br\/en\/governador-eduardo-leite-deve-apresentar-novo-projeto-que-aumenta-o-icms\/\" title=\"Read More\"> <span class=\"button\">Read More<\/span><\/a><\/div>","protected":false},"author":2,"featured_media":62028,"comment_status":"closed","ping_status":"closed","sticky":false,"template":"","format":"standard","meta":{"ngg_post_thumbnail":0,"footnotes":""},"categories":[47,46,42,28,33,43],"tags":[],"class_list":["post-62027","post","type-post","status-publish","format-standard","has-post-thumbnail","hentry","category-brasil","category-estado","category-fred-west","category-destaque","category-noticias","category-regiao"],"amp_enabled":true,"_links":{"self":[{"href":"https:\/\/www2.comunitaria.com.br\/en\/wp-json\/wp\/v2\/posts\/62027","targetHints":{"allow":["GET"]}}],"collection":[{"href":"https:\/\/www2.comunitaria.com.br\/en\/wp-json\/wp\/v2\/posts"}],"about":[{"href":"https:\/\/www2.comunitaria.com.br\/en\/wp-json\/wp\/v2\/types\/post"}],"author":[{"embeddable":true,"href":"https:\/\/www2.comunitaria.com.br\/en\/wp-json\/wp\/v2\/users\/2"}],"replies":[{"embeddable":true,"href":"https:\/\/www2.comunitaria.com.br\/en\/wp-json\/wp\/v2\/comments?post=62027"}],"version-history":[{"count":0,"href":"https:\/\/www2.comunitaria.com.br\/en\/wp-json\/wp\/v2\/posts\/62027\/revisions"}],"wp:featuredmedia":[{"embeddable":true,"href":"https:\/\/www2.comunitaria.com.br\/en\/wp-json\/wp\/v2\/media\/62028"}],"wp:attachment":[{"href":"https:\/\/www2.comunitaria.com.br\/en\/wp-json\/wp\/v2\/media?parent=62027"}],"wp:term":[{"taxonomy":"category","embeddable":true,"href":"https:\/\/www2.comunitaria.com.br\/en\/wp-json\/wp\/v2\/categories?post=62027"},{"taxonomy":"post_tag","embeddable":true,"href":"https:\/\/www2.comunitaria.com.br\/en\/wp-json\/wp\/v2\/tags?post=62027"}],"curies":[{"name":"wp","href":"https:\/\/api.w.org\/{rel}","templated":true}]}}