{"id":61993,"date":"2024-03-25T17:04:13","date_gmt":"2024-03-25T19:04:13","guid":{"rendered":"https:\/\/www2.comunitaria.com.br\/?p=61993"},"modified":"2024-03-25T17:04:13","modified_gmt":"2024-03-25T19:04:13","slug":"projeto-do-rotary-barril-com-presidio-entrega-placas-terminas-para-assistencia-social-de-fw","status":"publish","type":"post","link":"https:\/\/www2.comunitaria.com.br\/en\/projeto-do-rotary-barril-com-presidio-entrega-placas-terminas-para-assistencia-social-de-fw\/","title":{"rendered":"Projeto do Rotary Barril com Pres\u00eddio entrega placas terminas para assist\u00eancia social de FW"},"content":{"rendered":"<p style=\"text-align: justify;\">O projeto Frederico sem Frestas que iniciou os trabalhos em janeiro deste ano, de uma &nbsp;parceria formada ainda em 2023, entre o Rotary Barril e o Pres\u00eddio Estadual de Frederico Westphalen, entregou nesta sexta-feira, 22, a primeira remessa de placas t\u00e9rmicas j\u00e1 prontas, para a Secretaria Municipal de Assist\u00eancia Social e Habita\u00e7\u00e3o do munic\u00edpio.<\/p>\n<p style=\"text-align: justify;\">O projeto consiste na reutiliza\u00e7\u00e3o das caixas de leite consumidas na unidade prisional, caixas essas que viravam lixo e hoje s\u00e3o utilizadas para a produ\u00e7\u00e3o das placas t\u00e9rmicas de aproximadamente 1 metro quadrado, a serem instaladas nas resid\u00eancias das fam\u00edlias mais necessitadas cobrindo as frestas e trazendo conforto t\u00e9rmico tanto no inverno como no ver\u00e3o. De acordo com a membro do Rotary e presidente quando se iniciou as tratativas para a implementa\u00e7\u00e3o do projeto, Lilian Niederauer, a ideia do clube \u00e9 formar um ciclo sustent\u00e1vel e &nbsp;que ainda possa beneficiar os apenados e a comunidade que mais precisa no munic\u00edpio.<\/p>\n<p style=\"text-align: justify;\">\u201cVimos que o projeto tinha dado certo em outras cidades e, ent\u00e3o, buscamos implementa-lo aqui, utilizando a m\u00e3o de obra prisional. Ap\u00f3s a aprova\u00e7\u00e3o da Superintend\u00eancia de Servi\u00e7os penitenci\u00e1rios (SUSEPE) adquirimos a m\u00e1quina de costura, as guilhotinas para corte das caixas e as linhas e demais itens necess\u00e1rios para iniciar a confec\u00e7\u00e3o das placas e o lixo, das caixinhas, \u00e9 daqui mesmo\u201d, explicou.<\/p>\n<p style=\"text-align: justify;\">Dentro do presidio, as caixas s\u00e3o lavadas, higienizadas, recortadas e costuradas em formato de placas que posteriormente ser\u00e3o instaladas nas resid\u00eancias, hoje devido a capacidade do local apenas um preso trabalha com a costura. Ganho social O projeto desenvolvido pelo clube est\u00e1 alinhado com as diretrizes da gest\u00e3o do pres\u00eddio de trazer um reparo e um ganho social para a sociedade.<\/p>\n<p style=\"text-align: justify;\">A assistente Social do presidio, Nadia Regina Wacheleski, comenta os benef\u00edcios que o projeto trouxe, principalmente para o apenado que est\u00e1 atuando no projeto, pois devido ao espa\u00e7o da casa prisional apenas um dos detentos est\u00e1 trabalhando na confec\u00e7\u00e3o das placas.<\/p>\n<p style=\"text-align: justify;\">\u2013 Est\u00e1 sendo uma oportunidade de o apenado refazer a sua experiencia de pris\u00e3o, resgatando seu valor como ser humano tendo a oportunidade de realizar o exerc\u00edcio da cidadania devolvendo algo positivo para a comunidade por meio do seu trabalho, notamos uma melhora na autoestima dele, se sentiu valorizado, est\u00e1 conquistando a remiss\u00e3o de pena e, ainda, temos a interface ambiental do projeto e de benef\u00edcio a sociedade como um todo \u2013 comentou a profissional. Quando se fala em remiss\u00e3o da pena, projetos como esse servem, tamb\u00e9m, para que os apenados possam reduzir a sua pena, sendo que, a cada tr\u00eas dias trabalhados \u00e9 descontado um da pena.<\/p>\n<h3 style=\"text-align: justify;\">Interface ambiental<\/h3>\n<p style=\"text-align: justify;\">Em pouco mais de um m\u00eas de projeto foram confeccionadas 200 placas, com 24 caixinhas em cada uma delas, retirando do meio ambiente 4800 caixas de leite. \u2013 Sabemos que h\u00e1 uma dificuldade na reciclagem desse tipo de material pois s\u00e3o seis camadas com pl\u00e1stico, papel, alum\u00ednio e precisaria separar tudo isso para reciclar ent\u00e3o o projeto retira pelo menos um pouco desse lixo dos nossos aterros \u2013 completou Lilian. A estimativa \u00e9 que, sejam consumidas 34 caixas de leite por dia no pres\u00eddio e toda essamat\u00e9ria-prima hoje \u00e9 reaproveitada no projeto.<\/p>\n<h3 style=\"text-align: justify;\">Benef\u00edcio a sociedade<\/h3>\n<p style=\"text-align: justify;\">Agora com um bom n\u00famero de placas prontas e j\u00e1 entregues, ficar\u00e1 a cargo da Secretaria de Assist\u00eancia Social e Habita\u00e7\u00e3o do munic\u00edpio fazer a triagem das fam\u00edlias que necessitam das placas para fazer a veda\u00e7\u00e3o das frestas nas paredes das resid\u00eancias. \u2013 Acredito que teremos um n\u00famero bem significativo de fam\u00edlias que ser\u00e3o atendidas com essa a\u00e7\u00e3o. O nosso primeiro passo agora \u00e9 fazer essa triagem e aos poucos, de acordo, tamb\u00e9m com a produ\u00e7\u00e3o feita no pres\u00eddio atender todos que precisam \u2013 pontuou a secret\u00e1ria Luciane Vendruscolo.<\/p>\n<p style=\"text-align: justify;\">A previs\u00e3o \u00e9 que a instala\u00e7\u00e3o dessa primeira remessa de placas seja conclu\u00edda antes da chegada do frio no estado.<\/p>\n<p>&nbsp;<\/p>\n<p><em>Fonte: Heloise C<span class=\"qu\" tabindex=\"-1\" role=\"gridcell\" translate=\"no\"><span class=\"gD\" data-hovercard-id=\"heloisec.santi@gmail.com\" data-hovercard-owner-id=\"182\">hierentin Santi<\/span> \/Ascom<\/span><\/em><\/p>","protected":false},"excerpt":{"rendered":"<p>O projeto Frederico sem Frestas que iniciou os trabalhos em janeiro deste ano, de uma &nbsp;parceria formada ainda em 2023, entre o Rotary Barril e o Pres\u00eddio Estadual de Frederico&#8230;<\/p>","protected":false},"author":2,"featured_media":61994,"comment_status":"closed","ping_status":"closed","sticky":false,"template":"","format":"standard","meta":{"ngg_post_thumbnail":0,"footnotes":""},"categories":[28,33],"tags":[],"class_list":["post-61993","post","type-post","status-publish","format-standard","has-post-thumbnail","hentry","category-destaque","category-noticias"],"amp_enabled":true,"_links":{"self":[{"href":"https:\/\/www2.comunitaria.com.br\/en\/wp-json\/wp\/v2\/posts\/61993","targetHints":{"allow":["GET"]}}],"collection":[{"href":"https:\/\/www2.comunitaria.com.br\/en\/wp-json\/wp\/v2\/posts"}],"about":[{"href":"https:\/\/www2.comunitaria.com.br\/en\/wp-json\/wp\/v2\/types\/post"}],"author":[{"embeddable":true,"href":"https:\/\/www2.comunitaria.com.br\/en\/wp-json\/wp\/v2\/users\/2"}],"replies":[{"embeddable":true,"href":"https:\/\/www2.comunitaria.com.br\/en\/wp-json\/wp\/v2\/comments?post=61993"}],"version-history":[{"count":0,"href":"https:\/\/www2.comunitaria.com.br\/en\/wp-json\/wp\/v2\/posts\/61993\/revisions"}],"wp:featuredmedia":[{"embeddable":true,"href":"https:\/\/www2.comunitaria.com.br\/en\/wp-json\/wp\/v2\/media\/61994"}],"wp:attachment":[{"href":"https:\/\/www2.comunitaria.com.br\/en\/wp-json\/wp\/v2\/media?parent=61993"}],"wp:term":[{"taxonomy":"category","embeddable":true,"href":"https:\/\/www2.comunitaria.com.br\/en\/wp-json\/wp\/v2\/categories?post=61993"},{"taxonomy":"post_tag","embeddable":true,"href":"https:\/\/www2.comunitaria.com.br\/en\/wp-json\/wp\/v2\/tags?post=61993"}],"curies":[{"name":"wp","href":"https:\/\/api.w.org\/{rel}","templated":true}]}}