{"id":61975,"date":"2024-03-21T17:39:32","date_gmt":"2024-03-21T19:39:32","guid":{"rendered":"https:\/\/www2.comunitaria.com.br\/?p=61975"},"modified":"2024-03-21T17:39:32","modified_gmt":"2024-03-21T19:39:32","slug":"execucao-de-politicas-de-combate-a-fome-marca-um-ano-de-gestao-de-edegar-pretto-na-presidencia-da-conab","status":"publish","type":"post","link":"https:\/\/www2.comunitaria.com.br\/en\/execucao-de-politicas-de-combate-a-fome-marca-um-ano-de-gestao-de-edegar-pretto-na-presidencia-da-conab\/","title":{"rendered":"Execu\u00e7\u00e3o de pol\u00edticas de combate \u00e0 fome marca um ano de gest\u00e3o de Edegar Pretto na presid\u00eancia da Conab"},"content":{"rendered":"<p dir=\"ltr\" style=\"text-align: justify;\">Liderada pelo presidente Edegar Pretto, a atual diretoria-executiva da Companhia Nacional de Abastecimento (Conab) completou um ano de gest\u00e3o nesta quinta-feira, dia 21 de mar\u00e7o. Para marcar a data, foi apresentado um balan\u00e7o das principais a\u00e7\u00f5es realizadas no per\u00edodo, em evento na sede da estatal, em Bras\u00edlia, com a presen\u00e7a do ministro do Desenvolvimento Agr\u00e1rio e Agricultura Familiar (MDA), Paulo Teixeira, da presidenta da Embrapa, Silvia Massruh\u00e1, e dos 27 superintendentes regionais, al\u00e9m de outros convidados. A avalia\u00e7\u00e3o coletiva \u00e9 de que a maior companhia de abastecimento da Am\u00e9rica Latina se fortaleceu e voltou a cumprir o seu papel no governo do presidente Luiz In\u00e1cio Lula da Silva, especialmente no combate \u00e0 fome e no incentivo \u00e0 produ\u00e7\u00e3o de alimentos.<\/p>\n<p dir=\"ltr\" style=\"text-align: justify;\">Em seu discurso, Pretto destacou a valoriza\u00e7\u00e3o dos empregados e os investimentos que foram necess\u00e1rios para reestruturar a Companhia, recuperando o seu protagonismo na execu\u00e7\u00e3o de pol\u00edticas p\u00fablicas fundamentais para o desenvolvimento do campo agr\u00edcola. Entre elas, o Programa de Aquisi\u00e7\u00e3o de Alimentos (PAA), que j\u00e1 comprou 94 mil toneladas de alimentos produzidos por pequenos produtores para doar a fam\u00edlias em situa\u00e7\u00e3o de vulnerabilidade.<\/p>\n<p dir=\"ltr\" style=\"text-align: justify;\">\u201c25% de quem est\u00e1 vendendo para o PAA s\u00e3o comunidades e povos tradicionais, 5% s\u00e3o ind\u00edgenas, 20% assentados da reforma agr\u00e1ria e 50% agricultores familiares. Desse p\u00fablico, 70% est\u00e1 inscrito no Cad\u00danico e 46% recebe Bolsa Fam\u00edlia. O PAA, que garante aos agricultores a venda de seus alimentos e coloca o pobre no or\u00e7amento, voltou a ser o grande instrumento para a erradica\u00e7\u00e3o da fome no Brasil\u201d, declarou.&nbsp;<\/p>\n<p dir=\"ltr\" style=\"text-align: justify;\">No setor de tecnologia da informa\u00e7\u00e3o, o investimento da Conab foi de R$ 20 milh\u00f5es no \u00faltimo ano. O objetivo \u00e9 melhorar o armazenamento de dados agropecu\u00e1rios, que s\u00e3o refer\u00eancia no Brasil e no mundo, inclusive para grandes pot\u00eancias, como a China e os Estados Unidos. A atual gest\u00e3o tamb\u00e9m priorizou a reestrutura\u00e7\u00e3o dos armaz\u00e9ns da estatal, que contar\u00e1 agora com parcerias estrat\u00e9gicas. Pretto anunciou que a Itaipu Binacional disponibilizou R$ 55 milh\u00f5es para a execu\u00e7\u00e3o do projeto de moderniza\u00e7\u00e3o de armaz\u00e9ns no Paran\u00e1 e Mato Grosso do Sul.<\/p>\n<p dir=\"ltr\" style=\"text-align: justify;\">Al\u00e9m de melhor atender \u00e0s demandas do setor agr\u00edcola, a reestrutura\u00e7\u00e3o das unidades armazenadoras permitir\u00e1 que o governo federal potencialize os estoques p\u00fablicos, inclusive de alimentos, garantindo renda aos produtores e contribuindo para estabilizar os pre\u00e7os nos supermercados. \u201cA Conab est\u00e1 preparada para voltar a fazer estoques e controlar os pre\u00e7os para os consumidores. N\u00f3s queremos estocar arroz, trigo, mandioca, garantindo pre\u00e7o m\u00ednimo e compensador para quem planta\u201d, acrescentou.<\/p>\n<p dir=\"ltr\" style=\"text-align: justify;\">Sobre as proje\u00e7\u00f5es futuras, o presidente afirmou que a Companhia, na busca por pr\u00e1ticas mais sustent\u00e1veis, est\u00e1 comprometida em realizar a transi\u00e7\u00e3o para fontes de energia 100% renov\u00e1veis em suas opera\u00e7\u00f5es. Al\u00e9m disso, discute mecanismos para que o governo federal, com o apoio de agentes de sa\u00fade, localize as pessoas em situa\u00e7\u00e3o de fome nos munic\u00edpios.<\/p>\n<p dir=\"ltr\" style=\"text-align: justify;\">\u201cN\u00f3s queremos criar um sistema onde o governo possa saber onde est\u00e3o essas pessoas, que muitas vezes est\u00e3o invis\u00edveis e nem documento t\u00eam. Atrav\u00e9s das cozinhas solid\u00e1rias, que \u00e9 a grande novidade da pol\u00edtica do PAA, n\u00f3s queremos garantir a elas comida boa e saud\u00e1vel da agricultura familiar\u201d, argumentou.<\/p>\n<p dir=\"ltr\" style=\"text-align: justify;\">Para o ministro Paulo Teixeira, o sentimento em rela\u00e7\u00e3o \u00e0 atual gest\u00e3o da Conab \u00e9 de \u201charmonia, compromisso de trabalho e realiza\u00e7\u00e3o\u201d. Ao falar dos desafios do governo, citou a supera\u00e7\u00e3o da pobreza e da mis\u00e9ria no campo e o combate \u00e0 inseguran\u00e7a alimentar. \u201cN\u00f3s estamos com o desafio de alimentar uma na\u00e7\u00e3o. J\u00e1 conseguimos o feito de tirar, em um ano e um m\u00eas, 13 milh\u00f5es de brasileiros do mapa da fome, mas n\u00f3s temos que erradicar a fome, ter fartura de alimentos, fartura de direitos e fartura de horizontes para o povo\u201d, apontou.<\/p>\n<p dir=\"ltr\">&nbsp;<\/p>\n<p dir=\"ltr\"><em>Fonte: Conab<\/em><\/p>","protected":false},"excerpt":{"rendered":"<p>Liderada pelo presidente Edegar Pretto, a atual diretoria-executiva da Companhia Nacional de Abastecimento (Conab) completou um ano de gest\u00e3o nesta quinta-feira, dia 21 de mar\u00e7o. Para marcar a data, foi apresentado um balan\u00e7o das principais a\u00e7\u00f5es realizadas no per\u00edodo, em evento na sede da estatal, em Bras\u00edlia, com a presen\u00e7a do ministro do Desenvolvimento Agr\u00e1rio<\/p>\n<div class=\"read-more-wrapper\"><a class=\"read-more\" href=\"https:\/\/www2.comunitaria.com.br\/en\/execucao-de-politicas-de-combate-a-fome-marca-um-ano-de-gestao-de-edegar-pretto-na-presidencia-da-conab\/\" title=\"Read More\"> <span class=\"button\">Read More<\/span><\/a><\/div>","protected":false},"author":2,"featured_media":61976,"comment_status":"closed","ping_status":"closed","sticky":false,"template":"","format":"standard","meta":{"ngg_post_thumbnail":0,"footnotes":""},"categories":[33],"tags":[],"class_list":["post-61975","post","type-post","status-publish","format-standard","has-post-thumbnail","hentry","category-noticias"],"amp_enabled":true,"_links":{"self":[{"href":"https:\/\/www2.comunitaria.com.br\/en\/wp-json\/wp\/v2\/posts\/61975","targetHints":{"allow":["GET"]}}],"collection":[{"href":"https:\/\/www2.comunitaria.com.br\/en\/wp-json\/wp\/v2\/posts"}],"about":[{"href":"https:\/\/www2.comunitaria.com.br\/en\/wp-json\/wp\/v2\/types\/post"}],"author":[{"embeddable":true,"href":"https:\/\/www2.comunitaria.com.br\/en\/wp-json\/wp\/v2\/users\/2"}],"replies":[{"embeddable":true,"href":"https:\/\/www2.comunitaria.com.br\/en\/wp-json\/wp\/v2\/comments?post=61975"}],"version-history":[{"count":0,"href":"https:\/\/www2.comunitaria.com.br\/en\/wp-json\/wp\/v2\/posts\/61975\/revisions"}],"wp:featuredmedia":[{"embeddable":true,"href":"https:\/\/www2.comunitaria.com.br\/en\/wp-json\/wp\/v2\/media\/61976"}],"wp:attachment":[{"href":"https:\/\/www2.comunitaria.com.br\/en\/wp-json\/wp\/v2\/media?parent=61975"}],"wp:term":[{"taxonomy":"category","embeddable":true,"href":"https:\/\/www2.comunitaria.com.br\/en\/wp-json\/wp\/v2\/categories?post=61975"},{"taxonomy":"post_tag","embeddable":true,"href":"https:\/\/www2.comunitaria.com.br\/en\/wp-json\/wp\/v2\/tags?post=61975"}],"curies":[{"name":"wp","href":"https:\/\/api.w.org\/{rel}","templated":true}]}}