{"id":61962,"date":"2024-03-20T20:04:25","date_gmt":"2024-03-20T22:04:25","guid":{"rendered":"https:\/\/www2.comunitaria.com.br\/?p=61962"},"modified":"2024-03-20T20:04:25","modified_gmt":"2024-03-20T22:04:25","slug":"defesa-civil-municipal-alerta-para-possibilidade-de-tempestade-nas-proximas-horas-na-regiao-de-fw","status":"publish","type":"post","link":"https:\/\/www2.comunitaria.com.br\/en\/defesa-civil-municipal-alerta-para-possibilidade-de-tempestade-nas-proximas-horas-na-regiao-de-fw\/","title":{"rendered":"Defesa Civil municipal alerta para possibilidade de tempestade nas pr\u00f3ximas horas na regi\u00e3o de FW"},"content":{"rendered":"<p style=\"text-align: justify;\">A Defesa Civil de Frederico Westphalen emite alerta para a popula\u00e7\u00e3o do munic\u00edpio em raz\u00e3o da previs\u00e3o de chuvas volumosas e ventos fortes previstos para atingirem a regi\u00e3o nas pr\u00f3ximas horas. O comunicado decorre de aviso do Instituto Nacional de Meteorologia (INMET), publicado nesta quarta-feira (20).<\/p>\n<p>O aviso do INMET prev\u00ea a ocorr\u00eancia de tempestade de grande perigo, com chuvas superiores a 100 mil\u00edmetros e ventos que ultrapassem os 100 km\/h. H\u00e1 risco de queda de granizo, cortes de energia el\u00e9trica, estragos em planta\u00e7\u00f5es, quedas de \u00e1rvores, alagamentos e transtornos no transporte rodovi\u00e1rio.<\/p>\n<p>Da mesma forma, a Defesa Civil do Estado tamb\u00e9m emitiu alerta para eventos clim\u00e1ticos adversos. O alerta vale entre as 16h45min desta quarta-feira (20) e \u00e0s 10 horas de quinta-feira (21).<\/p>\n<p><strong>Caso precise de ajuda, contate os seguintes n\u00fameros:<\/strong><\/p>\n<ul>\n<li style=\"text-align: justify;\">Defesa Civil municipal: (55) 99623-9424 &#8211; Gilberto<\/li>\n<li style=\"text-align: justify;\">Secretaria de Assist\u00eancia Social e Habita\u00e7\u00e3o: (55) 99113-0519 &#8211; Luciane<\/li>\n<li style=\"text-align: justify;\">Secretaria de Obras, Via\u00e7\u00e3o e Servi\u00e7os Urbanos: (55) 99964-3410 &#8211; Paulo<\/li>\n<li style=\"text-align: justify;\">Secretaria da Administra\u00e7\u00e3o (55) 99992-2426 &#8211; Marizete<\/li>\n<li style=\"text-align: justify;\">Distribui\u00e7\u00e3o de lonas: Corpo de Bombeiros de FW<\/li>\n<\/ul>\n<p>&nbsp;<\/p>\n<p><em>Fonte: Ascom\/Prefeitura de FW<\/em><\/p>","protected":false},"excerpt":{"rendered":"<p>A Defesa Civil de Frederico Westphalen emite alerta para a popula\u00e7\u00e3o do munic\u00edpio em raz\u00e3o da previs\u00e3o de chuvas volumosas e ventos fortes previstos para atingirem a regi\u00e3o nas pr\u00f3ximas&#8230;<\/p>","protected":false},"author":2,"featured_media":61963,"comment_status":"closed","ping_status":"closed","sticky":false,"template":"","format":"standard","meta":{"ngg_post_thumbnail":0,"footnotes":""},"categories":[28],"tags":[],"class_list":["post-61962","post","type-post","status-publish","format-standard","has-post-thumbnail","hentry","category-destaque"],"amp_enabled":true,"_links":{"self":[{"href":"https:\/\/www2.comunitaria.com.br\/en\/wp-json\/wp\/v2\/posts\/61962","targetHints":{"allow":["GET"]}}],"collection":[{"href":"https:\/\/www2.comunitaria.com.br\/en\/wp-json\/wp\/v2\/posts"}],"about":[{"href":"https:\/\/www2.comunitaria.com.br\/en\/wp-json\/wp\/v2\/types\/post"}],"author":[{"embeddable":true,"href":"https:\/\/www2.comunitaria.com.br\/en\/wp-json\/wp\/v2\/users\/2"}],"replies":[{"embeddable":true,"href":"https:\/\/www2.comunitaria.com.br\/en\/wp-json\/wp\/v2\/comments?post=61962"}],"version-history":[{"count":0,"href":"https:\/\/www2.comunitaria.com.br\/en\/wp-json\/wp\/v2\/posts\/61962\/revisions"}],"wp:featuredmedia":[{"embeddable":true,"href":"https:\/\/www2.comunitaria.com.br\/en\/wp-json\/wp\/v2\/media\/61963"}],"wp:attachment":[{"href":"https:\/\/www2.comunitaria.com.br\/en\/wp-json\/wp\/v2\/media?parent=61962"}],"wp:term":[{"taxonomy":"category","embeddable":true,"href":"https:\/\/www2.comunitaria.com.br\/en\/wp-json\/wp\/v2\/categories?post=61962"},{"taxonomy":"post_tag","embeddable":true,"href":"https:\/\/www2.comunitaria.com.br\/en\/wp-json\/wp\/v2\/tags?post=61962"}],"curies":[{"name":"wp","href":"https:\/\/api.w.org\/{rel}","templated":true}]}}