{"id":61946,"date":"2024-03-19T18:28:23","date_gmt":"2024-03-19T20:28:23","guid":{"rendered":"https:\/\/www2.comunitaria.com.br\/?p=61946"},"modified":"2024-03-19T18:28:23","modified_gmt":"2024-03-19T20:28:23","slug":"administracao-municipal-de-frederico-westphalen-decreta-situacao-de-emergencia-em-razao-das-fortes-chuvas","status":"publish","type":"post","link":"https:\/\/www2.comunitaria.com.br\/en\/administracao-municipal-de-frederico-westphalen-decreta-situacao-de-emergencia-em-razao-das-fortes-chuvas\/","title":{"rendered":"Administra\u00e7\u00e3o Municipal de Frederico Westphalen decreta situa\u00e7\u00e3o de emerg\u00eancia em raz\u00e3o das fortes chuvas"},"content":{"rendered":"<p>Foi assinado e publicado no come\u00e7o da tarde desta ter\u00e7a-feira (19) o decreto (027\/2024) de situa\u00e7\u00e3o de emerg\u00eancia em Frederico Westphalen, em raz\u00e3o das<a href=\"https:\/\/www.fredericowestphalen-rs.com.br\/noticia\/3109\/administracao-municipal-de-fw-se-reune-para-definir-acoes-emergenciais-em-razao-da-enxurrada\">&nbsp;fortes chuvas que atingiram o munic\u00edpio<\/a>&nbsp;na noite de segunda-feira (18).<\/p>\n<p>O documento tem validade de 180 dias, per\u00edodo no qual a Prefeitura de FW poder\u00e1 executar a\u00e7\u00f5es emergenciais de assist\u00eancia \u00e0 popula\u00e7\u00e3o, entre as quais est\u00e3o a aquisi\u00e7\u00e3o de bens e servi\u00e7os necess\u00e1rios para atender as demandas decorrentes do evento clim\u00e1tico.<\/p>\n<p><strong>Atualiza\u00e7\u00e3o dos danos humanos e materiais<\/strong><br \/>\nDurante a manh\u00e3 desta ter\u00e7a-feira (19),&nbsp;equipes das secretarias e da Defesa Civil fizeram vistorias na \u00e1rea urbana e rural&nbsp;do munic\u00edpio, levantando informa\u00e7\u00f5es sobre os preju\u00edzos decorrentes da enxurrada.&nbsp;<\/p>\n<p>At\u00e9 o momento, 76 pessoas seguem desalojadas, abrigadas em resid\u00eancias de amigos e familiares. Conforme a Secretaria da Assist\u00eancia Social e Habita\u00e7\u00e3o, o n\u00famero de pessoas desabrigadas vem reduzindo e, at\u00e9 a atualiza\u00e7\u00e3o mais recente, cerca de 10 moradores estavam em locais provis\u00f3rios, como casas alugadas e hot\u00e9is.<\/p>\n<p>No entanto, as equipes da secretaria seguem realizando visitas \u00e0s resid\u00eancias situadas nas \u00e1reas mais afetadas pelas fortes chuvas e novas atualiza\u00e7\u00f5es sobre o n\u00famero de pessoas atingidas podem ser divulgadas nas pr\u00f3ximas horas.<br \/>\nTamb\u00e9m durante a manh\u00e3 de ter\u00e7a-feira (19), a Secretaria de Coordena\u00e7\u00e3o e Planejamento fez um mapeamento dos locais atingidos com mais intensidade pela enxurrada na \u00e1rea urbana: Sete localidades foram as mais afetadas:<\/p>\n<ul>\n<li>Bairro Jardim Primavera<\/li>\n<li>Bairro Aparecida (rua Ca\u00ed)<\/li>\n<li>Bairro Ipiranga (proximidades do entroncamento com a BR-386\/158)<\/li>\n<li>Bairro Barril (duas localidades \u00e0s margens da rua Santo Cerutti)<\/li>\n<li>Bairro Santo Ant\u00f4nio (proximidades do frigor\u00edfico)<\/li>\n<li>Bairro F\u00e1tima (tr\u00eas localidades nas proximidades do aeroporto)<\/li>\n<li>Centro (rua Campos El\u00edseos)<br \/>\n&nbsp;<\/li>\n<\/ul>\n<p>De posse dessas informa\u00e7\u00f5es, a Administra\u00e7\u00e3o Municipal agora trabalha no levantamento das principais demandas da popula\u00e7\u00e3o afetada nessas localidades. O objetivo \u00e9 concentrar esfor\u00e7os para amparar os moradores mais prejudicados pela enxurrada.<\/p>\n<p><strong>Informa\u00e7\u00f5es sobre doa\u00e7\u00f5es<\/strong><br \/>\nA Secretaria de Assist\u00eancia Social e Habita\u00e7\u00e3o segue com a campanha para arrecada\u00e7\u00e3o de itens para doa\u00e7\u00e3o aos moradores mais afetados. Os itens priorit\u00e1rios s\u00e3o colch\u00f5es, cobertores e m\u00f3veis, mas outros donativos podem ser entregues tamb\u00e9m.<\/p>\n<p>O ponto de refer\u00eancia para entrega de doa\u00e7\u00f5es \u00e9 o Centro de Eventos do Parque Monsenhor Vitor Batistella. Pessoas que n\u00e3o podem fazer a entrega dos donativos direto no local podem contatar a secretaria pelo (55) 9 9993-6996 ou 3744-6943, que as equipes fazem a coleta dos materiais.<\/p>\n<p>&nbsp;<\/p>\n<p><em>Fonte: Ascom\/Prefeitura de FW<\/em><\/p>","protected":false},"excerpt":{"rendered":"<p>Foi assinado e publicado no come\u00e7o da tarde desta ter\u00e7a-feira (19) o decreto (027\/2024) de situa\u00e7\u00e3o de emerg\u00eancia em Frederico Westphalen, em raz\u00e3o das&nbsp;fortes chuvas que atingiram o munic\u00edpio&nbsp;na noite&#8230;<\/p>","protected":false},"author":2,"featured_media":61947,"comment_status":"closed","ping_status":"closed","sticky":false,"template":"","format":"standard","meta":{"ngg_post_thumbnail":0,"footnotes":""},"categories":[28],"tags":[],"class_list":["post-61946","post","type-post","status-publish","format-standard","has-post-thumbnail","hentry","category-destaque"],"amp_enabled":true,"_links":{"self":[{"href":"https:\/\/www2.comunitaria.com.br\/en\/wp-json\/wp\/v2\/posts\/61946","targetHints":{"allow":["GET"]}}],"collection":[{"href":"https:\/\/www2.comunitaria.com.br\/en\/wp-json\/wp\/v2\/posts"}],"about":[{"href":"https:\/\/www2.comunitaria.com.br\/en\/wp-json\/wp\/v2\/types\/post"}],"author":[{"embeddable":true,"href":"https:\/\/www2.comunitaria.com.br\/en\/wp-json\/wp\/v2\/users\/2"}],"replies":[{"embeddable":true,"href":"https:\/\/www2.comunitaria.com.br\/en\/wp-json\/wp\/v2\/comments?post=61946"}],"version-history":[{"count":0,"href":"https:\/\/www2.comunitaria.com.br\/en\/wp-json\/wp\/v2\/posts\/61946\/revisions"}],"wp:featuredmedia":[{"embeddable":true,"href":"https:\/\/www2.comunitaria.com.br\/en\/wp-json\/wp\/v2\/media\/61947"}],"wp:attachment":[{"href":"https:\/\/www2.comunitaria.com.br\/en\/wp-json\/wp\/v2\/media?parent=61946"}],"wp:term":[{"taxonomy":"category","embeddable":true,"href":"https:\/\/www2.comunitaria.com.br\/en\/wp-json\/wp\/v2\/categories?post=61946"},{"taxonomy":"post_tag","embeddable":true,"href":"https:\/\/www2.comunitaria.com.br\/en\/wp-json\/wp\/v2\/tags?post=61946"}],"curies":[{"name":"wp","href":"https:\/\/api.w.org\/{rel}","templated":true}]}}