{"id":6193,"date":"2015-08-09T18:37:55","date_gmt":"2015-08-09T20:37:55","guid":{"rendered":"http:\/\/www2.comunitaria.com.br\/?p=6193"},"modified":"2015-08-10T10:49:01","modified_gmt":"2015-08-10T12:49:01","slug":"apesar-de-ganhar-de-1x0-uniao-nao-se-classifica-para-proxima-fase-da-copa-luiz-fernando-costa","status":"publish","type":"post","link":"https:\/\/www2.comunitaria.com.br\/en\/apesar-de-ganhar-de-1x0-uniao-nao-se-classifica-para-proxima-fase-da-copa-luiz-fernando-costa\/","title":{"rendered":"Apesar de ganhar de 1&#215;0 Uni\u00e3o n\u00e3o se classifica para pr\u00f3xima fase da Copa Luiz Fernando Costa"},"content":{"rendered":"<p style=\"text-align: justify;\">Decidindo em casa a perman\u00eancia na Copa Luiz Fernando Costa, o Uni\u00e3o Frederiquense enfrentou o S\u00e3o Jos\u00e9 na tarde deste domingo, 9, e apesar de ganhar de 1&#215;0 n\u00e3o foi o suficiente para\u00a0conquistar a classifica\u00e7\u00e3o.<\/p>\n<p style=\"text-align: justify;\">O \u00fanico\u00a0gol do jogo foi do jogador Marcio Reis atrav\u00e9s de uma cobran\u00e7a de penalti, ainda no primeiro tempo:<\/p>\n<audio class=\"wp-audio-shortcode\" id=\"audio-6193-1\" preload=\"none\" style=\"width: 100%;\" controls=\"controls\"><source type=\"audio\/mpeg\" src=\"http:\/\/www2.comunitaria.com.br\/wp-content\/uploads\/2015\/08\/gol-marcio-reis.mp3?_=1\" \/><a href=\"http:\/\/www2.comunitaria.com.br\/wp-content\/uploads\/2015\/08\/gol-marcio-reis.mp3\">http:\/\/www2.comunitaria.com.br\/wp-content\/uploads\/2015\/08\/gol-marcio-reis.mp3<\/a><\/audio>\n<p>O jogo de ida aconteceu na \u00faltima quarta-feira, 5, no est\u00e1dio do S\u00e3o Jos\u00e9 e o Uni\u00e3o perdeu de 2&#215;0. Esse resultado negativo exigia que o Uni\u00e3o fizesse no m\u00ednimo 2 gols em casa para levar a partida para as penalidades.<\/p>\n<p>Vin\u00edcius Girardi, presidente do clube, comenta sobre o desempenho dos dois \u00faltimos jogos do Uni\u00e3o:<\/p>\n<audio class=\"wp-audio-shortcode\" id=\"audio-6193-2\" preload=\"none\" style=\"width: 100%;\" controls=\"controls\"><source type=\"audio\/mpeg\" src=\"http:\/\/www2.comunitaria.com.br\/wp-content\/uploads\/2015\/08\/Vinicius-Girardi.mp3?_=2\" \/><a href=\"http:\/\/www2.comunitaria.com.br\/wp-content\/uploads\/2015\/08\/Vinicius-Girardi.mp3\">http:\/\/www2.comunitaria.com.br\/wp-content\/uploads\/2015\/08\/Vinicius-Girardi.mp3<\/a><\/audio>\n<p>Confira na \u00edntegra a coletiva de imprensa realizada com o t\u00e9cnico do Uni\u00e3o, Marcelo Caranhato:<\/p>\n<audio class=\"wp-audio-shortcode\" id=\"audio-6193-3\" preload=\"none\" style=\"width: 100%;\" controls=\"controls\"><source type=\"audio\/mpeg\" src=\"http:\/\/www2.comunitaria.com.br\/wp-content\/uploads\/2015\/08\/caranhato.mp3?_=3\" \/><a href=\"http:\/\/www2.comunitaria.com.br\/wp-content\/uploads\/2015\/08\/caranhato.mp3\">http:\/\/www2.comunitaria.com.br\/wp-content\/uploads\/2015\/08\/caranhato.mp3<\/a><\/audio>\n<p>Uni\u00e3o Frederiquense (1): Lucio, Thomas, Jo\u00e3o Carlos, Raul e Gil; Jovany, Marcio Reis, Willian Bones e Rodrigo (Thalheimer); Mateus Cangu\u00e7\u00fa (Cristiano) e Mattana (Nilton J\u00fanior). T\u00e9cnico: Marcelo Caranhato.<\/p>\n<p>S\u00e3o Jos\u00e9 (0): Fabio, Spessato, Wagner, Luis Gustavo e David; Fred, Beto, William Prusch (Samuel) e Clayton (Yan); Heliardo (Athan) e Castilho (Berg). T\u00e9cnico: Thiago Gomes.<\/p>\n<p>Arbitragem: Evander Bica, auxiliado por Edson Alves da Silva e Rui Renato Garcia Vergara J\u00fanior.<\/p>\n<p>Gols: Marcio Reis (pen-U).<\/p>\n<p>Cart\u00f5es amarelos: Jovany, Rodrigo e Raul (U); Castilho, Clayton, Spessato, David e WilliamPrusch (SJ)<\/p>\n<p>Cart\u00f5es vermelhos: David (SJ).<\/p>\n<p>Local: Vermelh\u00e3o da Colina (Frederico Westphalen-RS).<\/p>\n<p style=\"text-align: justify;\">O time do Uni\u00e3o ainda pode retornar para a Copa Luiz Fernando Costa se ficar com a melhor campanha entre os times eliminados.<\/p>\n<p style=\"text-align: justify;\">O Uni\u00e3o Frederiquense entra em campo novamente no pr\u00f3ximo domingo, 16, pela Copa Valmir Louruz, onde enfrenta o Palmeirense, \u00e0s 15h no Vermelh\u00e3o da Colina.<\/p>\n\n\t\t<style>\n\t\t\t#gallery-1 {\n\t\t\t\tmargin: auto;\n\t\t\t}\n\t\t\t#gallery-1 .gallery-item {\n\t\t\t\tfloat: left;\n\t\t\t\tmargin-top: 10px;\n\t\t\t\ttext-align: center;\n\t\t\t\twidth: 33%;\n\t\t\t}\n\t\t\t#gallery-1 img {\n\t\t\t\tborder: 2px solid #cfcfcf;\n\t\t\t}\n\t\t\t#gallery-1 .gallery-caption {\n\t\t\t\tmargin-left: 0;\n\t\t\t}\n\t\t\t\/* see gallery_shortcode() in wp-includes\/media.php *\/\n\t\t<\/style>\n\t\t<div id='gallery-1' class='gallery galleryid-6193 gallery-columns-3 gallery-size-thumbnail'><dl class='gallery-item'>\n\t\t\t<dt class='gallery-icon landscape'>\n\t\t\t\t<a href='https:\/\/www2.comunitaria.com.br\/en\/apesar-de-ganhar-de-1x0-uniao-nao-se-classifica-para-proxima-fase-da-copa-luiz-fernando-costa\/dsc_0128-3\/'><img loading=\"lazy\" decoding=\"async\" width=\"150\" height=\"150\" src=\"https:\/\/www2.comunitaria.com.br\/wp-content\/uploads\/2015\/08\/DSC_0128-150x150.jpg\" class=\"attachment-thumbnail size-thumbnail\" alt=\"\" aria-describedby=\"gallery-1-6195\" srcset=\"https:\/\/www2.comunitaria.com.br\/wp-content\/uploads\/2015\/08\/DSC_0128-150x150.jpg 150w, https:\/\/www2.comunitaria.com.br\/wp-content\/uploads\/2015\/08\/DSC_0128-65x65.jpg 65w\" sizes=\"auto, (max-width: 150px) 100vw, 150px\" \/><\/a>\n\t\t\t<\/dt>\n\t\t\t\t<dd class='wp-caption-text gallery-caption' id='gallery-1-6195'>\n\t\t\t\tFoto: Sabrina Ritter\n\t\t\t\t<\/dd><\/dl><dl class='gallery-item'>\n\t\t\t<dt class='gallery-icon landscape'>\n\t\t\t\t<a href='https:\/\/www2.comunitaria.com.br\/en\/apesar-de-ganhar-de-1x0-uniao-nao-se-classifica-para-proxima-fase-da-copa-luiz-fernando-costa\/dsc_0133-2\/'><img loading=\"lazy\" decoding=\"async\" width=\"150\" height=\"150\" src=\"https:\/\/www2.comunitaria.com.br\/wp-content\/uploads\/2015\/08\/DSC_0133-150x150.jpg\" class=\"attachment-thumbnail size-thumbnail\" alt=\"\" aria-describedby=\"gallery-1-6196\" srcset=\"https:\/\/www2.comunitaria.com.br\/wp-content\/uploads\/2015\/08\/DSC_0133-150x150.jpg 150w, https:\/\/www2.comunitaria.com.br\/wp-content\/uploads\/2015\/08\/DSC_0133-65x65.jpg 65w\" sizes=\"auto, (max-width: 150px) 100vw, 150px\" \/><\/a>\n\t\t\t<\/dt>\n\t\t\t\t<dd class='wp-caption-text gallery-caption' id='gallery-1-6196'>\n\t\t\t\tFoto: Sabrina Ritter\n\t\t\t\t<\/dd><\/dl><dl class='gallery-item'>\n\t\t\t<dt class='gallery-icon landscape'>\n\t\t\t\t<a href='https:\/\/www2.comunitaria.com.br\/en\/apesar-de-ganhar-de-1x0-uniao-nao-se-classifica-para-proxima-fase-da-copa-luiz-fernando-costa\/dsc_0164-2\/'><img loading=\"lazy\" decoding=\"async\" width=\"150\" height=\"150\" src=\"https:\/\/www2.comunitaria.com.br\/wp-content\/uploads\/2015\/08\/DSC_0164-150x150.jpg\" class=\"attachment-thumbnail size-thumbnail\" alt=\"\" aria-describedby=\"gallery-1-6197\" srcset=\"https:\/\/www2.comunitaria.com.br\/wp-content\/uploads\/2015\/08\/DSC_0164-150x150.jpg 150w, https:\/\/www2.comunitaria.com.br\/wp-content\/uploads\/2015\/08\/DSC_0164-65x65.jpg 65w\" sizes=\"auto, (max-width: 150px) 100vw, 150px\" \/><\/a>\n\t\t\t<\/dt>\n\t\t\t\t<dd class='wp-caption-text gallery-caption' id='gallery-1-6197'>\n\t\t\t\tFoto: Sabrina Ritter\n\t\t\t\t<\/dd><\/dl><br style=\"clear: both\" \/><dl class='gallery-item'>\n\t\t\t<dt class='gallery-icon landscape'>\n\t\t\t\t<a href='https:\/\/www2.comunitaria.com.br\/en\/apesar-de-ganhar-de-1x0-uniao-nao-se-classifica-para-proxima-fase-da-copa-luiz-fernando-costa\/dsc_0183-5\/'><img loading=\"lazy\" decoding=\"async\" width=\"150\" height=\"150\" src=\"https:\/\/www2.comunitaria.com.br\/wp-content\/uploads\/2015\/08\/DSC_01831-150x150.jpg\" class=\"attachment-thumbnail size-thumbnail\" alt=\"\" aria-describedby=\"gallery-1-6198\" srcset=\"https:\/\/www2.comunitaria.com.br\/wp-content\/uploads\/2015\/08\/DSC_01831-150x150.jpg 150w, https:\/\/www2.comunitaria.com.br\/wp-content\/uploads\/2015\/08\/DSC_01831-65x65.jpg 65w\" sizes=\"auto, (max-width: 150px) 100vw, 150px\" \/><\/a>\n\t\t\t<\/dt>\n\t\t\t\t<dd class='wp-caption-text gallery-caption' id='gallery-1-6198'>\n\t\t\t\tFoto: Sabrina Ritter\n\t\t\t\t<\/dd><\/dl><dl class='gallery-item'>\n\t\t\t<dt class='gallery-icon landscape'>\n\t\t\t\t<a href='https:\/\/www2.comunitaria.com.br\/en\/apesar-de-ganhar-de-1x0-uniao-nao-se-classifica-para-proxima-fase-da-copa-luiz-fernando-costa\/dsc_0184\/'><img loading=\"lazy\" decoding=\"async\" width=\"150\" height=\"150\" src=\"https:\/\/www2.comunitaria.com.br\/wp-content\/uploads\/2015\/08\/DSC_0184-150x150.jpg\" class=\"attachment-thumbnail size-thumbnail\" alt=\"\" aria-describedby=\"gallery-1-6199\" srcset=\"https:\/\/www2.comunitaria.com.br\/wp-content\/uploads\/2015\/08\/DSC_0184-150x150.jpg 150w, https:\/\/www2.comunitaria.com.br\/wp-content\/uploads\/2015\/08\/DSC_0184-65x65.jpg 65w\" sizes=\"auto, (max-width: 150px) 100vw, 150px\" \/><\/a>\n\t\t\t<\/dt>\n\t\t\t\t<dd class='wp-caption-text gallery-caption' id='gallery-1-6199'>\n\t\t\t\tFoto: Sabrina Ritter\n\t\t\t\t<\/dd><\/dl><dl class='gallery-item'>\n\t\t\t<dt class='gallery-icon landscape'>\n\t\t\t\t<a href='https:\/\/www2.comunitaria.com.br\/en\/apesar-de-ganhar-de-1x0-uniao-nao-se-classifica-para-proxima-fase-da-copa-luiz-fernando-costa\/dsc_0239-2\/'><img loading=\"lazy\" decoding=\"async\" width=\"150\" height=\"150\" src=\"https:\/\/www2.comunitaria.com.br\/wp-content\/uploads\/2015\/08\/DSC_0239-150x150.jpg\" class=\"attachment-thumbnail size-thumbnail\" alt=\"\" aria-describedby=\"gallery-1-6200\" srcset=\"https:\/\/www2.comunitaria.com.br\/wp-content\/uploads\/2015\/08\/DSC_0239-150x150.jpg 150w, https:\/\/www2.comunitaria.com.br\/wp-content\/uploads\/2015\/08\/DSC_0239-65x65.jpg 65w\" sizes=\"auto, (max-width: 150px) 100vw, 150px\" \/><\/a>\n\t\t\t<\/dt>\n\t\t\t\t<dd class='wp-caption-text gallery-caption' id='gallery-1-6200'>\n\t\t\t\tFoto: Sabrina Ritter\n\t\t\t\t<\/dd><\/dl><br style=\"clear: both\" \/><dl class='gallery-item'>\n\t\t\t<dt class='gallery-icon landscape'>\n\t\t\t\t<a href='https:\/\/www2.comunitaria.com.br\/en\/apesar-de-ganhar-de-1x0-uniao-nao-se-classifica-para-proxima-fase-da-copa-luiz-fernando-costa\/dsc_0240-2\/'><img loading=\"lazy\" decoding=\"async\" width=\"150\" height=\"150\" src=\"https:\/\/www2.comunitaria.com.br\/wp-content\/uploads\/2015\/08\/DSC_0240-150x150.jpg\" class=\"attachment-thumbnail size-thumbnail\" alt=\"\" aria-describedby=\"gallery-1-6201\" srcset=\"https:\/\/www2.comunitaria.com.br\/wp-content\/uploads\/2015\/08\/DSC_0240-150x150.jpg 150w, https:\/\/www2.comunitaria.com.br\/wp-content\/uploads\/2015\/08\/DSC_0240-65x65.jpg 65w\" sizes=\"auto, (max-width: 150px) 100vw, 150px\" \/><\/a>\n\t\t\t<\/dt>\n\t\t\t\t<dd class='wp-caption-text gallery-caption' id='gallery-1-6201'>\n\t\t\t\tFoto: Sabrina Ritter\n\t\t\t\t<\/dd><\/dl><dl class='gallery-item'>\n\t\t\t<dt class='gallery-icon landscape'>\n\t\t\t\t<a href='https:\/\/www2.comunitaria.com.br\/en\/apesar-de-ganhar-de-1x0-uniao-nao-se-classifica-para-proxima-fase-da-copa-luiz-fernando-costa\/dsc_0284-3\/'><img loading=\"lazy\" decoding=\"async\" width=\"150\" height=\"150\" src=\"https:\/\/www2.comunitaria.com.br\/wp-content\/uploads\/2015\/08\/DSC_0284-150x150.jpg\" class=\"attachment-thumbnail size-thumbnail\" alt=\"\" aria-describedby=\"gallery-1-6202\" srcset=\"https:\/\/www2.comunitaria.com.br\/wp-content\/uploads\/2015\/08\/DSC_0284-150x150.jpg 150w, https:\/\/www2.comunitaria.com.br\/wp-content\/uploads\/2015\/08\/DSC_0284-65x65.jpg 65w\" sizes=\"auto, (max-width: 150px) 100vw, 150px\" \/><\/a>\n\t\t\t<\/dt>\n\t\t\t\t<dd class='wp-caption-text gallery-caption' id='gallery-1-6202'>\n\t\t\t\tFoto: Sabrina Ritter\n\t\t\t\t<\/dd><\/dl><dl class='gallery-item'>\n\t\t\t<dt class='gallery-icon landscape'>\n\t\t\t\t<a href='https:\/\/www2.comunitaria.com.br\/en\/apesar-de-ganhar-de-1x0-uniao-nao-se-classifica-para-proxima-fase-da-copa-luiz-fernando-costa\/dsc_0314\/'><img loading=\"lazy\" decoding=\"async\" width=\"150\" height=\"150\" src=\"https:\/\/www2.comunitaria.com.br\/wp-content\/uploads\/2015\/08\/DSC_0314-150x150.jpg\" class=\"attachment-thumbnail size-thumbnail\" alt=\"\" aria-describedby=\"gallery-1-6203\" srcset=\"https:\/\/www2.comunitaria.com.br\/wp-content\/uploads\/2015\/08\/DSC_0314-150x150.jpg 150w, https:\/\/www2.comunitaria.com.br\/wp-content\/uploads\/2015\/08\/DSC_0314-65x65.jpg 65w\" sizes=\"auto, (max-width: 150px) 100vw, 150px\" \/><\/a>\n\t\t\t<\/dt>\n\t\t\t\t<dd class='wp-caption-text gallery-caption' id='gallery-1-6203'>\n\t\t\t\tFoto: Sabrina Ritter\n\t\t\t\t<\/dd><\/dl><br style=\"clear: both\" \/><dl class='gallery-item'>\n\t\t\t<dt class='gallery-icon landscape'>\n\t\t\t\t<a href='https:\/\/www2.comunitaria.com.br\/en\/apesar-de-ganhar-de-1x0-uniao-nao-se-classifica-para-proxima-fase-da-copa-luiz-fernando-costa\/dsc_0333-2\/'><img loading=\"lazy\" decoding=\"async\" width=\"150\" height=\"150\" src=\"https:\/\/www2.comunitaria.com.br\/wp-content\/uploads\/2015\/08\/DSC_0333-150x150.jpg\" class=\"attachment-thumbnail size-thumbnail\" alt=\"\" aria-describedby=\"gallery-1-6204\" srcset=\"https:\/\/www2.comunitaria.com.br\/wp-content\/uploads\/2015\/08\/DSC_0333-150x150.jpg 150w, https:\/\/www2.comunitaria.com.br\/wp-content\/uploads\/2015\/08\/DSC_0333-65x65.jpg 65w\" sizes=\"auto, (max-width: 150px) 100vw, 150px\" \/><\/a>\n\t\t\t<\/dt>\n\t\t\t\t<dd class='wp-caption-text gallery-caption' id='gallery-1-6204'>\n\t\t\t\tFoto: Sabrina Ritter\n\t\t\t\t<\/dd><\/dl>\n\t\t\t<br style='clear: both' \/>\n\t\t<\/div>","protected":false},"excerpt":{"rendered":"<p>Decidindo em casa a perman\u00eancia na Copa Luiz Fernando Costa, o Uni\u00e3o Frederiquense enfrentou o S\u00e3o Jos\u00e9 na tarde deste domingo, 9, e apesar de ganhar de 1&#215;0 n\u00e3o foi&#8230;<\/p>","protected":false},"author":2,"featured_media":6194,"comment_status":"open","ping_status":"closed","sticky":false,"template":"","format":"standard","meta":{"ngg_post_thumbnail":0,"footnotes":""},"categories":[34,28,48],"tags":[465,171,703],"class_list":["post-6193","post","type-post","status-publish","format-standard","has-post-thumbnail","hentry","category-esportes","category-destaque","category-uniao-frederiquense","tag-esporte","tag-uniao","tag-uniao-x-sao-jose"],"amp_enabled":true,"_links":{"self":[{"href":"https:\/\/www2.comunitaria.com.br\/en\/wp-json\/wp\/v2\/posts\/6193","targetHints":{"allow":["GET"]}}],"collection":[{"href":"https:\/\/www2.comunitaria.com.br\/en\/wp-json\/wp\/v2\/posts"}],"about":[{"href":"https:\/\/www2.comunitaria.com.br\/en\/wp-json\/wp\/v2\/types\/post"}],"author":[{"embeddable":true,"href":"https:\/\/www2.comunitaria.com.br\/en\/wp-json\/wp\/v2\/users\/2"}],"replies":[{"embeddable":true,"href":"https:\/\/www2.comunitaria.com.br\/en\/wp-json\/wp\/v2\/comments?post=6193"}],"version-history":[{"count":0,"href":"https:\/\/www2.comunitaria.com.br\/en\/wp-json\/wp\/v2\/posts\/6193\/revisions"}],"wp:featuredmedia":[{"embeddable":true,"href":"https:\/\/www2.comunitaria.com.br\/en\/wp-json\/wp\/v2\/media\/6194"}],"wp:attachment":[{"href":"https:\/\/www2.comunitaria.com.br\/en\/wp-json\/wp\/v2\/media?parent=6193"}],"wp:term":[{"taxonomy":"category","embeddable":true,"href":"https:\/\/www2.comunitaria.com.br\/en\/wp-json\/wp\/v2\/categories?post=6193"},{"taxonomy":"post_tag","embeddable":true,"href":"https:\/\/www2.comunitaria.com.br\/en\/wp-json\/wp\/v2\/tags?post=6193"}],"curies":[{"name":"wp","href":"https:\/\/api.w.org\/{rel}","templated":true}]}}