{"id":61866,"date":"2024-03-12T13:53:12","date_gmt":"2024-03-12T15:53:12","guid":{"rendered":"https:\/\/www2.comunitaria.com.br\/?p=61866"},"modified":"2024-03-12T13:53:12","modified_gmt":"2024-03-12T15:53:12","slug":"camara-aprova-contratacao-de-mais-cinco-profissionais-para-atuar-no-combate-a-dengue-em-fw","status":"publish","type":"post","link":"https:\/\/www2.comunitaria.com.br\/en\/camara-aprova-contratacao-de-mais-cinco-profissionais-para-atuar-no-combate-a-dengue-em-fw\/","title":{"rendered":"C\u00e2mara aprova contrata\u00e7\u00e3o de mais cinco profissionais para atuar no combate \u00e0 dengue em FW"},"content":{"rendered":"<p style=\"text-align: justify;\">Em regime de urg\u00eancia, os vereadores da 17\u00aa Legislatura aprovaram na sexta-feira, 8, o Projeto de Lei N\u00b0 018\/2024, que autoriza o Executivo Municipal a realizar a contrata\u00e7\u00e3o, em car\u00e1ter tempor\u00e1rio e emergencial, de mais cinco agentes de combate a endemias.<\/p>\n<p style=\"text-align: justify;\">De acordo consta na proposi\u00e7\u00e3o de lei, a justificativa para a contrata\u00e7\u00e3o \u00e9 em raz\u00e3o do aumento significativo de casos de dengue no munic\u00edpio, que at\u00e9 nesta segunda-feira, 11, totalizava 497, al\u00e9m de dois \u00f3bitos, conforme o Painel de Casos de Dengue do RS.<\/p>\n<p style=\"text-align: justify;\">Apesar da contrata\u00e7\u00e3o de mais profissionais para a Secretaria Municipal de Sa\u00fade, que j\u00e1 est\u00e1 atuando com v\u00e1rias a\u00e7\u00f5es de preven\u00e7\u00e3o, combate aos focos do Aedes aegypti e fiscaliza\u00e7\u00e3o, \u00e9 essencial tamb\u00e9m a continuidade do apoio da popula\u00e7\u00e3o nessa causa. Evite \u00e1gua parada em pneus, latas e garrafas vazias, potes e vasos; realize a limpeza regular da caixa d\u2019\u00e1gua e a mantenha sempre fechada; verifique as calhas, retirando por exemplo folhas, galhos e tudo que possa impedir a \u00e1gua de correr por elas; coloque o lixo em sacos pl\u00e1sticos e mantenha a lixeira fechada; elimine entulhos do seu quintal; troque a \u00e1gua do seu pet diariamente; dentre outras a\u00e7\u00f5es.<\/p>\n<p style=\"text-align: justify;\">A comunidade tamb\u00e9m pode ajudar na fiscaliza\u00e7\u00e3o de focos do mosquito fazendo a den\u00fancia pelo n\u00famero (55) 9.9727-3218.<\/p>\n<h3 style=\"text-align: justify;\">O que fazer em casos de sintomas da dengue?<\/h3>\n<p style=\"text-align: justify;\">Em caso de sintomas, a popula\u00e7\u00e3o deve procurar um servi\u00e7o de sa\u00fade, ingerir muita \u00e1gua e evitar uso de medicamentos por conta pr\u00f3pria. O servi\u00e7o m\u00e9dico fornecer\u00e1 as orienta\u00e7\u00f5es necess\u00e1rias para cada caso. Durante o dia, procure a Unidade B\u00e1sica de Sa\u00fade do seu bairro e das 17 horas \u00e0s 21 horas v\u00e1 at\u00e9 o Ambulat\u00f3rio da Dengue, junto ao Posto de Sa\u00fade Central.<\/p>\n<p style=\"text-align: justify;\">Os sintomas da dengue s\u00e3o febre alta (39\u00b0C a 40\u00b0C) com dura\u00e7\u00e3o de dois a sete dias, dor atr\u00e1s dos olhos, dor de cabe\u00e7a, dor no corpo, dor nas articula\u00e7\u00f5es, mal-estar geral, n\u00e1usea, v\u00f4mito, diarreia, manchas vermelhas na pele com ou sem coceira. Os sinais podem agravar, ocasionando o extravasamento de plasma e\/ou hemorragias que podem levar a pessoa ao choque grave e morte.<\/p>\n<p>&nbsp;<\/p>\n<p><em>Fonte: Ascom\/C\u00e2mara de Vereadores de FW<\/em><\/p>","protected":false},"excerpt":{"rendered":"<p>Em regime de urg\u00eancia, os vereadores da 17\u00aa Legislatura aprovaram na sexta-feira, 8, o Projeto de Lei N\u00b0 018\/2024, que autoriza o Executivo Municipal a realizar a contrata\u00e7\u00e3o, em car\u00e1ter&#8230;<\/p>","protected":false},"author":2,"featured_media":61867,"comment_status":"closed","ping_status":"closed","sticky":false,"template":"","format":"standard","meta":{"ngg_post_thumbnail":0,"footnotes":""},"categories":[28,33],"tags":[],"class_list":["post-61866","post","type-post","status-publish","format-standard","has-post-thumbnail","hentry","category-destaque","category-noticias"],"amp_enabled":true,"_links":{"self":[{"href":"https:\/\/www2.comunitaria.com.br\/en\/wp-json\/wp\/v2\/posts\/61866","targetHints":{"allow":["GET"]}}],"collection":[{"href":"https:\/\/www2.comunitaria.com.br\/en\/wp-json\/wp\/v2\/posts"}],"about":[{"href":"https:\/\/www2.comunitaria.com.br\/en\/wp-json\/wp\/v2\/types\/post"}],"author":[{"embeddable":true,"href":"https:\/\/www2.comunitaria.com.br\/en\/wp-json\/wp\/v2\/users\/2"}],"replies":[{"embeddable":true,"href":"https:\/\/www2.comunitaria.com.br\/en\/wp-json\/wp\/v2\/comments?post=61866"}],"version-history":[{"count":0,"href":"https:\/\/www2.comunitaria.com.br\/en\/wp-json\/wp\/v2\/posts\/61866\/revisions"}],"wp:featuredmedia":[{"embeddable":true,"href":"https:\/\/www2.comunitaria.com.br\/en\/wp-json\/wp\/v2\/media\/61867"}],"wp:attachment":[{"href":"https:\/\/www2.comunitaria.com.br\/en\/wp-json\/wp\/v2\/media?parent=61866"}],"wp:term":[{"taxonomy":"category","embeddable":true,"href":"https:\/\/www2.comunitaria.com.br\/en\/wp-json\/wp\/v2\/categories?post=61866"},{"taxonomy":"post_tag","embeddable":true,"href":"https:\/\/www2.comunitaria.com.br\/en\/wp-json\/wp\/v2\/tags?post=61866"}],"curies":[{"name":"wp","href":"https:\/\/api.w.org\/{rel}","templated":true}]}}