{"id":61781,"date":"2024-02-29T13:04:29","date_gmt":"2024-02-29T15:04:29","guid":{"rendered":"https:\/\/www2.comunitaria.com.br\/?p=61781"},"modified":"2024-02-29T13:04:29","modified_gmt":"2024-02-29T15:04:29","slug":"governo-do-rs-anuncia-convocacao-de-18-mil-concursados-para-a-seguranca","status":"publish","type":"post","link":"https:\/\/www2.comunitaria.com.br\/en\/governo-do-rs-anuncia-convocacao-de-18-mil-concursados-para-a-seguranca\/","title":{"rendered":"Governo do RS anuncia convoca\u00e7\u00e3o de 1,8 mil concursados para a seguran\u00e7a"},"content":{"rendered":"<div id=\"chunk-ds25q\">\n<div class=\"mc-column content-text active-extra-styles\" data-block-type=\"unstyled\" data-block-weight=\"37\" data-block-id=\"2\">\n<p class=\"content-text__container\" style=\"text-align: justify;\" data-track-category=\"Link no Texto\" data-track-links=\"\">O governo do Rio Grande do Sul anunciou, nesta quarta-feira (28),&nbsp;<span class=\"highlight highlighted\">um cronograma para o chamamento de 1.798 servidores para a seguran\u00e7a p\u00fablica<\/span>. Os novos servidores v\u00e3o ser chamados ao longo de 2024.&nbsp;<em>Veja o calend\u00e1rio abaixo<\/em>.<\/p>\n<\/div>\n<\/div>\n<div class=\"wall protected-content\">\n<div id=\"chunk-7qqtb\">\n<div class=\"mc-column content-text active-extra-styles\" data-block-type=\"unstyled\" data-block-weight=\"25\" data-block-id=\"4\">\n<p class=\"content-text__container\" style=\"text-align: justify;\" data-track-category=\"Link no Texto\" data-track-links=\"\">As corpora\u00e7\u00f5es contempladas s\u00e3o a&nbsp;Brigada Militar (BM), a&nbsp;Pol\u00edcia Civil (PC), a&nbsp;Superintend\u00eancia dos Servi\u00e7os Penitenci\u00e1rios (Susepe)&nbsp;e o&nbsp;Corpo de Bombeiros Militar (CBM).<\/p>\n<div id=\"chunk-81j2e\" style=\"text-align: justify;\">\n<div class=\"mc-column content-text active-extra-styles\" data-block-type=\"unstyled\" data-block-weight=\"20\" data-block-id=\"6\">\n<p class=\"content-text__container\" data-track-category=\"Link no Texto\" data-track-links=\"\">O governo do estado calcula um investimento de R$ 483,2 milh\u00f5es at\u00e9 o fim de 2026 no chamamento dos concursados.<\/p>\n<\/div>\n<\/div>\n<div id=\"chunk-63v5h\">\n<div class=\"mc-column content-text active-extra-styles\" data-block-type=\"unstyled\" data-block-weight=\"28\" data-block-id=\"7\">\n<p class=\"content-text__container\" style=\"text-align: justify;\" data-track-category=\"Link no Texto\" data-track-links=\"\">Segundo o F\u00f3rum Brasileiro de Seguran\u00e7a P\u00fablica, o RS fechou 2023 com&nbsp;17,9 mil policiais militares,&nbsp;5,7 mil policiais civis,&nbsp;5,2 mil policiais penais&nbsp;e&nbsp;2,9 mil bombeiros.<\/p>\n<p style=\"text-align: justify;\" data-track-category=\"Link no Texto\" data-track-links=\"\">O estado tem&nbsp;1,7 PM a cada 1 mil habitantes&nbsp;\u2013&nbsp;<span class=\"highlight highlighted\">n\u00famero inferior \u00e0 m\u00e9dia nacional<\/span>, de 2 agentes a cada milhar. J\u00e1 entre bombeiros (0,3) e policiais civis (0,5), o RS est\u00e1 dentro da m\u00e9dia nacional.<\/p>\n<div id=\"chunk-4iamn\">\n<div class=\"mc-column content-text active-extra-styles\" data-block-type=\"raw\" data-block-weight=\"1\" data-block-id=\"11\">\n<div class=\"content-intertitle\">\n<h2>Cronograma<\/h2>\n<\/div>\n<\/div>\n<\/div>\n<div id=\"chunk-67rem\">\n<div class=\"mc-column content-text active-extra-styles\" data-block-type=\"unstyled\" data-block-weight=\"1\" data-block-id=\"12\">\n<p class=\"content-text__container\" data-track-category=\"Link no Texto\" data-track-links=\"\"><strong>FEVEREIRO<\/strong><\/p>\n<\/div>\n<\/div>\n<div id=\"chunk-djavl\">\n<div class=\"mc-column content-text active-extra-styles\" data-block-type=\"raw\" data-block-weight=\"7\" data-block-id=\"13\">\n<ul class=\"content-unordered-list\">\n<li><strong>Bombeiros:&nbsp;<\/strong>100 soldados (pra\u00e7as)<\/li>\n<li><strong>BM:&nbsp;<\/strong>51 oficiais<\/li>\n<\/ul>\n<\/div>\n<\/div>\n<div id=\"chunk-1hk27\">\n<div class=\"mc-column content-text active-extra-styles\" data-block-type=\"unstyled\" data-block-weight=\"1\" data-block-id=\"14\">\n<p class=\"content-text__container\" data-track-category=\"Link no Texto\" data-track-links=\"\"><strong>MAR\u00c7O<\/strong><\/p>\n<\/div>\n<\/div>\n<div id=\"chunk-98u6o\">\n<div class=\"mc-column content-text active-extra-styles\" data-block-type=\"raw\" data-block-weight=\"12\" data-block-id=\"15\">\n<ul class=\"content-unordered-list\">\n<li><strong>Susepe:<\/strong>&nbsp;144 agentes penitenci\u00e1rios, 113 agentes penitenci\u00e1rios administrativos e 211 t\u00e9cnicos superiores<\/li>\n<\/ul>\n<\/div>\n<\/div>\n<div id=\"chunk-ekke0\">\n<div class=\"mc-column content-text active-extra-styles\" data-block-type=\"unstyled\" data-block-weight=\"1\" data-block-id=\"16\">\n<p class=\"content-text__container\" data-track-category=\"Link no Texto\" data-track-links=\"\"><strong>ABRIL<\/strong><\/p>\n<\/div>\n<\/div>\n<div id=\"chunk-8205e\">\n<div class=\"mc-column content-text active-extra-styles\" data-block-type=\"raw\" data-block-weight=\"3\" data-block-id=\"17\">\n<ul class=\"content-unordered-list\">\n<li><strong>BM:&nbsp;<\/strong>550 soldados<\/li>\n<\/ul>\n<\/div>\n<\/div>\n<div id=\"chunk-5df1i\">\n<div class=\"mc-column content-text active-extra-styles\" data-block-type=\"unstyled\" data-block-weight=\"1\" data-block-id=\"18\">\n<p class=\"content-text__container\" data-track-category=\"Link no Texto\" data-track-links=\"\"><strong>AGOSTO<\/strong><\/p>\n<\/div>\n<\/div>\n<div id=\"chunk-7vavo\">\n<div class=\"mc-column content-text active-extra-styles\" data-block-type=\"raw\" data-block-weight=\"6\" data-block-id=\"19\">\n<ul class=\"content-unordered-list\">\n<li><strong>PC:&nbsp;<\/strong>42 delegados<\/li>\n<li><strong>Bombeiros:<\/strong>&nbsp;20 oficiais<\/li>\n<\/ul>\n<\/div>\n<\/div>\n<div id=\"chunk-2ajrb\">\n<div class=\"mc-column content-text active-extra-styles\" data-block-type=\"unstyled\" data-block-weight=\"1\" data-block-id=\"20\">\n<p class=\"content-text__container\" data-track-category=\"Link no Texto\" data-track-links=\"\"><strong>OUTUBRO<\/strong><\/p>\n<\/div>\n<\/div>\n<div id=\"chunk-f0tgc\">\n<div class=\"mc-column content-text active-extra-styles\" data-block-type=\"raw\" data-block-weight=\"3\" data-block-id=\"21\">\n<ul class=\"content-unordered-list\">\n<li><strong>BM:&nbsp;<\/strong>567 soldados<\/li>\n<\/ul>\n<\/div>\n<\/div>\n<\/div>\n<\/div>\n<\/div>\n<\/div>\n<\/div>\n<p>&nbsp;<\/p>\n<p>&nbsp;<\/p>\n<p><em>Fonte: G1 RS<\/em><\/p>","protected":false},"excerpt":{"rendered":"<p>O governo do Rio Grande do Sul anunciou, nesta quarta-feira (28),&nbsp;um cronograma para o chamamento de 1.798 servidores para a seguran\u00e7a p\u00fablica. Os novos servidores v\u00e3o ser chamados ao longo&#8230;<\/p>","protected":false},"author":2,"featured_media":61782,"comment_status":"closed","ping_status":"closed","sticky":false,"template":"","format":"standard","meta":{"ngg_post_thumbnail":0,"footnotes":""},"categories":[28,33],"tags":[],"class_list":["post-61781","post","type-post","status-publish","format-standard","has-post-thumbnail","hentry","category-destaque","category-noticias"],"amp_enabled":true,"_links":{"self":[{"href":"https:\/\/www2.comunitaria.com.br\/en\/wp-json\/wp\/v2\/posts\/61781","targetHints":{"allow":["GET"]}}],"collection":[{"href":"https:\/\/www2.comunitaria.com.br\/en\/wp-json\/wp\/v2\/posts"}],"about":[{"href":"https:\/\/www2.comunitaria.com.br\/en\/wp-json\/wp\/v2\/types\/post"}],"author":[{"embeddable":true,"href":"https:\/\/www2.comunitaria.com.br\/en\/wp-json\/wp\/v2\/users\/2"}],"replies":[{"embeddable":true,"href":"https:\/\/www2.comunitaria.com.br\/en\/wp-json\/wp\/v2\/comments?post=61781"}],"version-history":[{"count":0,"href":"https:\/\/www2.comunitaria.com.br\/en\/wp-json\/wp\/v2\/posts\/61781\/revisions"}],"wp:featuredmedia":[{"embeddable":true,"href":"https:\/\/www2.comunitaria.com.br\/en\/wp-json\/wp\/v2\/media\/61782"}],"wp:attachment":[{"href":"https:\/\/www2.comunitaria.com.br\/en\/wp-json\/wp\/v2\/media?parent=61781"}],"wp:term":[{"taxonomy":"category","embeddable":true,"href":"https:\/\/www2.comunitaria.com.br\/en\/wp-json\/wp\/v2\/categories?post=61781"},{"taxonomy":"post_tag","embeddable":true,"href":"https:\/\/www2.comunitaria.com.br\/en\/wp-json\/wp\/v2\/tags?post=61781"}],"curies":[{"name":"wp","href":"https:\/\/api.w.org\/{rel}","templated":true}]}}