{"id":61710,"date":"2024-02-19T15:23:16","date_gmt":"2024-02-19T17:23:16","guid":{"rendered":"https:\/\/www2.comunitaria.com.br\/?p=61710"},"modified":"2024-02-19T15:39:32","modified_gmt":"2024-02-19T17:39:32","slug":"tres-pessoas-sao-presas-com-15-toneladas-de-fumo-contrabandeado-em-tiradentes-do-sul","status":"publish","type":"post","link":"https:\/\/www2.comunitaria.com.br\/en\/tres-pessoas-sao-presas-com-15-toneladas-de-fumo-contrabandeado-em-tiradentes-do-sul\/","title":{"rendered":"Tr\u00eas pessoas s\u00e3o presas com 15 toneladas de fumo contrabandeado em Tiradentes do Sul"},"content":{"rendered":"<p>Policiais militares do 7\u00b0BPM e do 3\u00b0 Batalh\u00e3o de Policiamento de Choque, durante Opera\u00e7\u00e3o Protetor de Divisas e Fronteiras, prenderam tr\u00eas indiv\u00edduos, na manh\u00e3 deste domingo, pelo crime de descaminho, na localidade de Bom Retiro, em Tiradentes do Sul.<\/p>\n<p>V\u00e1rios indiv\u00edduos foram visualizados em um porto clandestino fazendo o carregamento de dois caminh\u00f5es, e tr\u00eas homens foram identificados.<\/p>\n<p>Os caminh\u00f5es estavam carregados com 15 toneladas de fumo de origem estrangeira. Os ve\u00edculos, juntamente com a mercadoria, foram apreendidos. Ainda foram encontrados&nbsp;seis smartphones, uma quantia em dinheiro e um r\u00e1dio. Os homens foram presos e encaminhados at\u00e9 a Pol\u00edcia Federal de Santo \u00c2ngelo.<\/p>\n<p>O 7\u00ba BPM estima que o preju\u00edzo total ao crime foi de mais de R$ 652 mil.<\/p>","protected":false},"excerpt":{"rendered":"<p>Policiais militares do 7\u00b0BPM e do 3\u00b0 Batalh\u00e3o de Policiamento de Choque, durante Opera\u00e7\u00e3o Protetor de Divisas e Fronteiras, prenderam tr\u00eas indiv\u00edduos, na manh\u00e3 deste domingo, pelo crime de descaminho,&#8230;<\/p>","protected":false},"author":2,"featured_media":61711,"comment_status":"closed","ping_status":"closed","sticky":false,"template":"","format":"standard","meta":{"ngg_post_thumbnail":0,"footnotes":""},"categories":[33],"tags":[],"class_list":["post-61710","post","type-post","status-publish","format-standard","has-post-thumbnail","hentry","category-noticias"],"amp_enabled":true,"_links":{"self":[{"href":"https:\/\/www2.comunitaria.com.br\/en\/wp-json\/wp\/v2\/posts\/61710","targetHints":{"allow":["GET"]}}],"collection":[{"href":"https:\/\/www2.comunitaria.com.br\/en\/wp-json\/wp\/v2\/posts"}],"about":[{"href":"https:\/\/www2.comunitaria.com.br\/en\/wp-json\/wp\/v2\/types\/post"}],"author":[{"embeddable":true,"href":"https:\/\/www2.comunitaria.com.br\/en\/wp-json\/wp\/v2\/users\/2"}],"replies":[{"embeddable":true,"href":"https:\/\/www2.comunitaria.com.br\/en\/wp-json\/wp\/v2\/comments?post=61710"}],"version-history":[{"count":0,"href":"https:\/\/www2.comunitaria.com.br\/en\/wp-json\/wp\/v2\/posts\/61710\/revisions"}],"wp:featuredmedia":[{"embeddable":true,"href":"https:\/\/www2.comunitaria.com.br\/en\/wp-json\/wp\/v2\/media\/61711"}],"wp:attachment":[{"href":"https:\/\/www2.comunitaria.com.br\/en\/wp-json\/wp\/v2\/media?parent=61710"}],"wp:term":[{"taxonomy":"category","embeddable":true,"href":"https:\/\/www2.comunitaria.com.br\/en\/wp-json\/wp\/v2\/categories?post=61710"},{"taxonomy":"post_tag","embeddable":true,"href":"https:\/\/www2.comunitaria.com.br\/en\/wp-json\/wp\/v2\/tags?post=61710"}],"curies":[{"name":"wp","href":"https:\/\/api.w.org\/{rel}","templated":true}]}}