{"id":61676,"date":"2024-02-08T16:45:38","date_gmt":"2024-02-08T18:45:38","guid":{"rendered":"https:\/\/www2.comunitaria.com.br\/?p=61676"},"modified":"2024-02-08T16:45:38","modified_gmt":"2024-02-08T18:45:38","slug":"janeiro-foi-mes-mais-quente-ja-registrado-no-mundo-afirmam-cientistas","status":"publish","type":"post","link":"https:\/\/www2.comunitaria.com.br\/en\/janeiro-foi-mes-mais-quente-ja-registrado-no-mundo-afirmam-cientistas\/","title":{"rendered":"Janeiro foi m\u00eas mais quente j\u00e1 registrado no mundo, afirmam cientistas"},"content":{"rendered":"<p style=\"text-align: justify;\">O mundo acaba de ter o janeiro mais quente j\u00e1 registrado, dando continuidade a uma onda&nbsp;de calor alimentada&nbsp;pelas mudan\u00e7as clim\u00e1ticas, informou o Servi\u00e7o de Mudan\u00e7as Clim\u00e1ticas Copernicus (C3S), da Uni\u00e3o Europeia, nesta quinta-feira (8).<img decoding=\"async\" src=\"https:\/\/agenciabrasil.ebc.com.br\/ebc.png?id=1580217&amp;o=node\"><img decoding=\"async\" src=\"https:\/\/agenciabrasil.ebc.com.br\/ebc.gif?id=1580217&amp;o=node\"><\/p>\n<p style=\"text-align: justify;\">O m\u00eas passado superou o janeiro anterior mais quente, que ocorreu em 2020, nos registros do C3S desde 1950.<\/p>\n<p style=\"text-align: justify;\">O m\u00eas excepcional ocorreu depois que 2023 foi classificado como o ano mais quente do planeta em registros globais que remontam a 1850, em meio a mudan\u00e7as clim\u00e1ticas causadas pelo homem e o fen\u00f4meno clim\u00e1tico El Ni\u00f1o. O fen\u00f4meno&nbsp;aquece as \u00e1guas superficiais no leste do Oceano Pac\u00edfico, elevando as temperaturas.<\/p>\n<p style=\"text-align: justify;\">Todos os meses, desde junho, foram os mais quentes j\u00e1 notificados&nbsp;no mundo, em compara\u00e7\u00e3o com o mesmo per\u00edodo&nbsp;dos anos anteriores.<\/p>\n<p style=\"text-align: justify;\">&#8220;Al\u00e9m de ser o janeiro mais quente, tamb\u00e9m acabamos de passar por um per\u00edodo de 12 meses com mais de 1,5\u00b0C acima do per\u00edodo de refer\u00eancia pr\u00e9-industrial&#8221;, disse Samantha Burgess, diretora adjunta do C3S.<\/p>\n<p style=\"text-align: justify;\">&#8220;As redu\u00e7\u00f5es r\u00e1pidas nas emiss\u00f5es de gases de efeito estufa s\u00e3o a \u00fanica maneira de impedir o aumento das temperaturas globais&#8221;, afirmou.<\/p>\n<p style=\"text-align: justify;\">Cientistas norte-americanos afirmaram que 2024 tem uma chance em tr\u00eas de ser ainda mais quente do que o ano passado e 99% de chance de estar entre os cinco anos mais quentes.<\/p>\n<p style=\"text-align: justify;\">O fen\u00f4meno El Ni\u00f1o come\u00e7ou a enfraquecer no m\u00eas passado, e os cientistas indicaram que ele poderia mudar para a contrapartida&nbsp;mais fria, La Ni\u00f1a, este ano. Ainda assim, as temperaturas m\u00e9dias globais da superf\u00edcie do mar no m\u00eas passado foram as mais altas de todos os meses de janeiro.<\/p>\n<p style=\"text-align: justify;\">Os pa\u00edses acertaram, no Acordo de Paris de 2015, tentar impedir que o aquecimento global ultrapasse 1,5 grau Celsius, para evitar que desencadeie consequ\u00eancias mais graves e irrevers\u00edveis.<\/p>\n<p style=\"text-align: justify;\">Apesar de ter ultrapassado 1,5\u00baC em um per\u00edodo de 12 meses, o mundo ainda n\u00e3o violou a meta do Acordo de Paris, que se refere \u00e0 temperatura m\u00e9dia global ao longo de d\u00e9cadas.<\/p>\n<p>&nbsp;<\/p>\n<p><em>Fonte: Ag\u00eancia Brasil.<\/em><\/p>","protected":false},"excerpt":{"rendered":"<p>O mundo acaba de ter o janeiro mais quente j\u00e1 registrado, dando continuidade a uma onda&nbsp;de calor alimentada&nbsp;pelas mudan\u00e7as clim\u00e1ticas, informou o Servi\u00e7o de Mudan\u00e7as Clim\u00e1ticas Copernicus (C3S), da Uni\u00e3o&#8230;<\/p>","protected":false},"author":2,"featured_media":61677,"comment_status":"closed","ping_status":"closed","sticky":false,"template":"","format":"standard","meta":{"ngg_post_thumbnail":0,"footnotes":""},"categories":[33],"tags":[],"class_list":["post-61676","post","type-post","status-publish","format-standard","has-post-thumbnail","hentry","category-noticias"],"amp_enabled":true,"_links":{"self":[{"href":"https:\/\/www2.comunitaria.com.br\/en\/wp-json\/wp\/v2\/posts\/61676","targetHints":{"allow":["GET"]}}],"collection":[{"href":"https:\/\/www2.comunitaria.com.br\/en\/wp-json\/wp\/v2\/posts"}],"about":[{"href":"https:\/\/www2.comunitaria.com.br\/en\/wp-json\/wp\/v2\/types\/post"}],"author":[{"embeddable":true,"href":"https:\/\/www2.comunitaria.com.br\/en\/wp-json\/wp\/v2\/users\/2"}],"replies":[{"embeddable":true,"href":"https:\/\/www2.comunitaria.com.br\/en\/wp-json\/wp\/v2\/comments?post=61676"}],"version-history":[{"count":0,"href":"https:\/\/www2.comunitaria.com.br\/en\/wp-json\/wp\/v2\/posts\/61676\/revisions"}],"wp:featuredmedia":[{"embeddable":true,"href":"https:\/\/www2.comunitaria.com.br\/en\/wp-json\/wp\/v2\/media\/61677"}],"wp:attachment":[{"href":"https:\/\/www2.comunitaria.com.br\/en\/wp-json\/wp\/v2\/media?parent=61676"}],"wp:term":[{"taxonomy":"category","embeddable":true,"href":"https:\/\/www2.comunitaria.com.br\/en\/wp-json\/wp\/v2\/categories?post=61676"},{"taxonomy":"post_tag","embeddable":true,"href":"https:\/\/www2.comunitaria.com.br\/en\/wp-json\/wp\/v2\/tags?post=61676"}],"curies":[{"name":"wp","href":"https:\/\/api.w.org\/{rel}","templated":true}]}}