{"id":61588,"date":"2024-01-30T16:52:18","date_gmt":"2024-01-30T18:52:18","guid":{"rendered":"https:\/\/www2.comunitaria.com.br\/?p=61588"},"modified":"2024-01-30T16:52:55","modified_gmt":"2024-01-30T18:52:55","slug":"resultado-da-primeira-chamada-do-sisu-e-publicada","status":"publish","type":"post","link":"https:\/\/www2.comunitaria.com.br\/en\/resultado-da-primeira-chamada-do-sisu-e-publicada\/","title":{"rendered":"Resultado da primeira chamada do Sisu \u00e9 publicada"},"content":{"rendered":"<p style=\"text-align: justify;\">O Minist\u00e9rio da Educa\u00e7\u00e3o divulgou nesta ter\u00e7a-feira (30) o resultado da primeira chamada do processo seletivo 2024 do Sistema de Sele\u00e7\u00e3o Unificada (Sisu). Os candidatos podem conferir&nbsp;se foram aprovados&nbsp;no&nbsp;<a href=\"https:\/\/acessounico.mec.gov.br\/sisu\" target=\"_blank\" rel=\"noopener\">Portal \u00danico de Acesso ao Ensino Superior<\/a>.<img decoding=\"async\" src=\"https:\/\/agenciabrasil.ebc.com.br\/ebc.png?id=1578530&amp;o=node\"><img decoding=\"async\" src=\"https:\/\/agenciabrasil.ebc.com.br\/ebc.gif?id=1578530&amp;o=node\"><\/p>\n<p style=\"text-align: justify;\">\u00c9 pelo Sisu que \u00e9 feita a sele\u00e7\u00e3o dos estudantes para as vagas ofertadas por institui\u00e7\u00f5es p\u00fablicas de ensino superior de todo pa\u00eds, tendo por base a nota obtida no Exame Nacional do Ensino M\u00e9dio (Enem).<\/p>\n<p style=\"text-align: justify;\">A lista considera o limite da oferta das vagas&nbsp;por curso e modalidade de concorr\u00eancia, de acordo com as escolhas dos candidatos inscritos e o perfil socioecon\u00f4mico para Lei de Cotas. Este ano s\u00e3o ofertadas 264.360 vagas, distribu\u00eddas entre as 127 institui\u00e7\u00f5es de educa\u00e7\u00e3o superior participantes do programa. As matr\u00edculas t\u00eam in\u00edcio na quinta-feira (1\u00ba).<\/p>\n<p style=\"text-align: justify;\">O resultado divulgado hoje servir\u00e1 para vagas em cursos com in\u00edcio das aulas previsto para o primeiro e o segundo semestres deste ano. Com a divulga\u00e7\u00e3o da lista, tem in\u00edcio o per\u00edodo de manifesta\u00e7\u00e3o de interesse pela lista de espera, por candidatos n\u00e3o classificados, at\u00e9 o dia 7 de fevereiro. As vagas remanescentes poder\u00e3o ser preenchidas ao longo de todo o ano.<\/p>\n<p>&nbsp;<\/p>\n<p><em>Fonte: Ag\u00eancia&nbsp;Brasil.<\/em><\/p>","protected":false},"excerpt":{"rendered":"<p>O Minist\u00e9rio da Educa\u00e7\u00e3o divulgou nesta ter\u00e7a-feira (30) o resultado da primeira chamada do processo seletivo 2024 do Sistema de Sele\u00e7\u00e3o Unificada (Sisu). Os candidatos podem conferir&nbsp;se foram aprovados&nbsp;no&nbsp;Portal \u00danico de Acesso ao Ensino Superior. \u00c9 pelo Sisu que \u00e9 feita a sele\u00e7\u00e3o dos estudantes para as vagas ofertadas por institui\u00e7\u00f5es p\u00fablicas de ensino superior<\/p>\n<div class=\"read-more-wrapper\"><a class=\"read-more\" href=\"https:\/\/www2.comunitaria.com.br\/en\/resultado-da-primeira-chamada-do-sisu-e-publicada\/\" title=\"Read More\"> <span class=\"button\">Read More<\/span><\/a><\/div>","protected":false},"author":2,"featured_media":61590,"comment_status":"closed","ping_status":"closed","sticky":false,"template":"","format":"standard","meta":{"ngg_post_thumbnail":0,"footnotes":""},"categories":[33],"tags":[],"class_list":["post-61588","post","type-post","status-publish","format-standard","has-post-thumbnail","hentry","category-noticias"],"amp_enabled":true,"_links":{"self":[{"href":"https:\/\/www2.comunitaria.com.br\/en\/wp-json\/wp\/v2\/posts\/61588","targetHints":{"allow":["GET"]}}],"collection":[{"href":"https:\/\/www2.comunitaria.com.br\/en\/wp-json\/wp\/v2\/posts"}],"about":[{"href":"https:\/\/www2.comunitaria.com.br\/en\/wp-json\/wp\/v2\/types\/post"}],"author":[{"embeddable":true,"href":"https:\/\/www2.comunitaria.com.br\/en\/wp-json\/wp\/v2\/users\/2"}],"replies":[{"embeddable":true,"href":"https:\/\/www2.comunitaria.com.br\/en\/wp-json\/wp\/v2\/comments?post=61588"}],"version-history":[{"count":0,"href":"https:\/\/www2.comunitaria.com.br\/en\/wp-json\/wp\/v2\/posts\/61588\/revisions"}],"wp:featuredmedia":[{"embeddable":true,"href":"https:\/\/www2.comunitaria.com.br\/en\/wp-json\/wp\/v2\/media\/61590"}],"wp:attachment":[{"href":"https:\/\/www2.comunitaria.com.br\/en\/wp-json\/wp\/v2\/media?parent=61588"}],"wp:term":[{"taxonomy":"category","embeddable":true,"href":"https:\/\/www2.comunitaria.com.br\/en\/wp-json\/wp\/v2\/categories?post=61588"},{"taxonomy":"post_tag","embeddable":true,"href":"https:\/\/www2.comunitaria.com.br\/en\/wp-json\/wp\/v2\/tags?post=61588"}],"curies":[{"name":"wp","href":"https:\/\/api.w.org\/{rel}","templated":true}]}}