{"id":61262,"date":"2024-01-03T17:09:51","date_gmt":"2024-01-03T19:09:51","guid":{"rendered":"https:\/\/www2.comunitaria.com.br\/?p=61262"},"modified":"2024-01-03T17:10:12","modified_gmt":"2024-01-03T19:10:12","slug":"numero-de-profissionais-que-atuam-no-mais-medicos-aumenta-105-em-20","status":"publish","type":"post","link":"https:\/\/www2.comunitaria.com.br\/en\/numero-de-profissionais-que-atuam-no-mais-medicos-aumenta-105-em-20\/","title":{"rendered":"N\u00famero de profissionais que atuam no Mais M\u00e9dicos aumenta 105% em 2023"},"content":{"rendered":"<p style=\"text-align: justify;\">Balan\u00e7o do Minist\u00e9rio da Sa\u00fade indica que o programa Mais M\u00e9dicos registrou aumento de 105% no n\u00famero&nbsp;de profissionais atuando em 2023. Com 28,2 mil vagas preenchidas em 82% do territ\u00f3rio nacional, 86 milh\u00f5es de pessoas, segundo a pasta, foram beneficiadas pelo programa. Ao longo desse per\u00edodo, 744 novos munic\u00edpios passaram a ser atendidos.&nbsp;<img decoding=\"async\" src=\"https:\/\/agenciabrasil.ebc.com.br\/ebc.png?id=1575012&amp;o=node\"><img decoding=\"async\" src=\"https:\/\/agenciabrasil.ebc.com.br\/ebc.gif?id=1575012&amp;o=node\"><\/p>\n<p style=\"text-align: justify;\">Os n\u00fameros mostram ainda que todos os 34 distritos sanit\u00e1rios ind\u00edgenas foram integrados ao Mais M\u00e9dicos. \u201cUm avan\u00e7o importante diante da desassist\u00eancia enfrentada por essa popula\u00e7\u00e3o nos \u00faltimos anos\u201d, avaliou o minist\u00e9rio. No territ\u00f3rio Yanomami, o n\u00famero de profissionais passou de nove para 28. Ao todo, 977 novos profissionais atuam na sa\u00fade ind\u00edgena.&nbsp;<\/p>\n<p style=\"text-align: justify;\">Ainda segundo a pasta, 41% dos participantes desistiram do programa em edi\u00e7\u00f5es anteriores, \u201cpor falta de perspectiva profissional\u201d. \u201cA partir da retomada, em 2023, o Mais M\u00e9dicos trouxe aos profissionais oportunidade de qualifica\u00e7\u00e3o e aperfei\u00e7oamento, al\u00e9m de incentivos e benef\u00edcios\u201d. &nbsp;<\/p>\n<p style=\"text-align: justify;\">O Mais M\u00e9dicos \u00e9 classificado pelo governo federal como uma grande estrat\u00e9gia nacional para a forma\u00e7\u00e3o de especialistas. A expectativa \u00e9 que, nos pr\u00f3ximos anos, cada equipe de sa\u00fade da fam\u00edlia passe a contar com um especialista. Atualmente, o pa\u00eds registra mais de 50 mil equipes de sa\u00fade da fam\u00edlia e mais de 10 mil m\u00e9dicos de fam\u00edlia e comunidade.<\/p>\n<p>&nbsp;<\/p>\n<p><em>Fonte: Ag\u00eancia Brasil.<\/em><\/p>","protected":false},"excerpt":{"rendered":"<p>Balan\u00e7o do Minist\u00e9rio da Sa\u00fade indica que o programa Mais M\u00e9dicos registrou aumento de 105% no n\u00famero&nbsp;de profissionais atuando em 2023. Com 28,2 mil vagas preenchidas em 82% do territ\u00f3rio nacional, 86 milh\u00f5es de pessoas, segundo a pasta, foram beneficiadas pelo programa. Ao longo desse per\u00edodo, 744 novos munic\u00edpios passaram a ser atendidos.&nbsp; Os n\u00fameros<\/p>\n<div class=\"read-more-wrapper\"><a class=\"read-more\" href=\"https:\/\/www2.comunitaria.com.br\/en\/numero-de-profissionais-que-atuam-no-mais-medicos-aumenta-105-em-20\/\" title=\"Read More\"> <span class=\"button\">Read More<\/span><\/a><\/div>","protected":false},"author":2,"featured_media":58439,"comment_status":"closed","ping_status":"closed","sticky":false,"template":"","format":"standard","meta":{"ngg_post_thumbnail":0,"footnotes":""},"categories":[33],"tags":[],"class_list":["post-61262","post","type-post","status-publish","format-standard","has-post-thumbnail","hentry","category-noticias"],"amp_enabled":true,"_links":{"self":[{"href":"https:\/\/www2.comunitaria.com.br\/en\/wp-json\/wp\/v2\/posts\/61262","targetHints":{"allow":["GET"]}}],"collection":[{"href":"https:\/\/www2.comunitaria.com.br\/en\/wp-json\/wp\/v2\/posts"}],"about":[{"href":"https:\/\/www2.comunitaria.com.br\/en\/wp-json\/wp\/v2\/types\/post"}],"author":[{"embeddable":true,"href":"https:\/\/www2.comunitaria.com.br\/en\/wp-json\/wp\/v2\/users\/2"}],"replies":[{"embeddable":true,"href":"https:\/\/www2.comunitaria.com.br\/en\/wp-json\/wp\/v2\/comments?post=61262"}],"version-history":[{"count":0,"href":"https:\/\/www2.comunitaria.com.br\/en\/wp-json\/wp\/v2\/posts\/61262\/revisions"}],"wp:featuredmedia":[{"embeddable":true,"href":"https:\/\/www2.comunitaria.com.br\/en\/wp-json\/wp\/v2\/media\/58439"}],"wp:attachment":[{"href":"https:\/\/www2.comunitaria.com.br\/en\/wp-json\/wp\/v2\/media?parent=61262"}],"wp:term":[{"taxonomy":"category","embeddable":true,"href":"https:\/\/www2.comunitaria.com.br\/en\/wp-json\/wp\/v2\/categories?post=61262"},{"taxonomy":"post_tag","embeddable":true,"href":"https:\/\/www2.comunitaria.com.br\/en\/wp-json\/wp\/v2\/tags?post=61262"}],"curies":[{"name":"wp","href":"https:\/\/api.w.org\/{rel}","templated":true}]}}