{"id":60971,"date":"2023-12-06T16:55:26","date_gmt":"2023-12-06T18:55:26","guid":{"rendered":"https:\/\/www2.comunitaria.com.br\/?p=60971"},"modified":"2023-12-06T16:55:26","modified_gmt":"2023-12-06T18:55:26","slug":"ipva-2024-caira-no-rs-apos-dois-anos-de-alta-forte","status":"publish","type":"post","link":"https:\/\/www2.comunitaria.com.br\/en\/ipva-2024-caira-no-rs-apos-dois-anos-de-alta-forte\/","title":{"rendered":"IPVA 2024 cair\u00e1 no RS ap\u00f3s dois anos de alta forte"},"content":{"rendered":"<div class=\"article-paragraph\">\n<p style=\"text-align: justify;\">Imposto cobrado de donos de ve\u00edculos todos os anos, o valor a ser pago de<a href=\"https:\/\/gauchazh.clicrbs.com.br\/ultimas-noticias\/tag\/ipva\/\">&nbsp;<strong>IPVA<\/strong>&nbsp;<\/a>do Rio Grande do Sul ter\u00e1&nbsp;<strong>uma redu\u00e7\u00e3o m\u00e9dia de 3,27% para 2024.&nbsp;<\/strong>O percentual \u00e9 definido pela tabela Fipe, que traz as m\u00e9dias a partir dos pre\u00e7os registrados no mercado de compra e venda.<\/p>\n<\/div>\n<div class=\"article-paragraph\">\n<p style=\"text-align: justify;\">\u00c9 uma redu\u00e7\u00e3o pequena, mas \u00e9 uma queda em um per\u00edodo com&nbsp;<strong>infla\u00e7\u00e3o de 3,56% em Porto Alegre<\/strong>, por exemplo. Ela vem, ainda, na sequ\u00eancia de duas eleva\u00e7\u00f5es fortes, de 22,3% em 2022 e de 9,98% em 2023.&nbsp;<\/p>\n<div class=\"article-paragraph\" style=\"text-align: justify;\">\n<p>Os percentuais da<a href=\"https:\/\/gauchazh.clicrbs.com.br\/ultimas-noticias\/tag\/receita-estadual\/\"><strong>&nbsp;tabela Fipe&nbsp;<\/strong><\/a>s\u00e3o m\u00e9dias. A al\u00edquota do Imposto sobre Propriedade de Ve\u00edculo Automotor (IPVA) ser\u00e1 aplicada em cima do pre\u00e7o m\u00e9dio do modelo do ve\u00edculo. A Fipe \u00e9 usada como refer\u00eancia para v\u00e1rios neg\u00f3cios al\u00e9m do c\u00e1lculo do imposto.<strong>&nbsp;Os pre\u00e7os subiram muito ap\u00f3s o auge da pandemia,<\/strong>&nbsp;como consequ\u00eancia da escassez mundial de insumos para fabricar ve\u00edculos, como a\u00e7o, vidro e pl\u00e1stico. O custo do carro novo subiu, puxando o do usado, o que se refletiu na Fipe e, portanto, no IPVA. Agora, houve um ajuste nas mat\u00e9rias-primas, com queda de pre\u00e7os,&nbsp;<strong>puxada tamb\u00e9m pela concorr\u00eancia provocada com a entrada maior dos carros chineses no mercado brasileiro.<\/strong><\/p>\n<\/div>\n<div class=\"article-paragraph\" style=\"text-align: justify;\">\n<p>Em tempo, n\u00e3o h\u00e1 altera\u00e7\u00e3o nas al\u00edquotas de IPVA. Elas seguem as mesmas, mas ser\u00e3o aplicadas em cima de valores menores. Na pr\u00e1tica, claro, cai o&nbsp;<a href=\"https:\/\/gauchazh.clicrbs.com.br\/ultimas-noticias\/tag\/tributo\/\"><strong>valor final a ser pago.<\/strong><\/a>&nbsp;Para carros, no Rio Grande do Sul, aplica-se uma al\u00edquota de 3%; para motocicletas, 2%; e para caminh\u00f5es e \u00f4nibus, 1%.&nbsp;<\/p>\n<\/div>\n<div class=\"article-paragraph\">\n<p style=\"text-align: justify;\">O calend\u00e1rio deve ser divulgado em breve pela Receita Estadual e a Secretaria Estadual da Fazenda (Sefaz-RS), assim como as informa\u00e7\u00f5es sobre os descontos. Para&nbsp;<strong>quem participa do programa Bom Cidad\u00e3o, o abatimento pode alcan\u00e7ar 5% sobre o valor do imposto<\/strong>, considerando o cadastro de 150 notas at\u00e9 o final de outubro. Quem n\u00e3o est\u00e1 no programa, a inscri\u00e7\u00e3o \u00e9 feita pelo site da&nbsp;<a href=\"https:\/\/nfg.sefaz.rs.gov.br\/Cadastro\/CadastroNfg_1.aspx\" target=\"_blank\" rel=\"noopener\"><strong>Nota Fiscal Ga\u00facha (NFG)<\/strong><\/a>. A Fazenda tamb\u00e9m oferece o benef\u00edcio de Bom Motorista, para condutores sem multas registradas nos \u00faltimos anos.&nbsp;<\/p>\n<\/div>\n<\/div>\n<p>&nbsp;<\/p>\n<p><em>Fonte: GZH.<\/em><\/p>","protected":false},"excerpt":{"rendered":"<p>Imposto cobrado de donos de ve\u00edculos todos os anos, o valor a ser pago de&nbsp;IPVA&nbsp;do Rio Grande do Sul ter\u00e1&nbsp;uma redu\u00e7\u00e3o m\u00e9dia de 3,27% para 2024.&nbsp;O percentual \u00e9 definido pela&#8230;<\/p>","protected":false},"author":2,"featured_media":60973,"comment_status":"closed","ping_status":"closed","sticky":false,"template":"","format":"standard","meta":{"ngg_post_thumbnail":0,"footnotes":""},"categories":[33],"tags":[],"class_list":["post-60971","post","type-post","status-publish","format-standard","has-post-thumbnail","hentry","category-noticias"],"amp_enabled":true,"_links":{"self":[{"href":"https:\/\/www2.comunitaria.com.br\/en\/wp-json\/wp\/v2\/posts\/60971","targetHints":{"allow":["GET"]}}],"collection":[{"href":"https:\/\/www2.comunitaria.com.br\/en\/wp-json\/wp\/v2\/posts"}],"about":[{"href":"https:\/\/www2.comunitaria.com.br\/en\/wp-json\/wp\/v2\/types\/post"}],"author":[{"embeddable":true,"href":"https:\/\/www2.comunitaria.com.br\/en\/wp-json\/wp\/v2\/users\/2"}],"replies":[{"embeddable":true,"href":"https:\/\/www2.comunitaria.com.br\/en\/wp-json\/wp\/v2\/comments?post=60971"}],"version-history":[{"count":0,"href":"https:\/\/www2.comunitaria.com.br\/en\/wp-json\/wp\/v2\/posts\/60971\/revisions"}],"wp:featuredmedia":[{"embeddable":true,"href":"https:\/\/www2.comunitaria.com.br\/en\/wp-json\/wp\/v2\/media\/60973"}],"wp:attachment":[{"href":"https:\/\/www2.comunitaria.com.br\/en\/wp-json\/wp\/v2\/media?parent=60971"}],"wp:term":[{"taxonomy":"category","embeddable":true,"href":"https:\/\/www2.comunitaria.com.br\/en\/wp-json\/wp\/v2\/categories?post=60971"},{"taxonomy":"post_tag","embeddable":true,"href":"https:\/\/www2.comunitaria.com.br\/en\/wp-json\/wp\/v2\/tags?post=60971"}],"curies":[{"name":"wp","href":"https:\/\/api.w.org\/{rel}","templated":true}]}}